{"id":75981,"date":"2022-09-16T09:20:58","date_gmt":"2022-09-16T12:20:58","guid":{"rendered":"https:\/\/catolicanet.net\/wp-cnet\/?p=75981"},"modified":"2022-09-16T12:28:01","modified_gmt":"2022-09-16T15:28:01","slug":"grupo-de-assessores-da-cnbb-se-encontrara-no-proximo-dia-20-com-a-tarefa-de-pensar-o-planejamento-2023","status":"publish","type":"post","link":"https:\/\/catolicanet.net\/wp-cnet\/grupo-de-assessores-da-cnbb-se-encontrara-no-proximo-dia-20-com-a-tarefa-de-pensar-o-planejamento-2023\/","title":{"rendered":"GRUPO DE ASSESSORES DA CNBB SE ENCONTRAR\u00c1 NO PR\u00d3XIMO DIA 20 COM A TAREFA DE PENSAR O PLANEJAMENTO 2023"},"content":{"rendered":"<p style=\"text-align: justify;\">No pr\u00f3ximo dia 20 de setembro, ter\u00e7a-feira, das 9h \u00e0s 12h o Grupo de Assessores das comiss\u00f5es episcopais permanentes e especiais da Confer\u00eancia Nacional dos Bispos do Brasil (CNBB) vai se reunir com a tarefa de refletir sobre o Planejamento 2023 e a outras a\u00e7\u00f5es do grupo.<\/p>\n<p style=\"text-align: justify;\">De acordo com o subsecret\u00e1rio-adjunto de pastoral da CNBB, padre Marcus Barbosa Guimar\u00e3es, o grupo vai refletir sobre os seguintes pontos de pauta: projetos e or\u00e7amentos das comiss\u00f5es, S\u00ednodo 2023, futuras diretrizes gerais da a\u00e7\u00e3o evangelizadora da Igreja no Brasil, Assembleia dos Organismos do Povo de Deus, a se realizar em Bras\u00edlia de 14 a 16 de outubro e o encontro com os secret\u00e1rios regionais.<\/p>\n<p style=\"text-align: justify;\">Al\u00e9m destes pontos, cada comiss\u00e3o far\u00e1 um comunicado do que est\u00e1 sendo realizado em seu \u00e2mbito de atua\u00e7\u00e3o, e o grupo pensar\u00e1 o seu planejamento de atividades incluindo o retiro e o calend\u00e1rio 2023. A reuni\u00e3o vai acontecer de modo virtual pela plataforma Zoom.<\/p>\n<p style=\"text-align: justify;\">O GA (Grupo de Assessores) da CNBB \u00e9 composto atualmente por 28 assessores e assessoras das Comiss\u00f5es Episcopais Pastorais permanentes e comiss\u00f5es e grupos especiais da CNBB entre presb\u00edteros, religiosas e leigos e tem a tarefa de subsidiar os bispos que presidem e integram as Comiss\u00f5es da entidade em sua miss\u00e3o espec\u00edfica.<\/p>\n","protected":false},"excerpt":{"rendered":"<p>No pr\u00f3ximo dia 20 de setembro, ter\u00e7a-feira, das 9h \u00e0s 12h o Grupo de Assessores das comiss\u00f5es episcopais permanentes e especiais da Confer\u00eancia Nacional dos Bispos do Brasil (CNBB) vai se reunir com a tarefa de refletir sobre o Planejamento 2023 e a outras a\u00e7\u00f5es do grupo. De acordo com o subsecret\u00e1rio-adjunto de pastoral da [&hellip;]<\/p>\n","protected":false},"author":1,"featured_media":75982,"comment_status":"open","ping_status":"closed","sticky":false,"template":"","format":"standard","meta":{"footnotes":""},"categories":[7,13],"tags":[],"class_list":["post-75981","post","type-post","status-publish","format-standard","has-post-thumbnail","hentry","category-cnbb","category-featured"],"_links":{"self":[{"href":"https:\/\/catolicanet.net\/wp-cnet\/wp-json\/wp\/v2\/posts\/75981","targetHints":{"allow":["GET"]}}],"collection":[{"href":"https:\/\/catolicanet.net\/wp-cnet\/wp-json\/wp\/v2\/posts"}],"about":[{"href":"https:\/\/catolicanet.net\/wp-cnet\/wp-json\/wp\/v2\/types\/post"}],"author":[{"embeddable":true,"href":"https:\/\/catolicanet.net\/wp-cnet\/wp-json\/wp\/v2\/users\/1"}],"replies":[{"embeddable":true,"href":"https:\/\/catolicanet.net\/wp-cnet\/wp-json\/wp\/v2\/comments?post=75981"}],"version-history":[{"count":1,"href":"https:\/\/catolicanet.net\/wp-cnet\/wp-json\/wp\/v2\/posts\/75981\/revisions"}],"predecessor-version":[{"id":75983,"href":"https:\/\/catolicanet.net\/wp-cnet\/wp-json\/wp\/v2\/posts\/75981\/revisions\/75983"}],"wp:featuredmedia":[{"embeddable":true,"href":"https:\/\/catolicanet.net\/wp-cnet\/wp-json\/wp\/v2\/media\/75982"}],"wp:attachment":[{"href":"https:\/\/catolicanet.net\/wp-cnet\/wp-json\/wp\/v2\/media?parent=75981"}],"wp:term":[{"taxonomy":"category","embeddable":true,"href":"https:\/\/catolicanet.net\/wp-cnet\/wp-json\/wp\/v2\/categories?post=75981"},{"taxonomy":"post_tag","embeddable":true,"href":"https:\/\/catolicanet.net\/wp-cnet\/wp-json\/wp\/v2\/tags?post=75981"}],"curies":[{"name":"wp","href":"https:\/\/api.w.org\/{rel}","templated":true}]}}