{"id":75976,"date":"2022-09-16T08:58:54","date_gmt":"2022-09-16T11:58:54","guid":{"rendered":"https:\/\/catolicanet.net\/wp-cnet\/?p=75976"},"modified":"2022-09-16T12:07:09","modified_gmt":"2022-09-16T15:07:09","slug":"mons-akasheh-a-visita-do-papa-ao-cazaquistao-favorecera-a-esperanca","status":"publish","type":"post","link":"https:\/\/catolicanet.net\/wp-cnet\/mons-akasheh-a-visita-do-papa-ao-cazaquistao-favorecera-a-esperanca\/","title":{"rendered":"Mons. Akasheh: a visita do Papa ao Cazaquist\u00e3o favorecer\u00e1 a esperan\u00e7a"},"content":{"rendered":"<figure class=\"article__image\" style=\"text-align: justify;\"><span class=\"didascalia_img\">O Papa Francisco durante o Congresso dos L\u00edderes Religiosos no Cazaquist\u00e3o\u00a0<\/span><\/figure>\n<div class=\"article__meta audioInside\" data-mediatype=\"\">\n<div class=\"article__subTitle\" style=\"text-align: justify;\">O secret\u00e1rio da Comiss\u00e3o para as Rela\u00e7\u00f5es Religiosas com os Mu\u00e7ulmanos do Pontif\u00edcio Conselho para o Di\u00e1logo Inter-religioso, explica a importante contribui\u00e7\u00e3o de Francisco para o Congresso em Nur-Sultan.<\/div>\n<div class=\"title__separator\" style=\"text-align: justify;\"><\/div>\n<div class=\"article__text \">\n<p style=\"text-align: justify;\"><b>Deborah Castellano Lubov &#8211; Nur-Sultan<\/b><\/p>\n<p style=\"text-align: justify;\">A participa\u00e7\u00e3o do Papa Francisco no 7\u00ba Congresso de L\u00edderes de Religi\u00f5es Mundiais e Tradicionais, no Cazaquist\u00e3o, contribuiu significativamente para o trabalho dos l\u00edderes religiosos em todo o mundo.\u00a0<b>Monsenhor Khaled Boutros Akasheh<\/b>,<b>\u00a0secret\u00e1rio da Comiss\u00e3o para as Rela\u00e7\u00f5es Religiosas com os Mu\u00e7ulmanos do Pontif\u00edcio Conselho para o Di\u00e1logo Inter-Religioso<\/b>, no final do evento, ofereceu sua leitura do encontro que buscou raz\u00f5es para n\u00e3o perder a esperan\u00e7a, enquanto a guerra na Ucr\u00e2nia continua, assim como em muitas outras partes do mundo.<\/p>\n<div style=\"text-align: justify;\">\n<div class=\"article__embed article__embed--unwrap article__embed--dark\">\n<div class=\"article__innerTitle\">Ou\u00e7a e compartilhe<\/div>\n<div>\n<!--[if lt IE 9]><script>document.createElement('audio');<\/script><![endif]-->\n<audio class=\"wp-audio-shortcode\" id=\"audio-75976-1\" preload=\"none\" style=\"width: 100%;\" controls=\"controls\"><source type=\"audio\/mpeg\" src=\"https:\/\/media.vaticannews.va\/media\/audio\/s1\/2022\/09\/16\/16\/136715182_F136715182.mp3?_=1\" \/><a href=\"https:\/\/media.vaticannews.va\/media\/audio\/s1\/2022\/09\/16\/16\/136715182_F136715182.mp3\">https:\/\/media.vaticannews.va\/media\/audio\/s1\/2022\/09\/16\/16\/136715182_F136715182.mp3<\/a><\/audio>\n<\/div>\n<\/div>\n<\/div>\n<p style=\"text-align: justify;\">O prelado, falando ao Vatican News, expressou suas impress\u00f5es sobre a import\u00e2ncia da 38\u00aa viagem do Papa que o levou a Nur-Sultan:<\/p>\n<p style=\"text-align: justify;\"><b>Monsenhor Akasheh, como o senhor avalia o resultado da visita do Papa Francisco, que legado o senhor pensa que ter\u00e1?<\/b><\/p>\n<p style=\"text-align: justify;\"><b>Mons. Akasheh:\u00a0<\/b>\u00c9 sup\u00e9rfluo falar de uma visita e de um evento hist\u00f3ricos. Como sempre, o Papa coloca todo o seu cora\u00e7\u00e3o no que faz e no que diz. Eu penso que todos os participantes do Congresso, bem como todos aqueles que o seguiram atrav\u00e9s da televis\u00e3o ou das redes sociais, est\u00e3o convencidos de que Francisco tenha dado uma contribui\u00e7\u00e3o significativa e particularmente hist\u00f3rica a este Congresso. E a nossa esperan\u00e7a, nossa ora\u00e7\u00e3o, \u00e9 que os frutos deste Congresso continuem em benef\u00edcio do pa\u00eds, da regi\u00e3o e de todo o mundo.<\/p>\n<p style=\"text-align: justify;\"><b>Com a guerra na Ucr\u00e2nia como pano de fundo, o senhor pensa que este encontro pode ajudar de alguma forma?<\/b><\/p>\n<p style=\"text-align: justify;\"><b>Mons. Akasheh:\u00a0<\/b>A presen\u00e7a do representante do Patriarcado ortodoxo russo, o Metropolita Antonij, \u00e9 um sinal de esperan\u00e7a. Tive a oportunidade de conversar com ele, e ele est\u00e1 confiante. Estamos confiantes. Obviamente, se a guerra continuar, isso significa complica\u00e7\u00f5es. Mas nossa esperan\u00e7a deve ser mais forte que nossa ang\u00fastia.<\/p>\n<p style=\"text-align: justify;\"><b>No final do Congresso, a forte Declara\u00e7\u00e3o Final foi lida pelos l\u00edderes religiosos. Que import\u00e2ncia dever\u00e1 ter no futuro? Como dever\u00e1 ser usada? Quais s\u00e3o os elementos que mais o impressionam?<\/b><\/p>\n<p style=\"text-align: justify;\"><b>Mons. Akasheh:\u00a0<\/b>Eu diria que s\u00e3o os que o Papa Francisco insistiu: paz, fraternidade e, eu diria, at\u00e9 mesmo perd\u00e3o e compreens\u00e3o, valores necess\u00e1rios, neste momento particular, para superar as dificuldades e restaurar a confian\u00e7a e a paz, n\u00e3o apenas entre a R\u00fassia e a Ucr\u00e2nia, mas tamb\u00e9m em outros conflitos ainda em andamento em nosso mundo.<\/p>\n<\/div>\n<\/div>\n","protected":false},"excerpt":{"rendered":"<p>O Papa Francisco durante o Congresso dos L\u00edderes Religiosos no Cazaquist\u00e3o\u00a0 O secret\u00e1rio da Comiss\u00e3o para as Rela\u00e7\u00f5es Religiosas com os Mu\u00e7ulmanos do Pontif\u00edcio Conselho para o Di\u00e1logo Inter-religioso, explica a importante contribui\u00e7\u00e3o de Francisco para o Congresso em Nur-Sultan. Deborah Castellano Lubov &#8211; Nur-Sultan A participa\u00e7\u00e3o do Papa Francisco no 7\u00ba Congresso de L\u00edderes [&hellip;]<\/p>\n","protected":false},"author":1,"featured_media":75977,"comment_status":"open","ping_status":"closed","sticky":false,"template":"","format":"standard","meta":{"footnotes":""},"categories":[3],"tags":[],"class_list":["post-75976","post","type-post","status-publish","format-standard","has-post-thumbnail","hentry","category-vaticano"],"_links":{"self":[{"href":"https:\/\/catolicanet.net\/wp-cnet\/wp-json\/wp\/v2\/posts\/75976","targetHints":{"allow":["GET"]}}],"collection":[{"href":"https:\/\/catolicanet.net\/wp-cnet\/wp-json\/wp\/v2\/posts"}],"about":[{"href":"https:\/\/catolicanet.net\/wp-cnet\/wp-json\/wp\/v2\/types\/post"}],"author":[{"embeddable":true,"href":"https:\/\/catolicanet.net\/wp-cnet\/wp-json\/wp\/v2\/users\/1"}],"replies":[{"embeddable":true,"href":"https:\/\/catolicanet.net\/wp-cnet\/wp-json\/wp\/v2\/comments?post=75976"}],"version-history":[{"count":1,"href":"https:\/\/catolicanet.net\/wp-cnet\/wp-json\/wp\/v2\/posts\/75976\/revisions"}],"predecessor-version":[{"id":75978,"href":"https:\/\/catolicanet.net\/wp-cnet\/wp-json\/wp\/v2\/posts\/75976\/revisions\/75978"}],"wp:featuredmedia":[{"embeddable":true,"href":"https:\/\/catolicanet.net\/wp-cnet\/wp-json\/wp\/v2\/media\/75977"}],"wp:attachment":[{"href":"https:\/\/catolicanet.net\/wp-cnet\/wp-json\/wp\/v2\/media?parent=75976"}],"wp:term":[{"taxonomy":"category","embeddable":true,"href":"https:\/\/catolicanet.net\/wp-cnet\/wp-json\/wp\/v2\/categories?post=75976"},{"taxonomy":"post_tag","embeddable":true,"href":"https:\/\/catolicanet.net\/wp-cnet\/wp-json\/wp\/v2\/tags?post=75976"}],"curies":[{"name":"wp","href":"https:\/\/api.w.org\/{rel}","templated":true}]}}