{"id":75972,"date":"2022-09-16T08:53:32","date_gmt":"2022-09-16T11:53:32","guid":{"rendered":"https:\/\/catolicanet.net\/wp-cnet\/?p=75972"},"modified":"2022-09-16T11:57:39","modified_gmt":"2022-09-16T14:57:39","slug":"o-papa-aos-cistercienses-na-igreja-todos-os-carismas-sao-para-evangelizacao-do-povo","status":"publish","type":"post","link":"https:\/\/catolicanet.net\/wp-cnet\/o-papa-aos-cistercienses-na-igreja-todos-os-carismas-sao-para-evangelizacao-do-povo\/","title":{"rendered":"O Papa aos Cistercienses: na Igreja, todos os carismas s\u00e3o para evangeliza\u00e7\u00e3o do povo"},"content":{"rendered":"<p>Audi\u00eancia do Papa aos participantes do Cap\u00edtulo Geral dos C\u00edstercienses Trapistas<\/p>\n<div class=\"article__subTitle\" style=\"text-align: justify;\">N\u00e3o h\u00e1 carismas que sejam mission\u00e1rios e outros que n\u00e3o o sejam. Todos os carismas, enquanto dados \u00e0 Igreja, s\u00e3o para a evangeliza\u00e7\u00e3o do povo; claro que de maneiras diferentes, muito diferentes, de acordo com a &#8220;imagina\u00e7\u00e3o&#8221; de Deus.: disse o Papa aos os participantes do Cap\u00edtulo Geral dos Cistercienses Trapistas, recebidos em audi\u00eancia esta sexta-feira. Em seu discurso, Francisco refletiu sobre o sonho de comunh\u00e3o, sonho de participa\u00e7\u00e3o, sonho de miss\u00e3o e sonho de forma\u00e7\u00e3o<\/div>\n<div class=\"title__separator\" style=\"text-align: justify;\"><\/div>\n<div class=\"article__text \">\n<p style=\"text-align: justify;\"><b>Raimundo de Lima &#8211; Vatican News<\/b><\/p>\n<div style=\"text-align: justify;\">\n<div class=\"article__embed article__embed--unwrap article__embed--dark\">\n<div class=\"article__innerTitle\">Ou\u00e7a a reportagem com a voz do Papa Francisco<\/div>\n<div>\n<!--[if lt IE 9]><script>document.createElement('audio');<\/script><![endif]-->\n<audio class=\"wp-audio-shortcode\" id=\"audio-75972-1\" preload=\"none\" style=\"width: 100%;\" controls=\"controls\"><source type=\"audio\/mpeg\" src=\"https:\/\/media.vaticannews.va\/media\/audio\/s1\/2022\/09\/16\/14\/136714872_F136714872.mp3?_=1\" \/><a href=\"https:\/\/media.vaticannews.va\/media\/audio\/s1\/2022\/09\/16\/14\/136714872_F136714872.mp3\">https:\/\/media.vaticannews.va\/media\/audio\/s1\/2022\/09\/16\/14\/136714872_F136714872.mp3<\/a><\/audio>\n<\/div>\n<\/div>\n<\/div>\n<p style=\"text-align: justify;\">O Papa Franciso recebeu em audi\u00eancia, ao meio-dia desta sexta-feira, 16 de setembro, na Sala Clementina, no Vaticano, os participantes do Cap\u00edtulo Geral dos Cistercienses Trapistas &#8211; um grupo de 200 monges \u2013 cuja segunda parte est\u00e1 em andamento na Porci\u00fancula de Santa Maria dos Anjos em Assis, regi\u00e3o italiana da \u00dambria.<\/p>\n<p style=\"text-align: justify;\">Em seu discurso, ao agradecer ao Abade Geral pelas palavras que lhe foram dirigidas, o Santo Padre ressaltou que o novo Abade, logo ap\u00f3s sua elei\u00e7\u00e3o, colocou-se em viagem para visitar as doze regi\u00f5es em que se encontram os mosteiros da Ordem, &#8220;colhendo os sonhos dos superiores&#8221;, sintetizados do seguinte modo: sonho de\u00a0<i>comunh\u00e3o<\/i>, sonho de\u00a0<i>participa\u00e7\u00e3o<\/i>, sonho de\u00a0<i>miss\u00e3o<\/i>\u00a0e sonho de\u00a0<i>forma\u00e7\u00e3o<\/i>.<\/p>\n<p style=\"text-align: justify;\">Sonhos que, disse o Pont\u00edfice, imagino sejam objeto de discernimento nesta segunda parte do Cap\u00edtulo. Francisco prop\u00f4s algumas reflex\u00f5es sobre estes quatro &#8220;caminhos&#8221;, interpretando estes sonhos atrav\u00e9s de Cristo mediante o Evangelho e imaginando &#8211; em sentido objetivo, contemplativo \u2013 como Jesus sonhou estas realidades. &#8220;De fato, estes sonhos nos edificam como pessoas e como comunidade na medida em que n\u00e3o s\u00e3o nossos, mas\u00a0<i>seus<\/i>, e n\u00f3s os assimilamos no\u00a0<i>Esp\u00edrito Santo<\/i>&#8220;, observou.<\/p>\n<h2 style=\"text-align: justify;\">Comunh\u00e3o<\/h2>\n<p style=\"text-align: justify;\">O Papa refletiu sobre sonhar com Jesus a comunh\u00e3o de seus disc\u00edpulos, a nossa comunh\u00e3o enquanto &#8220;seus&#8221;.<\/p>\n<p style=\"text-align: justify;\"><i>Esta comunh\u00e3o &#8211; \u00e9 importante deixar claro &#8211; n\u00e3o consiste em uma nossa uniformidade, homogeneidade, compatibilidade, mais ou menos espont\u00e2nea ou for\u00e7ada, n\u00e3o; consiste em nossa rela\u00e7\u00e3o comum com Cristo, e n\u2019Ele com o Pai no Esp\u00edrito. Jesus n\u00e3o teve medo da diversidade que existia entre os Doze e, portanto, tamb\u00e9m n\u00f3s n\u00e3o devemos temer a diversidade, porque o Esp\u00edrito Santo gosta de suscitar diferen\u00e7as e fazer delas uma harmonia. Ao inv\u00e9s, nossos particularismos, nossos exclusivismos, esses sim, devemos temer, porque causam divis\u00f5es. Portanto, o sonho de comunh\u00e3o de Jesus nos liberta da uniformidade e das divis\u00f5es.<\/i><\/p>\n<div style=\"text-align: justify;\">\n<div class=\"article__embed article__embed--unwrap article__embed--photo\">\n<figure><picture><img decoding=\"async\" class=\"loaded\" src=\"https:\/\/www.vaticannews.va\/content\/dam\/vaticannews\/multimedia\/2022\/09\/16\/_MTC5111aem.jpg\/_jcr_content\/renditions\/cq5dam.thumbnail.cropped.750.422.jpeg\" alt=\"Audi\u00eancia do Papa aos participantes do Cap\u00edtulo Geral dos Cistercienses Trapistas (Vatican Media)\" data-original=\"\/content\/dam\/vaticannews\/multimedia\/2022\/09\/16\/_MTC5111aem.jpg\/_jcr_content\/renditions\/cq5dam.thumbnail.cropped.750.422.jpeg\" data-was-processed=\"true\" \/><\/picture><\/figure>\n<div class=\"photo_embed--Title\">Audi\u00eancia do Papa aos participantes do Cap\u00edtulo Geral dos Cistercienses Trapistas (Vatican Media)<\/div>\n<\/div>\n<\/div>\n<h2 style=\"text-align: justify;\">Participa\u00e7\u00e3o<\/h2>\n<p style=\"text-align: justify;\">Refletindo sobre a participa\u00e7\u00e3o, Francisco destacou que a\u00ed podemos contemplar\u00a0<i>o sonho de Jesus de uma comunidade fraterna<\/i>, onde todos\u00a0<i>participam<\/i>\u00a0com base em uma rela\u00e7\u00e3o filial comum com o Pai e como disc\u00edpulos de Jesus.<\/p>\n<p style=\"text-align: justify;\"><i>Em particular, uma comunidade de vida consagrada pode ser um sinal do Reino de Deus, testemunhando um estilo de fraternidade participativa entre pessoas reais e concretas que, com suas limita\u00e7\u00f5es, escolhem a cada dia, confiando na gra\u00e7a de Cristo, viverem juntas.<\/i><\/p>\n<h2 style=\"text-align: justify;\">Miss\u00e3o<\/h2>\n<p style=\"text-align: justify;\">Em seguida, o Pont\u00edfice afirmou que o Evangelho tamb\u00e9m nos traz\u00a0<i>o sonho de Jesus de uma Igreja toda mission\u00e1ria<\/i>: &#8220;Ide e fazei disc\u00edpulos todos povos, batizando-os em nome do Pai e do Filho e do Esp\u00edrito Santo, ensinando-os a observar tudo o que vos tenho mandado&#8221; (Mt 28,19-20). Este mandato diz respeito a todos, na Igreja, destacou o Papa.<\/p>\n<p style=\"text-align: justify;\"><i>N\u00e3o h\u00e1 carismas que sejam mission\u00e1rios e outros que n\u00e3o o sejam. Todos os carismas, enquanto dados \u00e0 Igreja, s\u00e3o para a evangeliza\u00e7\u00e3o do povo; claro que de maneiras diferentes, muito diferentes, de acordo com a &#8220;imagina\u00e7\u00e3o&#8221; de Deus. Um monge que reza em seu mosteiro faz a sua parte para levar o Evangelho \u00e0quela terra, para ensinar \u00e0s pessoas que l\u00e1 vivem que temos um Pai que nos ama e neste mundo estamos a caminho do C\u00e9u.<\/i><\/p>\n<div style=\"text-align: justify;\">\n<div class=\"article__embed article__embed--unwrap article__embed--photo\">\n<figure><picture><img decoding=\"async\" class=\"loaded\" src=\"https:\/\/www.vaticannews.va\/content\/dam\/vaticannews\/multimedia\/2022\/09\/16\/_SFO1923aem.jpg\/_jcr_content\/renditions\/cq5dam.thumbnail.cropped.750.422.jpeg\" alt=\"Audi\u00eancia do Papa aos participantes do Cap\u00edtulo Geral dos Cistercienses Trapistas (Vatican Media)\" data-original=\"\/content\/dam\/vaticannews\/multimedia\/2022\/09\/16\/_SFO1923aem.jpg\/_jcr_content\/renditions\/cq5dam.thumbnail.cropped.750.422.jpeg\" data-was-processed=\"true\" \/><\/picture><\/figure>\n<div class=\"photo_embed--Title\">Audi\u00eancia do Papa aos participantes do Cap\u00edtulo Geral dos Cistercienses Trapistas (Vatican Media)<\/div>\n<\/div>\n<\/div>\n<h2 style=\"text-align: justify;\">Forma\u00e7\u00e3o<\/h2>\n<p style=\"text-align: justify;\">Por \u00faltimo, o Santo Padre refletiu sobre o sonho da forma\u00e7\u00e3o. Os Evangelhos nos mostram Jesus cuidando de seus disc\u00edpulos, educando-os com paci\u00eancia, explicando-lhes, em disparte, o significado de certas par\u00e1bolas; e iluminando com palavras o testemunho de seu modo de vida, de seus gestos.<\/p>\n<p style=\"text-align: justify;\"><i>Por exemplo, quando Jesus, depois de ter lavado os p\u00e9s dos disc\u00edpulos, lhes diz: &#8220;Eu vos dei um exemplo para que tamb\u00e9m v\u00f3s fa\u00e7ais como eu vos fiz&#8221; (Jo 13,15), o Mestre sonha com a forma\u00e7\u00e3o de seus amigos segundo o caminho de Deus, que \u00e9 a humildade e o servi\u00e7o. E quando, um pouco mais tarde, afirma: &#8220;Ainda tenho muitas coisas a dizer-vos, mas no momento n\u00e3o podeis suportar o peso&#8221; (Jo 16,12), Jesus deixa claro que os disc\u00edpulos t\u00eam um caminho a fazer, uma forma\u00e7\u00e3o a receber; e promete que o Formador ser\u00e1 o Esp\u00edrito Santo: &#8220;Quando Ele, o Esp\u00edrito da verdade, vier, ele vos guiar\u00e1 em toda a verdade&#8221;. E poderia haver muitas refer\u00eancias evang\u00e9licas que atestam o sonho de forma\u00e7\u00e3o no cora\u00e7\u00e3o do Senhor. Gosto de resumi-los como um sonho de santidade, renovando este convite: &#8220;Que a gra\u00e7a de vosso batismo d\u00ea frutos em um caminho de santidade&#8221;. Que tudo esteja aberto a Deus e, para este fim, escolh\u00ea-Lo, escolh\u00ea-Lo sempre de novo. N\u00e3o desanimeis, pois tendes o poder do Esp\u00edrito Santo para torn\u00e1-lo poss\u00edvel, e a santidade, no fundo, \u00e9 o fruto do Esp\u00edrito Santo em vossa vida.<\/i><\/p>\n<p style=\"text-align: justify;\">Por fim, Francisco fez aos monges cistercienses os votos de que concluam da melhor forma seu Cap\u00edtulo Geral, confiando-os \u00e0 prote\u00e7\u00e3o da Virgem Maria, e aben\u00e7oando todos eles e seus confrades espalhados no mundo inteiro.<\/p>\n<\/div>\n","protected":false},"excerpt":{"rendered":"<p>Audi\u00eancia do Papa aos participantes do Cap\u00edtulo Geral dos C\u00edstercienses Trapistas N\u00e3o h\u00e1 carismas que sejam mission\u00e1rios e outros que n\u00e3o o sejam. Todos os carismas, enquanto dados \u00e0 Igreja, s\u00e3o para a evangeliza\u00e7\u00e3o do povo; claro que de maneiras diferentes, muito diferentes, de acordo com a &#8220;imagina\u00e7\u00e3o&#8221; de Deus.: disse o Papa aos os [&hellip;]<\/p>\n","protected":false},"author":1,"featured_media":75973,"comment_status":"open","ping_status":"closed","sticky":false,"template":"","format":"standard","meta":{"footnotes":""},"categories":[3],"tags":[],"class_list":["post-75972","post","type-post","status-publish","format-standard","has-post-thumbnail","hentry","category-vaticano"],"_links":{"self":[{"href":"https:\/\/catolicanet.net\/wp-cnet\/wp-json\/wp\/v2\/posts\/75972","targetHints":{"allow":["GET"]}}],"collection":[{"href":"https:\/\/catolicanet.net\/wp-cnet\/wp-json\/wp\/v2\/posts"}],"about":[{"href":"https:\/\/catolicanet.net\/wp-cnet\/wp-json\/wp\/v2\/types\/post"}],"author":[{"embeddable":true,"href":"https:\/\/catolicanet.net\/wp-cnet\/wp-json\/wp\/v2\/users\/1"}],"replies":[{"embeddable":true,"href":"https:\/\/catolicanet.net\/wp-cnet\/wp-json\/wp\/v2\/comments?post=75972"}],"version-history":[{"count":1,"href":"https:\/\/catolicanet.net\/wp-cnet\/wp-json\/wp\/v2\/posts\/75972\/revisions"}],"predecessor-version":[{"id":75974,"href":"https:\/\/catolicanet.net\/wp-cnet\/wp-json\/wp\/v2\/posts\/75972\/revisions\/75974"}],"wp:featuredmedia":[{"embeddable":true,"href":"https:\/\/catolicanet.net\/wp-cnet\/wp-json\/wp\/v2\/media\/75973"}],"wp:attachment":[{"href":"https:\/\/catolicanet.net\/wp-cnet\/wp-json\/wp\/v2\/media?parent=75972"}],"wp:term":[{"taxonomy":"category","embeddable":true,"href":"https:\/\/catolicanet.net\/wp-cnet\/wp-json\/wp\/v2\/categories?post=75972"},{"taxonomy":"post_tag","embeddable":true,"href":"https:\/\/catolicanet.net\/wp-cnet\/wp-json\/wp\/v2\/tags?post=75972"}],"curies":[{"name":"wp","href":"https:\/\/api.w.org\/{rel}","templated":true}]}}