{"id":75961,"date":"2022-09-15T10:00:58","date_gmt":"2022-09-15T13:00:58","guid":{"rendered":"https:\/\/catolicanet.net\/wp-cnet\/?p=75961"},"modified":"2022-09-15T13:02:04","modified_gmt":"2022-09-15T16:02:04","slug":"nossa-senhora-esta-aos-pes-da-sua-cruz-voce-consegue-ve-la","status":"publish","type":"post","link":"https:\/\/catolicanet.net\/wp-cnet\/nossa-senhora-esta-aos-pes-da-sua-cruz-voce-consegue-ve-la\/","title":{"rendered":"Nossa Senhora est\u00e1 aos p\u00e9s da sua cruz. Voc\u00ea consegue v\u00ea-la?"},"content":{"rendered":"<h2 class=\"subtitle\" style=\"text-align: justify;\">S\u00f3 existe uma forma de entendermos que Maria tamb\u00e9m est\u00e1 conosco em nossos sofrimentos&#8230;<\/h2>\n<blockquote class=\"wp-block-quote has-text-align-center\"><p>\u201cJunto \u00e0 cruz de Jesus estavam de p\u00e9 sua m\u00e3e, a irm\u00e3 de sua m\u00e3e, Maria, mulher de Cl\u00e9ofas, e Maria Madalena.\u201d<\/p>\n<p><cite>Jo 19,25<\/cite><\/p><\/blockquote>\n<p style=\"text-align: justify;\">Parece que o Evangelho de Jo\u00e3o quer propor uma verdade a todos n\u00f3s: assim como Jesus n\u00e3o est\u00e1 sozinho na experi\u00eancia da Cruz porque sua M\u00e3e est\u00e1 a seus p\u00e9s, cada um de n\u00f3s deve lembrar que Nossa Senhora \u2013 por voca\u00e7\u00e3o e miss\u00e3o \u2013 est\u00e1 ao p\u00e9 de nossas cruzes.<\/p>\n<p style=\"text-align: justify;\">Portanto, contemplar Maria na sua dor significa n\u00e3o s\u00f3 solidarizar com o terr\u00edvel sofrimento de uma m\u00e3e que v\u00ea morrer o seu filho, mas tamb\u00e9m olhar com gratid\u00e3o para esta M\u00e3e que j\u00e1 n\u00e3o \u00e9 apenas M\u00e3e de Jesus, mas tamb\u00e9m nossa:<\/p>\n<blockquote class=\"wp-block-quote\"><p>\u201cQuando Jesus viu sua m\u00e3e e perto dela o disc\u00edpulo que amava, disse \u00e0 sua m\u00e3e: \u2018Mulher, eis a\u00ed teu filho\u2019. Depois disse ao disc\u00edpulo: \u2018Eis a\u00ed tua m\u00e3e\u2019. E dessa hora em diante o disc\u00edpulo a recebeu como sua m\u00e3e.\u201d<\/p>\n<p><cite>Jo 19,26-27<\/cite><\/p><\/blockquote>\n<p style=\"text-align: justify;\">A atitude de Jo\u00e3o torna-se, ent\u00e3o, uma grande li\u00e7\u00e3o para toda a Igreja e para cada crist\u00e3o: Maria n\u00e3o deve ficar como ref\u00e9m em algum santu\u00e1rio.\u00a0Ela deve ser trazida para nossa casa, para nossas vidas di\u00e1rias.<\/p>\n<p style=\"text-align: justify;\">As pessoas sempre souberam disso, e \u00e9 por isso que rezar para ela \u00e9 o que une as fam\u00edlias, o que d\u00e1 coragem e renova esperan\u00e7as em tempos de prova\u00e7\u00e3o.<\/p>\n<p style=\"text-align: justify;\">Eu me pergunto se ainda \u00e9 assim para n\u00f3s hoje, se a ternura desta frase do Evangelho continua a se cumprir em n\u00f3s: \u201cE desde aquela hora o disc\u00edpulo a recebeu como m\u00e3e\u201d.<\/p>\n<div class=\"nativo-inread\" style=\"text-align: justify;\"><\/div>\n<p style=\"text-align: justify;\">Como voc\u00ea responderia?<\/p>\n","protected":false},"excerpt":{"rendered":"<p>S\u00f3 existe uma forma de entendermos que Maria tamb\u00e9m est\u00e1 conosco em nossos sofrimentos&#8230; \u201cJunto \u00e0 cruz de Jesus estavam de p\u00e9 sua m\u00e3e, a irm\u00e3 de sua m\u00e3e, Maria, mulher de Cl\u00e9ofas, e Maria Madalena.\u201d Jo 19,25 Parece que o Evangelho de Jo\u00e3o quer propor uma verdade a todos n\u00f3s: assim como Jesus n\u00e3o [&hellip;]<\/p>\n","protected":false},"author":1,"featured_media":75962,"comment_status":"open","ping_status":"closed","sticky":false,"template":"","format":"standard","meta":{"footnotes":""},"categories":[4],"tags":[],"class_list":["post-75961","post","type-post","status-publish","format-standard","has-post-thumbnail","hentry","category-cotidiano"],"_links":{"self":[{"href":"https:\/\/catolicanet.net\/wp-cnet\/wp-json\/wp\/v2\/posts\/75961","targetHints":{"allow":["GET"]}}],"collection":[{"href":"https:\/\/catolicanet.net\/wp-cnet\/wp-json\/wp\/v2\/posts"}],"about":[{"href":"https:\/\/catolicanet.net\/wp-cnet\/wp-json\/wp\/v2\/types\/post"}],"author":[{"embeddable":true,"href":"https:\/\/catolicanet.net\/wp-cnet\/wp-json\/wp\/v2\/users\/1"}],"replies":[{"embeddable":true,"href":"https:\/\/catolicanet.net\/wp-cnet\/wp-json\/wp\/v2\/comments?post=75961"}],"version-history":[{"count":1,"href":"https:\/\/catolicanet.net\/wp-cnet\/wp-json\/wp\/v2\/posts\/75961\/revisions"}],"predecessor-version":[{"id":75963,"href":"https:\/\/catolicanet.net\/wp-cnet\/wp-json\/wp\/v2\/posts\/75961\/revisions\/75963"}],"wp:featuredmedia":[{"embeddable":true,"href":"https:\/\/catolicanet.net\/wp-cnet\/wp-json\/wp\/v2\/media\/75962"}],"wp:attachment":[{"href":"https:\/\/catolicanet.net\/wp-cnet\/wp-json\/wp\/v2\/media?parent=75961"}],"wp:term":[{"taxonomy":"category","embeddable":true,"href":"https:\/\/catolicanet.net\/wp-cnet\/wp-json\/wp\/v2\/categories?post=75961"},{"taxonomy":"post_tag","embeddable":true,"href":"https:\/\/catolicanet.net\/wp-cnet\/wp-json\/wp\/v2\/tags?post=75961"}],"curies":[{"name":"wp","href":"https:\/\/api.w.org\/{rel}","templated":true}]}}