{"id":75957,"date":"2022-09-15T09:57:14","date_gmt":"2022-09-15T12:57:14","guid":{"rendered":"https:\/\/catolicanet.net\/wp-cnet\/?p=75957"},"modified":"2022-09-15T13:00:00","modified_gmt":"2022-09-15T16:00:00","slug":"direto-do-vaticano-papa-aprendamos-a-amar-nao-a-odiar","status":"publish","type":"post","link":"https:\/\/catolicanet.net\/wp-cnet\/direto-do-vaticano-papa-aprendamos-a-amar-nao-a-odiar\/","title":{"rendered":"Direto do Vaticano \u2013 Papa: aprendamos a amar, n\u00e3o a odiar"},"content":{"rendered":"<h2 class=\"subtitle\" style=\"text-align: justify;\">Boletim Direto do Vaticano de 15 de setembro de 2022<\/h2>\n<ol style=\"text-align: justify;\">\n<li>O Papa Francisco reza pelo C\u00e1ucaso e a amada Ucr\u00e2nia<\/li>\n<li>Crist\u00e3os no Cazaquist\u00e3o celebram a chegada de Francisco<\/li>\n<li>\u201cA paz nunca est\u00e1 conquistada duma vez por todas\u201d, insiste o Papa durante uma missa perante os fi\u00e9is cazaques<\/li>\n<\/ol>\n<hr class=\"wp-block-separator has-alpha-channel-opacity\" \/>\n<h3 class=\"wp-block-aleteia-rich-list\" style=\"text-align: justify;\"><strong>1 O PAPA FRANCISCO REZA PELO C\u00c1UCASO E A AMADA UCR\u00c2NIA<\/strong><\/h3>\n<p style=\"text-align: justify;\">Por Hugues Lef\u00e8vre \u2013 O Papa Francisco renovou o seu apelo \u00e0 paz na Ucr\u00e2nia no final da missa celebrada em Nur-Sultan perante a comunidade cat\u00f3lica do Cazaquist\u00e3o a 14 de Setembro. Disse que tinha \u201caprendido com preocupa\u00e7\u00e3o\u201d sobre a situa\u00e7\u00e3o no C\u00e1ucaso, mas n\u00e3o mencionou a Arm\u00e9nia. Reiterou o seu desejo de limitar a corrida aos armamentos, orientando as \u201cenormes despesas de guerra\u201d para o apoio \u00e0 popula\u00e7\u00e3o.<\/p>\n<p style=\"text-align: justify;\">\u201cQue mais \u00e9 necess\u00e1rio, quantas mortes temos de esperar antes que os confrontos d\u00eaem lugar ao di\u00e1logo para o bem do povo\u201d lamentou o Papa Francisco, pensando em \u201ctantos lugares marcados pela guerra, especialmente a querida Ucr\u00e2nia\u201d. Diante de cerca de 3.000 fi\u00e9is reunidos para uma missa na pra\u00e7a da Expo da capital do Cazaquist\u00e3o, o pont\u00edfice fez este apelo: \u201cN\u00e3o nos habituemos \u00e0 guerra, n\u00e3o nos resignemos \u00e0 sua inevitabilidade\u201d.<\/p>\n<p style=\"text-align: justify;\"><strong>Apelos crescentes \u00e0 paz<\/strong><\/p>\n<p style=\"text-align: justify;\">O Bispo de Roma, que tem feito repetidos apelos \u00e0 paz desde o in\u00edcio da invas\u00e3o russa da Ucr\u00e2nia, convidou uma vez mais todos a rezarem para que \u201co mundo aprenda a construir a paz\u201d, \u201climitando a corrida aos armamentos e convertendo as enormes despesas da guerra em apoio concreto ao povo\u201d.<\/p>\n<p style=\"text-align: justify;\">O Papa Francisco disse tamb\u00e9m ter aprendido \u201ccom preocupa\u00e7\u00e3o\u201d que \u201csurgiram nas \u00faltimas horas novos focos de tens\u00e3o na regi\u00e3o do C\u00e1ucaso\u201d. Pediu-nos que rez\u00e1ssemos para que \u201cas rela\u00e7\u00f5es pac\u00edficas e a harmonia prevale\u00e7am tamb\u00e9m nestes territ\u00f3rios\u201d.<\/p>\n<div id=\"aleteia-welcome\" style=\"text-align: justify;\"><\/div>\n<div class=\"nativo-inread\" style=\"text-align: justify;\"><\/div>\n<p style=\"text-align: justify;\">A 13 de Setembro, eclodiram confrontos em grande escala na fronteira entre a Arm\u00e9nia e o Azerbaij\u00e3o, resultando na morte de cerca de 100 soldados de ambos os ex\u00e9rcitos. O governo arm\u00e9nio denunciou isto como uma agress\u00e3o. Em 2020, o ex\u00e9rcito do Azerbaij\u00e3o tomou o controle da regi\u00e3o montanhosa de Nagorno-Karabakh \u00e0 custa de uma guerra que deixou mais de 6.500 mortos.<\/p>\n<hr class=\"wp-block-separator has-alpha-channel-opacity\" \/>\n<h3 class=\"wp-block-aleteia-rich-list\" style=\"text-align: justify;\"><strong>2 CRIST\u00c3OS NO CAZAQUIST\u00c3O CELEBRAM A CHEGADA DE FRANCISCO<\/strong><\/h3>\n<p style=\"text-align: justify;\">Por Camille Dalmas, no Cazaquist\u00e3o: Sob um sol brilhante iluminando a \u00e1rea futurista da Expo, v\u00e1rios milhares de fi\u00e9is da pequena comunidade cat\u00f3lica do Cazaquist\u00e3o reuniram-se para participar da Missa com o Papa Francisco. Freiras mission\u00e1rias, nativos, cerca de 40 sacerdotes, mas tamb\u00e9m membros da maioria mu\u00e7ulmana do pa\u00eds, saudaram o pont\u00edfice. A ag\u00eancia I.MEDIA, presente no local, recolheu o testemunho de v\u00e1rios deles, muito comovidos com a chegada do pont\u00edfice ao seu pa\u00eds.<\/p>\n<p style=\"text-align: justify;\">\u201c\u00c9 um presente para n\u00f3s\u201d, disse a Irm\u00e3 Bojena Zelewska, uma freira polaca que vive no Cazaquist\u00e3o h\u00e1 13 anos. Membro da comunidade das Bem-aventuran\u00e7as, ela fala franc\u00eas perfeito, uma mem\u00f3ria dos seus anos de forma\u00e7\u00e3o na Fran\u00e7a, onde passou v\u00e1rios anos.<\/p>\n<p style=\"text-align: justify;\"><strong>\u201cMuitas pessoas t\u00eam sofrido neste pa\u00eds\u201d<\/strong><\/p>\n<p style=\"text-align: justify;\">Ela veio participar da Missa com o Papa com uma centena de membros da sua par\u00f3quia em Kokchetau, 300 km a norte de Nur-Sultan. A sua cidade foi fundada por deportados polacos numa altura em que a URSS deportava em massa popula\u00e7\u00f5es n\u00e3o russas para esta regi\u00e3o, nomeadamente para os gulags. \u201cMuitas pessoas sofreram neste pa\u00eds, por isso compreendem a import\u00e2ncia de viverem juntas e solid\u00e1rias\u201d, explica.<\/p>\n<p style=\"text-align: justify;\">Enquanto pequenas raparigas de l\u00edngua russa agitam a bandeira branca e dourada do Vaticano, tr\u00eas religiosas das Mission\u00e1rias da Caridade d\u00e3o um passo em frente para tomarem o seu lugar. Entre elas, duas mulheres indianas, todas sorridentes. \u201cN\u00e3o damos entrevistas mas rezaremos por voc\u00ea\u201d, diz aquela que parece ser a superiora.<\/p>\n<p style=\"text-align: justify;\">Muitas delas est\u00e3o a viver a sua miss\u00e3o no Cazaquist\u00e3o. A Irm\u00e3 Bojena est\u00e1 feliz por viver num pa\u00eds onde a f\u00e9 se est\u00e1 a desenvolver \u201cmuito rapidamente\u201d. \u201cEste pa\u00eds tem uma mensagem de paz, di\u00e1logo e escuta m\u00fatua para o mundo\u201d, diz ela.<\/p>\n<p style=\"text-align: justify;\"><strong>O legado de Jo\u00e3o Paulo II<\/strong><\/p>\n<p style=\"text-align: justify;\">Sublinhando a diversidade dos povos \u2013 alem\u00e3o, polaco, eslovaco, russo \u2013 e das diferentes religi\u00f5es \u2013 ortodoxos, mu\u00e7ulmanos, cat\u00f3licos \u2013 que vivem juntos no mesmo territ\u00f3rio, elogiou a capacidade de coexist\u00eancia destas popula\u00e7\u00f5es. A missa do Papa atraiu mesmo membros de outros pa\u00edses vizinhos, incluindo Turquemenist\u00e3o e Uzbequist\u00e3o, que mostraram a sua alegria por estarem presentes, apesar de n\u00e3o se conseguirem fazer entender na sua pr\u00f3pria l\u00edngua, com grandes sorrisos.<\/p>\n<p style=\"text-align: justify;\">A mulher polaca tamb\u00e9m v\u00ea a visita do Papa Francisco como um legado da primeira visita de um pont\u00edfice ao Cazaquist\u00e3o, feita pelo seu compatriota Jo\u00e3o Paulo II em 2001. \u201cEle trouxe esta mensagem de paz e agora \u00e9 o Papa Francisco que confirma esta mensagem\u201d.<\/p>\n<p style=\"text-align: justify;\">Maxim, um cat\u00f3lico cazaque de 31 anos de idade, do movimento Comunh\u00e3o e Liberta\u00e7\u00e3o, recorda-se um pouco da visita de Jo\u00e3o Paulo II, mas considera a visita do papa argentino um evento \u201cpara a minha gera\u00e7\u00e3o\u201d. \u201cSempre esperei que viesse um papa\u201d, diz ele, declarando que este era um dos dias mais felizes da sua vida.<\/p>\n<p style=\"text-align: justify;\"><strong>\u201cToca o meu cora\u00e7\u00e3o\u201d<\/strong><\/p>\n<p style=\"text-align: justify;\">\u201cToca o meu cora\u00e7\u00e3o\u201d, disse o fot\u00f3grafo, que foi convidado para cobrir o evento, em italiano excelente. Originalmente de Karaganda, uma cidade com uma grande popula\u00e7\u00e3o de l\u00edngua alem\u00e3, vive agora em Nur-Sultan.<\/p>\n<p style=\"text-align: justify;\">Quando o pont\u00edfice chegou, a multid\u00e3o pareceu ser dominada pela emo\u00e7\u00e3o durante algum tempo e timidamente saudou-o. Mas, gra\u00e7as ao impulso de algumas religiosas que deram a sua voz e depois ao convite de um padre ao microfone, a assembleia fez a sua alegria de ver o seu Papa ser ouvido.<\/p>\n<hr class=\"wp-block-separator has-alpha-channel-opacity\" \/>\n<h3 class=\"wp-block-aleteia-rich-list\" style=\"text-align: justify;\"><strong>3 &#8220;A PAZ NUNCA EST\u00c1 CONQUISTADA DUMA VEZ POR TODAS\u201d, INSISTE O PAPA DURANTE UMA MISSA PERANTE OS FI\u00c9IS CAZAQUES<\/strong><\/h3>\n<p style=\"text-align: justify;\">Por Camille Dalmas: Durante a missa celebrada com os fi\u00e9is da pequena comunidade cat\u00f3lica do Cazaquist\u00e3o, o Papa Francisco recordou esta terra da \u00c1sia Central que viveu uma \u201cpersegui\u00e7\u00e3o ate\u00edsta\u201d e que deve continuar diariamente o seu trabalho pela paz e coexist\u00eancia entre grupos \u00e9tnicos e religi\u00f5es. Pedindo aos crentes para n\u00e3o polu\u00edrem o mundo \u201ccom o pecado e a desconfian\u00e7a que vem do Maligno\u201d, o Bispo de Roma assegurou que s\u00f3 olhando para Jesus crucificado \u00e9 que o caminho da salva\u00e7\u00e3o se abre para o homem.<\/p>\n<p style=\"text-align: justify;\">\u201cN\u00e3o murmurem, n\u00e3o acusem, n\u00e3o fa\u00e7am mexericos, n\u00e3o espalhem obras m\u00e1s, n\u00e3o poluam o mundo com pecado e desconfian\u00e7a que vem do Maligno\u201d. No segundo dia da sua viagem ao Cazaquist\u00e3o, na pra\u00e7a da Expo de Nur-Sultan, onde se reuniram cerca de 3.000 pessoas, o Papa Francisco escolheu concluir a sua homilia dirigindo esta s\u00e9rie de recomenda\u00e7\u00f5es aos crist\u00e3os, aqueles homens e mulheres que vivem \u201csem venenos\u201d.<\/p>\n<p style=\"text-align: justify;\"><strong>Aprendamos a amar, n\u00e3o a odiar<\/strong><\/p>\n<p style=\"text-align: justify;\">Enquanto a Igreja celebra a festa da Cruz Gloriosa a 14 de Setembro, pediu aos cat\u00f3licos que mantivessem \u201cos olhos voltados para Jesus\u201d para que a \u201cmordida do mal\u201d n\u00e3o pudesse mais dominar. \u201cPorque na cruz tomou sobre si o veneno do pecado e da morte e derrotou o seu poder destrutivo\u201d, ensinou o pont\u00edfice de 85 anos. Dessa cruz, ele prometeu: \u201caprendemos o amor, n\u00e3o o \u00f3dio; aprendemos a compaix\u00e3o, n\u00e3o a indiferen\u00e7a; aprendemos o perd\u00e3o, n\u00e3o a vingan\u00e7a\u201d.<\/p>\n<p style=\"text-align: justify;\">Para o Papa, desviar o olhar da cruz \u00e9 expor-se \u00e0s picadas mortais da serpente. Estes ataques ocorrem em \u201csitua\u00e7\u00f5es de vida pessoal, eclesial e social\u201d, advertiu o Papa. Ent\u00e3o a \u201ccobra da desconfian\u00e7a\u201d injecta-nos \u201cos venenos da desilus\u00e3o e do des\u00e2nimo, do pessimismo e da resigna\u00e7\u00e3o\u201d.<\/p>\n<p style=\"text-align: justify;\"><strong>O passado doloroso das terras do Cazaquist\u00e3o<\/strong><\/p>\n<p style=\"text-align: justify;\">Outras picadas dolorosas atingiram o Cazaquist\u00e3o, lamentou Francisco, o segundo papa a p\u00f4r os p\u00e9s no pa\u00eds da \u00c1sia Central ap\u00f3s a viagem de Jo\u00e3o Paulo II em 2001. \u201cpenso nas serpentes ardentes da viol\u00eancia, da persegui\u00e7\u00e3o ate\u00edsta, penso naquele caminho por vezes conturbado durante o qual foi amea\u00e7ada a liberdade do povo e ferida a sua dignidade\u201d, enumerou, sem entrar em pormenores do per\u00edodo sovi\u00e9tico durante o qual esta regi\u00e3o se tornou o local das deporta\u00e7\u00f5es.<\/p>\n<p style=\"text-align: justify;\">\u201c\u00c9 bom que guardemos a mem\u00f3ria do que sofremos\u201d, insistiu, sublinhando que certas obscuridades n\u00e3o devem ser apagadas da mem\u00f3ria, pois \u201cpode-se pensar que sejam \u00e1gua passada e que o caminho do bem esteja delineado para sempre. E n\u00e3o! A paz nunca est\u00e1 conquistada duma vez por todas; h\u00e1 de ser conquistada cada dia, como tamb\u00e9m a conviv\u00eancia entre etnias e tradi\u00e7\u00f5es religiosas diversas, o desenvolvimento integral, a justi\u00e7a social.\u201d<\/p>\n","protected":false},"excerpt":{"rendered":"<p>Boletim Direto do Vaticano de 15 de setembro de 2022 O Papa Francisco reza pelo C\u00e1ucaso e a amada Ucr\u00e2nia Crist\u00e3os no Cazaquist\u00e3o celebram a chegada de Francisco \u201cA paz nunca est\u00e1 conquistada duma vez por todas\u201d, insiste o Papa durante uma missa perante os fi\u00e9is cazaques 1 O PAPA FRANCISCO REZA PELO C\u00c1UCASO E [&hellip;]<\/p>\n","protected":false},"author":1,"featured_media":75958,"comment_status":"open","ping_status":"closed","sticky":false,"template":"","format":"standard","meta":{"footnotes":""},"categories":[4],"tags":[],"class_list":["post-75957","post","type-post","status-publish","format-standard","has-post-thumbnail","hentry","category-cotidiano"],"_links":{"self":[{"href":"https:\/\/catolicanet.net\/wp-cnet\/wp-json\/wp\/v2\/posts\/75957","targetHints":{"allow":["GET"]}}],"collection":[{"href":"https:\/\/catolicanet.net\/wp-cnet\/wp-json\/wp\/v2\/posts"}],"about":[{"href":"https:\/\/catolicanet.net\/wp-cnet\/wp-json\/wp\/v2\/types\/post"}],"author":[{"embeddable":true,"href":"https:\/\/catolicanet.net\/wp-cnet\/wp-json\/wp\/v2\/users\/1"}],"replies":[{"embeddable":true,"href":"https:\/\/catolicanet.net\/wp-cnet\/wp-json\/wp\/v2\/comments?post=75957"}],"version-history":[{"count":1,"href":"https:\/\/catolicanet.net\/wp-cnet\/wp-json\/wp\/v2\/posts\/75957\/revisions"}],"predecessor-version":[{"id":75959,"href":"https:\/\/catolicanet.net\/wp-cnet\/wp-json\/wp\/v2\/posts\/75957\/revisions\/75959"}],"wp:featuredmedia":[{"embeddable":true,"href":"https:\/\/catolicanet.net\/wp-cnet\/wp-json\/wp\/v2\/media\/75958"}],"wp:attachment":[{"href":"https:\/\/catolicanet.net\/wp-cnet\/wp-json\/wp\/v2\/media?parent=75957"}],"wp:term":[{"taxonomy":"category","embeddable":true,"href":"https:\/\/catolicanet.net\/wp-cnet\/wp-json\/wp\/v2\/categories?post=75957"},{"taxonomy":"post_tag","embeddable":true,"href":"https:\/\/catolicanet.net\/wp-cnet\/wp-json\/wp\/v2\/tags?post=75957"}],"curies":[{"name":"wp","href":"https:\/\/api.w.org\/{rel}","templated":true}]}}