{"id":75937,"date":"2022-09-15T09:26:52","date_gmt":"2022-09-15T12:26:52","guid":{"rendered":"https:\/\/catolicanet.net\/wp-cnet\/?p=75937"},"modified":"2022-09-15T12:28:05","modified_gmt":"2022-09-15T15:28:05","slug":"pastoral-familiar-inaugura-novos-espacos-em-sua-sede-nacional","status":"publish","type":"post","link":"https:\/\/catolicanet.net\/wp-cnet\/pastoral-familiar-inaugura-novos-espacos-em-sua-sede-nacional\/","title":{"rendered":"PASTORAL FAMILIAR INAUGURA NOVOS ESPA\u00c7OS EM SUA SEDE NACIONAL"},"content":{"rendered":"<p style=\"text-align: justify;\">A Comiss\u00e3o Nacional da Pastoral Familiar (CNPF) inaugura, nesta quinta-feira, 15 de setembro, novos espa\u00e7os em sua sede nacional, em Bras\u00edlia (DF). Uma missa, \u00e0s 18h, dar\u00e1 in\u00edcio \u00e0 cerim\u00f4nia de abertura das estruturas que estar\u00e3o a servi\u00e7o da Pastoral e de movimentos que atuam na evangeliza\u00e7\u00e3o e cuidado, promo\u00e7\u00e3o e defesa da vida e das fam\u00edlias no Brasil.<\/p>\n<p style=\"text-align: justify;\">Estar\u00e3o presentes no evento o bispo de Rio Grande (RS) e presidente da Comiss\u00e3o Episcopal Pastoral para a Vida e a Fam\u00edlia da Confer\u00eancia Nacional dos Bispos do Brasil (CNBB), dom Ricardo Hoepers; o bispo auxiliar da arquidiocese do Rio de Janeiro (RJ) e secret\u00e1rio-geral da CNBB, dom Joel Portella Amado; os casais coordenador e vice-coordenador nacionais da Pastoral Familiar, Solange e Alisson Schila e Milton e Lourdes Morais; o assessor da Comiss\u00e3o Episcopal para a Vida e a Fam\u00edlia da CNBB e secret\u00e1rio executivo da CNPF, padre Crispim Guimar\u00e3es; al\u00e9m de representantes de movimentos e outros convidados.<\/p>\n<h3 style=\"text-align: justify;\">Reforma<\/h3>\n<p style=\"text-align: justify;\">Realizada nos \u00faltimos meses, a reforma na sede da CNPF contou com a constru\u00e7\u00e3o de um galp\u00e3o para o armazenamento e expedi\u00e7\u00e3o de publica\u00e7\u00f5es. Com isso, o audit\u00f3rio que ficava ocupado com caixas de livros ser\u00e1 reaberto para uso em reuni\u00f5es.<\/p>\n<p style=\"text-align: justify;\">Foram constru\u00eddas ainda duas suites para receber coordenadores e assessores da Pastoral Familiar que estejam participando de alguma atividade em Bras\u00edlia; e uma copa.<\/p>\n<p style=\"text-align: justify;\">Na \u00e1rea externa, foi instalado um sistema de energia solar, com placas fotovoltaicas, e um sistema de irriga\u00e7\u00e3o para o jardim. Antes uma \u00e1rea vazia, o p\u00e1tio tem a partir de agora um paisagismo com uma ermida ao centro. Nela, estar\u00e3o uma imagem da Sagrada Fam\u00edlia e rel\u00edquias do casal patrono do X Encontro Mundial das Fam\u00edlias, Luiz e Maria Beltrame Quattrocchi.<\/p>\n<figure id=\"attachment_929928\" class=\"wp-caption aligncenter\" style=\"text-align: justify;\" aria-describedby=\"caption-attachment-929928\"><img loading=\"lazy\" decoding=\"async\" class=\"wp-image-929928 \" src=\"https:\/\/eadn-wc02-718006.nxedge.io\/cdn\/wp-content\/uploads\/2022\/09\/reforma-secren.png\" sizes=\"auto, (max-width: 642px) 100vw, 642px\" srcset=\"https:\/\/eadn-wc02-718006.nxedge.io\/cdn\/wp-content\/uploads\/2022\/09\/reforma-secren.png 852w, https:\/\/eadn-wc02-718006.nxedge.io\/cdn\/wp-content\/uploads\/2022\/09\/reforma-secren-300x168.png 300w, https:\/\/eadn-wc02-718006.nxedge.io\/cdn\/wp-content\/uploads\/2022\/09\/reforma-secren-768x431.png 768w, https:\/\/eadn-wc02-718006.nxedge.io\/cdn\/wp-content\/uploads\/2022\/09\/reforma-secren-500x281.png 500w\" alt=\"\" width=\"642\" height=\"360\" \/><figcaption id=\"caption-attachment-929928\" class=\"wp-caption-text\">Per\u00edodo de reforma na sede da Comiss\u00e3o Nacional da Pastoral Familiar | Foto: T\u00f3maz Alves\/CNPF<\/figcaption><\/figure>\n<h3 style=\"text-align: justify;\">Sede<\/h3>\n<p style=\"text-align: justify;\">Conhecida pela sigla Secren, a sede da CNPF e da Secretaria Executiva Nacional da Pastoral Familiar est\u00e1 instalada num terreno cedido h\u00e1 mais de duas d\u00e9cadas pela arquidiocese de Bras\u00edlia, no lote do Santu\u00e1rio do Sant\u00edssimo Sacramento, na quadra 606 Sul.<\/p>\n<p style=\"text-align: justify;\">No local, a equipe de colaboradores atua no atendimento de agentes que fazem as forma\u00e7\u00f5es do Instituto Nacional da Fam\u00edlia e da Pastoral Familiar (Inapaf) e na produ\u00e7\u00e3o, venda e expedi\u00e7\u00e3o dos materiais que animam e conduzem a atua\u00e7\u00e3o da Pastoral em todo o Brasil.<\/p>\n<p style=\"text-align: justify;\">O grupo, coordenado pelo secret\u00e1rio executivo, tamb\u00e9m d\u00e1 suporte \u00e0s atividades pastorais realizadas e na promo\u00e7\u00e3o de eventos, como as Semanas Nacionais da Fam\u00edlia e da Vida, Simp\u00f3sio e Congresso nacionais. Al\u00e9m disso, ser\u00e3o operacionalizadas as iniciativas de comunica\u00e7\u00e3o, como o portal Vida e Fam\u00edlia e as redes sociais.<\/p>\n","protected":false},"excerpt":{"rendered":"<p>A Comiss\u00e3o Nacional da Pastoral Familiar (CNPF) inaugura, nesta quinta-feira, 15 de setembro, novos espa\u00e7os em sua sede nacional, em Bras\u00edlia (DF). Uma missa, \u00e0s 18h, dar\u00e1 in\u00edcio \u00e0 cerim\u00f4nia de abertura das estruturas que estar\u00e3o a servi\u00e7o da Pastoral e de movimentos que atuam na evangeliza\u00e7\u00e3o e cuidado, promo\u00e7\u00e3o e defesa da vida e [&hellip;]<\/p>\n","protected":false},"author":1,"featured_media":75938,"comment_status":"open","ping_status":"closed","sticky":false,"template":"","format":"standard","meta":{"footnotes":""},"categories":[7,13],"tags":[],"class_list":["post-75937","post","type-post","status-publish","format-standard","has-post-thumbnail","hentry","category-cnbb","category-featured"],"_links":{"self":[{"href":"https:\/\/catolicanet.net\/wp-cnet\/wp-json\/wp\/v2\/posts\/75937","targetHints":{"allow":["GET"]}}],"collection":[{"href":"https:\/\/catolicanet.net\/wp-cnet\/wp-json\/wp\/v2\/posts"}],"about":[{"href":"https:\/\/catolicanet.net\/wp-cnet\/wp-json\/wp\/v2\/types\/post"}],"author":[{"embeddable":true,"href":"https:\/\/catolicanet.net\/wp-cnet\/wp-json\/wp\/v2\/users\/1"}],"replies":[{"embeddable":true,"href":"https:\/\/catolicanet.net\/wp-cnet\/wp-json\/wp\/v2\/comments?post=75937"}],"version-history":[{"count":1,"href":"https:\/\/catolicanet.net\/wp-cnet\/wp-json\/wp\/v2\/posts\/75937\/revisions"}],"predecessor-version":[{"id":75939,"href":"https:\/\/catolicanet.net\/wp-cnet\/wp-json\/wp\/v2\/posts\/75937\/revisions\/75939"}],"wp:featuredmedia":[{"embeddable":true,"href":"https:\/\/catolicanet.net\/wp-cnet\/wp-json\/wp\/v2\/media\/75938"}],"wp:attachment":[{"href":"https:\/\/catolicanet.net\/wp-cnet\/wp-json\/wp\/v2\/media?parent=75937"}],"wp:term":[{"taxonomy":"category","embeddable":true,"href":"https:\/\/catolicanet.net\/wp-cnet\/wp-json\/wp\/v2\/categories?post=75937"},{"taxonomy":"post_tag","embeddable":true,"href":"https:\/\/catolicanet.net\/wp-cnet\/wp-json\/wp\/v2\/tags?post=75937"}],"curies":[{"name":"wp","href":"https:\/\/api.w.org\/{rel}","templated":true}]}}