{"id":75920,"date":"2022-09-18T09:20:19","date_gmt":"2022-09-18T12:20:19","guid":{"rendered":"https:\/\/catolicanet.net\/wp-cnet\/?p=75920"},"modified":"2022-09-14T13:21:33","modified_gmt":"2022-09-14T16:21:33","slug":"25o-domingo-do-ano-18-09-2022","status":"publish","type":"post","link":"https:\/\/catolicanet.net\/wp-cnet\/25o-domingo-do-ano-18-09-2022\/","title":{"rendered":"25\u00ba Domingo do Ano: 18\/09\/2022"},"content":{"rendered":"<p style=\"text-align: justify;\">Ideia-chave: \u201cquem \u00e9 fiel nas coisas pequenas o \u00e9 nas grandes.\u201d (Lc 16,11-12), (Lc 16,1-12) Deus \u00e9 o \u00fanico dono de tudo e n\u00f3s somos, apenas, administradores. Por\u00e9m important\u00edssimos.<\/p>\n<p style=\"text-align: justify;\"><strong>1\u00ba<\/strong> A par\u00e1bola do Evangelho hodierno, n\u00e3o \u00e9 nada f\u00e1cil, para ser bem explicada ou entendida. De in\u00edcio, \u00e9 preciso excluir, decididamente, todo e qualquer elogio ou louvor \u00e0 desonestidade, \u00e0 injusti\u00e7a ou a outros trambiques. Podemos e devemos ser at\u00e9 espertos e competentes, mas n\u00e3o gananciosos e exploradores. Nossa moral deve ser a do Evangelho: exigem-se de n\u00f3s, virtudes. Elas podem ser:\u00a0 a) Teologais: f\u00e9, esperan\u00e7a e principalmente caridade, s\u00e3o as principais virtudes do homem. b) Logo depois, vem as virtudes cardiais: prud\u00eancia, fortaleza, temperan\u00e7a e a justi\u00e7a, nas suas diversas formas. No entanto, a caridade sem justi\u00e7a n\u00e3o \u00e9 cristianismo, e a justi\u00e7a, sem caridade, pode tornar-se viol\u00eancia, quando n\u00e3o despotismo. Disse algu\u00e9m, que o administrador do Evangelho citado, era um brasileiro com seus jeitinhos&#8230; N\u00e3o. Pode at\u00e9 haver semelhan\u00e7a&#8230; O Senhor, o dono subtendido no Evangelho \u00e9 Deus. O administrador, bom ou mau, sou eu. Podes s\u00ea-lo tu. Deus nos confiou muitas, qualidades, para serem bem cultivadas, pois devemos prestar contas, de nossas atitudes. Por que h\u00e1 tanta corrup\u00e7\u00e3o, nos pa\u00edses do terceiro mundo? Somente ali? A realidade \u00e9 muito complexa. Por isso, certamente, falta forma\u00e7\u00e3o e tamb\u00e9m, respeito pelo bem comum, ou seja, o do pr\u00f3ximo.<\/p>\n<p style=\"text-align: justify;\"><strong>2\u00ba <\/strong>O grande Senhor, de todos e de tudo, \u00e9 Deus, Ele \u00e9 o criador. Jesus Cristo o salvador e o Esp\u00edrito Santo, nosso pedagogo. Trata-se, pois, da Trindade. Ela partilha tudo: o sol que ilumina a todos, e a terra que \u00e9 para todos. Pela \u00e1gua, Deus n\u00e3o cobra nada, pelo oxig\u00eanio e luz tamb\u00e9m n\u00e3o. Tudo \u00e9 de Deus. Somos, no fim, apenas administradores. Bons? Quando morrermos, nada levaremos, a n\u00e3o ser, nossas, obras: boas ou m\u00e1s.<\/p>\n<p style=\"text-align: justify;\"><strong>3\u00ba<\/strong> Ser bom administrador: \u00e9 organizar a vida, para torn\u00e1-la pessoal e comunitariamente boa.\u00a0 Lembro, mais uma vez, que a vida terrena passa e a celeste \u00e9 eterna. N\u00e3o devemos fazer mau neg\u00f3cio, trocando esta (vida eterna!), por aquela, que pode ser, at\u00e9 bem curta. Sabemos fazer amigos, que intercedam por n\u00f3s, conquistar defensores e advogados que nos defendam, quando necess\u00e1rio? Quem s\u00e3o eles? \u00c9 ing\u00eanuo e pouco crist\u00e3o (se o for!), quem n\u00e3o valoriza, neste mundo, necessitados, marginalizados, \u00f3rf\u00e3os, vi\u00favos, crian\u00e7as e empobrecidos. Quem n\u00e3o tiver cora\u00e7\u00e3o, para estes e estas, n\u00e3o poder\u00e1 ter vez, com o Criador. O Senhor. O Evangelho n\u00e3o \u00e9 livro de administra\u00e7\u00e3o ou ent\u00e3o de a\u00e7\u00e3o pol\u00edtica. Mas \u00e9 imprescind\u00edvel para quem quiser exercer vida p\u00fablica. No exame final, n\u00e3o haver\u00e1 segunda \u00e9poca, \u201ccola\u201d, nem compra ou corrup\u00e7\u00e3o. Dele, ningu\u00e9m escapar\u00e1. Enfrent\u00e1-lo-emos. Deus \u00e9 amigo e misericordioso, n\u00e3o, por\u00e9m, corrupt\u00edvel ou parcial.<\/p>\n<p style=\"text-align: center;\"><strong>+ Dom Carmo Jo\u00e3o Rhoden \u2013 SCJ<\/strong><\/p>\n<p style=\"text-align: center;\"><strong>Bispo Em\u00e9rito de Taubat\u00e9 \u2013SP<\/strong><\/p>\n<p style=\"text-align: center;\"><strong>Presidente da Pr\u00f3 Sa\u00fade<\/strong><\/p>\n","protected":false},"excerpt":{"rendered":"<p>Ideia-chave: \u201cquem \u00e9 fiel nas coisas pequenas o \u00e9 nas grandes.\u201d (Lc 16,11-12), (Lc 16,1-12) Deus \u00e9 o \u00fanico dono de tudo e n\u00f3s somos, apenas, administradores. Por\u00e9m important\u00edssimos. 1\u00ba A par\u00e1bola do Evangelho hodierno, n\u00e3o \u00e9 nada f\u00e1cil, para ser bem explicada ou entendida. De in\u00edcio, \u00e9 preciso excluir, decididamente, todo e qualquer elogio [&hellip;]<\/p>\n","protected":false},"author":1,"featured_media":55814,"comment_status":"open","ping_status":"closed","sticky":false,"template":"","format":"standard","meta":{"footnotes":""},"categories":[9],"tags":[],"class_list":["post-75920","post","type-post","status-publish","format-standard","has-post-thumbnail","hentry","category-artigos"],"_links":{"self":[{"href":"https:\/\/catolicanet.net\/wp-cnet\/wp-json\/wp\/v2\/posts\/75920","targetHints":{"allow":["GET"]}}],"collection":[{"href":"https:\/\/catolicanet.net\/wp-cnet\/wp-json\/wp\/v2\/posts"}],"about":[{"href":"https:\/\/catolicanet.net\/wp-cnet\/wp-json\/wp\/v2\/types\/post"}],"author":[{"embeddable":true,"href":"https:\/\/catolicanet.net\/wp-cnet\/wp-json\/wp\/v2\/users\/1"}],"replies":[{"embeddable":true,"href":"https:\/\/catolicanet.net\/wp-cnet\/wp-json\/wp\/v2\/comments?post=75920"}],"version-history":[{"count":1,"href":"https:\/\/catolicanet.net\/wp-cnet\/wp-json\/wp\/v2\/posts\/75920\/revisions"}],"predecessor-version":[{"id":75921,"href":"https:\/\/catolicanet.net\/wp-cnet\/wp-json\/wp\/v2\/posts\/75920\/revisions\/75921"}],"wp:featuredmedia":[{"embeddable":true,"href":"https:\/\/catolicanet.net\/wp-cnet\/wp-json\/wp\/v2\/media\/55814"}],"wp:attachment":[{"href":"https:\/\/catolicanet.net\/wp-cnet\/wp-json\/wp\/v2\/media?parent=75920"}],"wp:term":[{"taxonomy":"category","embeddable":true,"href":"https:\/\/catolicanet.net\/wp-cnet\/wp-json\/wp\/v2\/categories?post=75920"},{"taxonomy":"post_tag","embeddable":true,"href":"https:\/\/catolicanet.net\/wp-cnet\/wp-json\/wp\/v2\/tags?post=75920"}],"curies":[{"name":"wp","href":"https:\/\/api.w.org\/{rel}","templated":true}]}}