{"id":75864,"date":"2022-09-12T09:19:31","date_gmt":"2022-09-12T12:19:31","guid":{"rendered":"https:\/\/catolicanet.net\/wp-cnet\/?p=75864"},"modified":"2022-09-12T13:32:03","modified_gmt":"2022-09-12T16:32:03","slug":"hoje-e-a-festa-do-santissimo-nome-de-maria-luz-que-ilumina","status":"publish","type":"post","link":"https:\/\/catolicanet.net\/wp-cnet\/hoje-e-a-festa-do-santissimo-nome-de-maria-luz-que-ilumina\/","title":{"rendered":"Hoje \u00e9 a festa do Sant\u00edssimo Nome de Maria, luz que ilumina"},"content":{"rendered":"<p style=\"text-align: justify;\">Hoje (12) \u00e9 celebrado o Sant\u00edssimo Nome de Maria. \u201cO nome de Maria, que significa Senhora da luz, indica que Deus me encheu de sabedoria e luz, como astros brilhantes, para iluminar os c\u00e9us e a terra\u201d, disse a Virgem \u00e0 Santa Matilde.<\/p>\n<p style=\"text-align: justify;\">Este fato, no qual a M\u00e3e de Deus revela o significado de seu nome para a santa, foi recolhido por s\u00e3o Lu\u00eds Maria Grignion de Montfort, grande propagador da devo\u00e7\u00e3o mariana, no livro \u201cO Segredo do Ros\u00e1rio\u201d.<\/p>\n<p style=\"text-align: justify;\">No Novo Testamento, foi o evangelista Lucas quem deu o nome da donzela que seria a M\u00e3e do Salvador: \u201c\u2026 O nome da virgem era Maria\u201d (Lc 1, 27).<\/p>\n<p style=\"text-align: justify;\">\u00c9 por isso que, desde os primeiros crist\u00e3os at\u00e9 nossos dias, foi honrada com toda classe de t\u00edtulos, porque o \u201cnome\u201d representa a \u201cpessoa\u201d, assim como nos diz o\u00a0Catecismo\u00a0da\u00a0Igreja Cat\u00f3lica (2158):<\/p>\n<p style=\"text-align: justify;\">\u201cO nome de todo homem \u00e9 sagrado. O nome \u00e9 a imagem da pessoa. Exige respeito em sinal da dignidade do que o leva\u201d.<\/p>\n<p style=\"text-align: justify;\">Eis, ent\u00e3o, uma das tantas raz\u00f5es desta importante festa, que foi institu\u00edda com o prop\u00f3sito de que os fi\u00e9is encomendem a Deus, atrav\u00e9s da intercess\u00e3o da Santa M\u00e3e, as necessidades da Igreja, agrade\u00e7am por seu amparo e seus inumer\u00e1veis benef\u00edcios, em especial os que recebem pelas gra\u00e7as e a media\u00e7\u00e3o da\u00a0Virgem Maria.<\/p>\n<p style=\"text-align: justify;\">A celebra\u00e7\u00e3o desta festa foi autorizada pela primeira vez em 1513, na cidade espanhola de Cuenca, de onde se estendeu por toda a Espanha. Em 1683, o papa Inoc\u00eancio XI a admitiu na Igreja do Ocidente como a\u00e7\u00e3o de gra\u00e7as pela vit\u00f3ria sobre os turcos na Batalha de Viena.<\/p>\n<p style=\"text-align: justify;\">Para este dia, selecionamos uma ora\u00e7\u00e3o extra\u00eddo do livro Gl\u00f3rias de Maria, de Santo Afonso Maria de Lig\u00f3rio.<\/p>\n<p style=\"text-align: justify;\"><strong>Ora\u00e7\u00e3o para invocar sempre o nome de Maria Sant\u00edssima<\/strong><\/p>\n<p style=\"text-align: justify;\">Grande M\u00e3e de Deus e minha M\u00e3e, \u00f3 Maria, \u00e9 verdade que eu n\u00e3o sou digno de proferir o vosso nome; mas v\u00f3s, que me tendes amor e desejais minha salva\u00e7\u00e3o, concedei-me, apesar de minha indignidade, a gra\u00e7a de invocar sempre em meu socorro vosso amant\u00edssimo e poderos\u00edssimo nome. Pois \u00e9 ele o aux\u00edlio de quem vive e salva\u00e7\u00e3o de quem morre.<\/p>\n<p style=\"text-align: justify;\">Pur\u00edssima e dulc\u00edssima Virgem Maria, fazei que seja vosso nome de hoje em diante o alento de minha\u00a0vida. Senhora, n\u00e3o tardeis a socorrer-me quando vos invocar. Pois, em todas as tenta\u00e7\u00f5es que me assaltarem, em todas as necessidades que me ocorrerem, n\u00e3o quero deixar de chamar-vos em meu socorro, repetindo sempre:<\/p>\n<p style=\"text-align: justify;\">Maria! Maria! Assim espero fazer durante a vida, assim espero fazer particularmente na hora da morte, para ir depois louvar eternamente no c\u00e9u vosso querido nome, \u00f3 clemente, \u00f3 piedosa, \u00f3 doce Virgem Maria.<\/p>\n","protected":false},"excerpt":{"rendered":"<p>Hoje (12) \u00e9 celebrado o Sant\u00edssimo Nome de Maria. \u201cO nome de Maria, que significa Senhora da luz, indica que Deus me encheu de sabedoria e luz, como astros brilhantes, para iluminar os c\u00e9us e a terra\u201d, disse a Virgem \u00e0 Santa Matilde. Este fato, no qual a M\u00e3e de Deus revela o significado de [&hellip;]<\/p>\n","protected":false},"author":1,"featured_media":75865,"comment_status":"open","ping_status":"closed","sticky":false,"template":"","format":"standard","meta":{"footnotes":""},"categories":[4,13],"tags":[],"class_list":["post-75864","post","type-post","status-publish","format-standard","has-post-thumbnail","hentry","category-cotidiano","category-featured"],"_links":{"self":[{"href":"https:\/\/catolicanet.net\/wp-cnet\/wp-json\/wp\/v2\/posts\/75864","targetHints":{"allow":["GET"]}}],"collection":[{"href":"https:\/\/catolicanet.net\/wp-cnet\/wp-json\/wp\/v2\/posts"}],"about":[{"href":"https:\/\/catolicanet.net\/wp-cnet\/wp-json\/wp\/v2\/types\/post"}],"author":[{"embeddable":true,"href":"https:\/\/catolicanet.net\/wp-cnet\/wp-json\/wp\/v2\/users\/1"}],"replies":[{"embeddable":true,"href":"https:\/\/catolicanet.net\/wp-cnet\/wp-json\/wp\/v2\/comments?post=75864"}],"version-history":[{"count":1,"href":"https:\/\/catolicanet.net\/wp-cnet\/wp-json\/wp\/v2\/posts\/75864\/revisions"}],"predecessor-version":[{"id":75866,"href":"https:\/\/catolicanet.net\/wp-cnet\/wp-json\/wp\/v2\/posts\/75864\/revisions\/75866"}],"wp:featuredmedia":[{"embeddable":true,"href":"https:\/\/catolicanet.net\/wp-cnet\/wp-json\/wp\/v2\/media\/75865"}],"wp:attachment":[{"href":"https:\/\/catolicanet.net\/wp-cnet\/wp-json\/wp\/v2\/media?parent=75864"}],"wp:term":[{"taxonomy":"category","embeddable":true,"href":"https:\/\/catolicanet.net\/wp-cnet\/wp-json\/wp\/v2\/categories?post=75864"},{"taxonomy":"post_tag","embeddable":true,"href":"https:\/\/catolicanet.net\/wp-cnet\/wp-json\/wp\/v2\/tags?post=75864"}],"curies":[{"name":"wp","href":"https:\/\/api.w.org\/{rel}","templated":true}]}}