{"id":75860,"date":"2022-09-12T09:14:56","date_gmt":"2022-09-12T12:14:56","guid":{"rendered":"https:\/\/catolicanet.net\/wp-cnet\/?p=75860"},"modified":"2022-09-12T13:18:43","modified_gmt":"2022-09-12T16:18:43","slug":"celebracao-eucaristica-marca-aniversario-de-8-anos-da-repam-brasil","status":"publish","type":"post","link":"https:\/\/catolicanet.net\/wp-cnet\/celebracao-eucaristica-marca-aniversario-de-8-anos-da-repam-brasil\/","title":{"rendered":"CELEBRA\u00c7\u00c3O EUCAR\u00cdSTICA MARCA ANIVERS\u00c1RIO DE 8 ANOS DA REPAM-BRASIL"},"content":{"rendered":"<p style=\"text-align: justify;\">A REPAM-Brasil realizou na manh\u00e3 desta segunda-feira, 12 de setembro, uma Celebra\u00e7\u00e3o Eucar\u00edstica em A\u00e7\u00e3o de Gra\u00e7as pelo anivers\u00e1rio da Rede Eclesial Pan-Amaz\u00f4nica (REPAM), criada no dia 12 de setembro de 2014. A Rede que tem como miss\u00e3o potencializar, de maneira articulada, a a\u00e7\u00e3o que realiza a Igreja no territ\u00f3rio Pan-Amaz\u00f4nico, por meio da atualiza\u00e7\u00e3o e concretiza\u00e7\u00e3o de op\u00e7\u00f5es apost\u00f3licas conjuntas, tem como protagonistas desta hist\u00f3ria sacerdotes, religiosos, religiosas, leigos e leigas em miss\u00e3o na Amaz\u00f4nia.<\/p>\n<p style=\"text-align: justify;\">A Celebra\u00e7\u00e3o trouxe \u00e0 mem\u00f3ria o primeiro presidente da Rede, o Cardeal Cl\u00e1udio Hummes, falecido em 04 de julho de 2022. Uma planta, a priprioca, dedicada a ele pelos participantes do encontro de ecoteologia, permaneceu aos p\u00e9s do altar. Em v\u00eddeo gravado por ocasi\u00e3o da festa, o bispo da Prelazia de Maraj\u00f3 no Par\u00e1 e presidente da REPAM-Brasil, dom Evaristo Pascoal Spengler, agradeceu o trabalho realizado na Rede, por todas as pessoas de boa vontade\u00a0e acenou para a pessoa de Dom Cl\u00e1udio, o qual denominou \u2018profeta da Amaz\u00f4nia\u2019.<\/p>\n<blockquote><p>\u201cAlgu\u00e9m que esteve muito pr\u00f3ximo do Papa Francisco desde o momento da sua elei\u00e7\u00e3o, ajudando na escolha do nome, ao pedir que n\u00e3o esquecesse dos pobres. Foi uma proximidade que favoreceu a realiza\u00e7\u00e3o do S\u00ednodo para a Amaz\u00f4nia\u201d, destacou dom Evaristo.<\/p><\/blockquote>\n<p style=\"text-align: justify;\">Participaram da Celebra\u00e7\u00e3o Eucar\u00edstica presidida pelo secret\u00e1rio executivo do Centro de Forma\u00e7\u00e3o F\u00e9 e Pol\u00edtica (CEFEP), padre Paulo Adolfo, a equipe da secretaria executiva da REPAM-Brasil, a C\u00e1ritas Brasileira, representada por seu assessor t\u00e9cnico, Jaime Conrado de Oliveira e a CRB Nacional, por meio de sua representante, a secret\u00e1ria executiva Irm\u00e3 V\u00e2nia Fernandes de Oliveira.\u00a0 A comemora\u00e7\u00e3o foi encerrada com uma confraterniza\u00e7\u00e3o.<\/p>\n<p style=\"text-align: justify;\"><strong>Assista mensagem de Dom Evaristo:<\/strong><\/p>\n<div class=\"ast-oembed-container\"><iframe loading=\"lazy\" title=\"Mensagem do Presidente da REPAM-Brasil por ocasi\u00e3o do anivers\u00e1rio da REPAM\" src=\"https:\/\/www.youtube.com\/embed\/qJzN4Sb1wkM?feature=oembed\" width=\"1200\" height=\"675\" frameborder=\"0\" allowfullscreen=\"allowfullscreen\" data-mce-fragment=\"1\"><\/iframe><\/div>\n<pre><strong><em>Com informa\u00e7\u00f5es da Repam-Brasil<\/em><\/strong><\/pre>\n","protected":false},"excerpt":{"rendered":"<p>A REPAM-Brasil realizou na manh\u00e3 desta segunda-feira, 12 de setembro, uma Celebra\u00e7\u00e3o Eucar\u00edstica em A\u00e7\u00e3o de Gra\u00e7as pelo anivers\u00e1rio da Rede Eclesial Pan-Amaz\u00f4nica (REPAM), criada no dia 12 de setembro de 2014. A Rede que tem como miss\u00e3o potencializar, de maneira articulada, a a\u00e7\u00e3o que realiza a Igreja no territ\u00f3rio Pan-Amaz\u00f4nico, por meio da atualiza\u00e7\u00e3o [&hellip;]<\/p>\n","protected":false},"author":1,"featured_media":75861,"comment_status":"open","ping_status":"closed","sticky":false,"template":"","format":"standard","meta":{"footnotes":""},"categories":[7],"tags":[],"class_list":["post-75860","post","type-post","status-publish","format-standard","has-post-thumbnail","hentry","category-cnbb"],"_links":{"self":[{"href":"https:\/\/catolicanet.net\/wp-cnet\/wp-json\/wp\/v2\/posts\/75860","targetHints":{"allow":["GET"]}}],"collection":[{"href":"https:\/\/catolicanet.net\/wp-cnet\/wp-json\/wp\/v2\/posts"}],"about":[{"href":"https:\/\/catolicanet.net\/wp-cnet\/wp-json\/wp\/v2\/types\/post"}],"author":[{"embeddable":true,"href":"https:\/\/catolicanet.net\/wp-cnet\/wp-json\/wp\/v2\/users\/1"}],"replies":[{"embeddable":true,"href":"https:\/\/catolicanet.net\/wp-cnet\/wp-json\/wp\/v2\/comments?post=75860"}],"version-history":[{"count":1,"href":"https:\/\/catolicanet.net\/wp-cnet\/wp-json\/wp\/v2\/posts\/75860\/revisions"}],"predecessor-version":[{"id":75862,"href":"https:\/\/catolicanet.net\/wp-cnet\/wp-json\/wp\/v2\/posts\/75860\/revisions\/75862"}],"wp:featuredmedia":[{"embeddable":true,"href":"https:\/\/catolicanet.net\/wp-cnet\/wp-json\/wp\/v2\/media\/75861"}],"wp:attachment":[{"href":"https:\/\/catolicanet.net\/wp-cnet\/wp-json\/wp\/v2\/media?parent=75860"}],"wp:term":[{"taxonomy":"category","embeddable":true,"href":"https:\/\/catolicanet.net\/wp-cnet\/wp-json\/wp\/v2\/categories?post=75860"},{"taxonomy":"post_tag","embeddable":true,"href":"https:\/\/catolicanet.net\/wp-cnet\/wp-json\/wp\/v2\/tags?post=75860"}],"curies":[{"name":"wp","href":"https:\/\/api.w.org\/{rel}","templated":true}]}}