{"id":75833,"date":"2022-09-08T09:40:46","date_gmt":"2022-09-08T12:40:46","guid":{"rendered":"https:\/\/catolicanet.net\/wp-cnet\/?p=75833"},"modified":"2022-09-12T12:42:50","modified_gmt":"2022-09-12T15:42:50","slug":"natividade-de-nossa-senhora-4","status":"publish","type":"post","link":"https:\/\/catolicanet.net\/wp-cnet\/natividade-de-nossa-senhora-4\/","title":{"rendered":"Natividade de Nossa Senhora"},"content":{"rendered":"<p style=\"text-align: justify;\">\u00a0\u00a0\u00a0\u00a0\u00a0\u00a0\u00a0\u00a0 Temos a gra\u00e7a de celebrarmos neste dia 8 de setembro, a festa da Natividade de Nossa Senhora, exatamente 9 meses ap\u00f3s a festa da Imaculada Concei\u00e7\u00e3o. A Igreja celebra com j\u00fabilo a festa de Nossa Senhora por ser a M\u00e3e de Deus que se faz Homem, por ter dado corpo ao Verbo Divino, para que acontecesse a salva\u00e7\u00e3o da humanidade. A celebra\u00e7\u00e3o do nascimento da Virgem Maria, como disse santo Andr\u00e9 de Creta (cf. Of\u00edcio das leituras), honra a natividade da M\u00e3e de Deus. Neste dia tamb\u00e9m celebramos muitas invoca\u00e7\u00f5es marianas tradicionais. Por\u00e9m, a festa \u00e9 da Natividade de Nossa Senhora.<\/p>\n<p style=\"text-align: justify;\">\u00a0\u00a0\u00a0\u00a0\u00a0\u00a0\u00a0\u00a0 \u201cA celebra\u00e7\u00e3o de hoje \u00e9 para n\u00f3s o come\u00e7o de todas as festas\u201d, afirma o Calend\u00e1rio Lit\u00fargico Bizantino. O nascimento de Maria Sant\u00edssima traz ao mundo o anuncio jubiloso de uma boa nova: a m\u00e3e do Salvador j\u00e1 est\u00e1 entre n\u00f3s. Ele \u00e9 o alvorecer prenunciativo de nossa salva\u00e7\u00e3o, o in\u00edcio hist\u00f3rico da obra da Reden\u00e7\u00e3o.<\/p>\n<p style=\"text-align: justify;\">S\u00e3o Pedro Dami\u00e3o afirma em sua homilia para essa festa: \u201cDeus onipotente, antes que o homem ca\u00edsse, previu a sua queda e decidiu, antes dos s\u00e9culos, a reden\u00e7\u00e3o humana. Decidiu Ele encarnar-se em Maria.\u201d \u201cHoje \u00e9 o dia em que Deus come\u00e7a a p\u00f4r em pr\u00e1tica o seu plano eterno, pois era necess\u00e1rio que se constru\u00edsse a casa, antes que o Rei descesse para habit\u00e1-la. Casa linda, porque, se a Sabedoria constr\u00f3i uma casa com sete colunas trabalhadas, este pal\u00e1cio de Maria est\u00e1 alicer\u00e7ado nos sete dons do Esp\u00edrito Santo. Salom\u00e3o celebrou de modo solen\u00edssimo a inaugura\u00e7\u00e3o de um templo de pedra. Como celebraremos o nascimento de Maria, templo do Verbo encarnado? Naquele dia a gl\u00f3ria de Deus desceu sobre o templo de Jerusal\u00e9m sob forma de nuvem, que o obscureceu.<\/p>\n<p style=\"text-align: justify;\">Nessa festa o mundo cat\u00f3lico admira Nossa Senhora como sendo. Ela a aurora que anuncia o Sol de justi\u00e7a que dissipa as trevas do pecado. Nela, a Igreja convida a\u00a0\u201ccontemplarmos uma menina como todas as outras, e que ao mesmo tempo \u00e9 \u00fanica, pois, Ela \u00e9 a \u201cbendita entre todas as mulheres\u201d (Lc 1, 42), a Imaculada \u201cfilha de Si\u00e3o\u201d, destinada a tornar-se a M\u00e3e do Messias\u201d. (S\u00e3o Jo\u00e3o Paulo II, Audi\u00eancia de 8\/9\/2004).<\/p>\n<p style=\"text-align: justify;\">Na primeira leitura \u2013 Mq 5,1-4 \u2013 ensina que: \u201cDe Bel\u00e9m sair\u00e1 aquele que dominar\u00e1 Israel: Ele dominar\u00e1 e apascentar\u00e1 com a for\u00e7a do Senhor, e os homens viver\u00e3o em paz! Ele mesmo ser\u00e1 a Paz!\u201d. O Messias \u00e9 prometido ao \u201cresto do Povo de Israel\u201d, aos pequenos que preservaram sua f\u00e9 no poder de Deus. Nascer\u00e1 num \u201cpovoado\u201d, mas sua origem \u00e9 divina e vem dos tempos da eternidade!<\/p>\n<p style=\"text-align: justify;\">Os Evangelhos nada dizem sobre sua natividade. Nenhum relato de profecia, nem apari\u00e7\u00f5es de anjos, nem sinais extraordin\u00e1rios s\u00e3o narrados pelos Evangelistas. S\u00f3 no C\u00e9u houve Festa, pois, o Filho de Deus v\u00ea sua M\u00e3e nascer.<\/p>\n<p style=\"text-align: justify;\">No Evangelho \u2013 Mt 1,18-23 \u2013 S\u00e3o Mateus diz que a M\u00e3e de Jesus\u00a0<em>\u201cestava prometida em casamento a Jos\u00e9, e, antes de viverem juntos ela ficou gr\u00e1vida pela a\u00e7\u00e3o do Esp\u00edrito Santo\u201d<\/em><em>. <\/em>As palavras usadas pelo Evangelista s\u00e3o simples, mas escondem uma realidade imensa, misteriosa, inaudita. Pensemos em Jos\u00e9 e Maria, ainda jovens. Eles certamente se amavam; como todo casal piedoso daquela \u00e9poca pensavam em ter filhos \u2013 os filhos eram considerados uma b\u00ean\u00e7\u00e3o de Deus. Mas, eis que antes de viverem juntos, a Virgem se acha gr\u00e1vida por obra do Esp\u00edrito Santo! Deus entra silenciosamente na vida daquele casal. N\u00f3s sabemos, pelo Evangelho de S\u00e3o Lucas, que Maria disse \u201csim\u201d, que Maria acreditou, que Maria deixou que Deus fosse Deus em sua vida:\u00a0<em>\u201cEu sou a serva do Senhor! Fa\u00e7a-se em mim segundo a tua palavra!\u201d (Lc 1,38)<\/em><em>. <\/em>De repente, eis que uma vida de fam\u00edlia, que tinha tudo para ser pacata e serena, viu-se agitada por uma tempestade. Por um lado, a Virgem diz \u201csim\u201d a Deus e, sem saber o que explicar ou como explicar ao noivo, cala-se, abandonando-se confiantemente nas m\u00e3os do Senhor.<\/p>\n<p style=\"text-align: justify;\">\u00a0\u00a0\u00a0\u00a0\u00a0\u00a0\u00a0\u00a0 \u00a0Por outro lado, Jos\u00e9 sabe que o aquele filho n\u00e3o \u00e9 seu; n\u00e3o compreende como Maria poderia ter feito tal coisa com ele: ter-lhe-ia sido infiel? E, no entanto, n\u00e3o ousa difamar a noiva. Resolve deix\u00e1-la secretamente. Quanta dor, quanta d\u00favida, quanto sil\u00eancio: sil\u00eancio de Maria, que n\u00e3o tem o que dizer nem como explicar; sil\u00eancio de Jos\u00e9 que, na dor, n\u00e3o sabe o que perguntar \u00e0 noiva; sil\u00eancio de Deus que, pacientemente, vai tecendo a sua hist\u00f3ria de salva\u00e7\u00e3o na nossa pobre hist\u00f3ria humana. E, ent\u00e3o, como fizera antes com a Virgem, Deus agora dirige sua palavra a Jos\u00e9:\u00a0<em>\u201cJos\u00e9, filho de Davi, n\u00e3o tenhas medo de receber Maria como tua esposa, porque ela concebeu pela a\u00e7\u00e3o do Esp\u00edrito Santo. Ela dar\u00e1 \u00e0 luz um filho, e tu lhe dar\u00e1s o nome de Jesus, pois ele vai salvar o seu povo de seus pecados\u201d.<\/em>\u00a0Aten\u00e7\u00e3o aos detalhes! O Anjo chama Jos\u00e9 de \u201cfilho de Davi\u201d. \u00c9 pelo humilde carpinteiro que Jesus ser\u00e1 descendente de Davi. Note-se que \u00e9 Jos\u00e9 quem deve dar o nome ao Menino, reconhecendo-o como seu filho. Note-se ainda o nome do Menino: Jesus, isto \u00e9, \u201co Senhor salva\u201d! Deus, humildemente, revela seu plano a Jos\u00e9 e, depois de pedir o \u201csim\u201d de Maria, espera o \u201csim\u201d de Jos\u00e9. E, como Maria, Jos\u00e9 cr\u00ea, Jos\u00e9 se abre para Deus em sua vida, Jos\u00e9 mostra-se disposto a abandonar seus planos para abra\u00e7ar os de Deus, Jos\u00e9 diz \u201csim\u201d:\u00a0<em>\u201c<\/em><em>Quando acordou, Jos\u00e9 fez conforme o Anjo do Senhor havia mandado, e aceitou sua esposa!\u201d.<\/em><\/p>\n<p style=\"text-align: justify;\"><em>\u00a0\u00a0\u00a0\u00a0\u00a0\u00a0\u00a0\u00a0 Ao celebramos este dia do nascimento de Maria, queremos recordar que sua vida foi total entrega a Deus. Ela foi agraciada porque foi serva humilde e fiel no plano da salva\u00e7\u00e3o. Que Maria olhe por todos n\u00f3s. Que possamos a cada dia de nossa vida ser como Maria: serva humilde e fiel. Maria, entregamos em a V\u00f3s a nossa vida e toda a nossa caminhada crist\u00e3.<\/em><\/p>\n","protected":false},"excerpt":{"rendered":"<p>\u00a0\u00a0\u00a0\u00a0\u00a0\u00a0\u00a0\u00a0 Temos a gra\u00e7a de celebrarmos neste dia 8 de setembro, a festa da Natividade de Nossa Senhora, exatamente 9 meses ap\u00f3s a festa da Imaculada Concei\u00e7\u00e3o. A Igreja celebra com j\u00fabilo a festa de Nossa Senhora por ser a M\u00e3e de Deus que se faz Homem, por ter dado corpo ao Verbo Divino, para [&hellip;]<\/p>\n","protected":false},"author":5,"featured_media":55819,"comment_status":"open","ping_status":"closed","sticky":false,"template":"","format":"standard","meta":{"footnotes":""},"categories":[9],"tags":[],"class_list":["post-75833","post","type-post","status-publish","format-standard","has-post-thumbnail","hentry","category-artigos"],"_links":{"self":[{"href":"https:\/\/catolicanet.net\/wp-cnet\/wp-json\/wp\/v2\/posts\/75833","targetHints":{"allow":["GET"]}}],"collection":[{"href":"https:\/\/catolicanet.net\/wp-cnet\/wp-json\/wp\/v2\/posts"}],"about":[{"href":"https:\/\/catolicanet.net\/wp-cnet\/wp-json\/wp\/v2\/types\/post"}],"author":[{"embeddable":true,"href":"https:\/\/catolicanet.net\/wp-cnet\/wp-json\/wp\/v2\/users\/5"}],"replies":[{"embeddable":true,"href":"https:\/\/catolicanet.net\/wp-cnet\/wp-json\/wp\/v2\/comments?post=75833"}],"version-history":[{"count":1,"href":"https:\/\/catolicanet.net\/wp-cnet\/wp-json\/wp\/v2\/posts\/75833\/revisions"}],"predecessor-version":[{"id":75834,"href":"https:\/\/catolicanet.net\/wp-cnet\/wp-json\/wp\/v2\/posts\/75833\/revisions\/75834"}],"wp:featuredmedia":[{"embeddable":true,"href":"https:\/\/catolicanet.net\/wp-cnet\/wp-json\/wp\/v2\/media\/55819"}],"wp:attachment":[{"href":"https:\/\/catolicanet.net\/wp-cnet\/wp-json\/wp\/v2\/media?parent=75833"}],"wp:term":[{"taxonomy":"category","embeddable":true,"href":"https:\/\/catolicanet.net\/wp-cnet\/wp-json\/wp\/v2\/categories?post=75833"},{"taxonomy":"post_tag","embeddable":true,"href":"https:\/\/catolicanet.net\/wp-cnet\/wp-json\/wp\/v2\/tags?post=75833"}],"curies":[{"name":"wp","href":"https:\/\/api.w.org\/{rel}","templated":true}]}}