{"id":75788,"date":"2022-09-06T09:38:51","date_gmt":"2022-09-06T12:38:51","guid":{"rendered":"https:\/\/catolicanet.net\/wp-cnet\/?p=75788"},"modified":"2022-09-06T12:59:30","modified_gmt":"2022-09-06T15:59:30","slug":"agentes-da-pascom-do-mato-grosso-participam-de-encontro-formativo-em-cuiaba","status":"publish","type":"post","link":"https:\/\/catolicanet.net\/wp-cnet\/agentes-da-pascom-do-mato-grosso-participam-de-encontro-formativo-em-cuiaba\/","title":{"rendered":"AGENTES DA PASCOM DO MATO GROSSO PARTICIPAM DE ENCONTRO FORMATIVO EM CUIAB\u00c1"},"content":{"rendered":"<p style=\"text-align: justify;\">Os agentes da Pastoral da Comunica\u00e7\u00e3o (Pascom) das dioceses de C\u00e1ceres, Diamantino, Rondon\u00f3polis-Guiratinga, Primavera do Leste-Paranatinga e Ju\u00edna participaram, em Cuiab\u00e1, nos dias 3 e 4 de setembro, do Encontro Regional de Forma\u00e7\u00e3o para Agentes da Pascom promovido pelo Regional Oeste 2 da Confer\u00eancia Nacional dos Bispos do Brasil (CNBB) em Mato Grosso.<\/p>\n<p style=\"text-align: justify;\">O evento foi assessorado pelo jornalista Ricardo Alvarenga, professor-doutor em Comunica\u00e7\u00e3o e membro do Grupo de Reflex\u00e3o em Comunica\u00e7\u00e3o da CNBB. O tema abordado foi \u201cA Pastoral da Comunica\u00e7\u00e3o e a Comunica\u00e7\u00e3o das Pastorais: caminho de integra\u00e7\u00e3o e sinodalidade\u201d.<\/p>\n<p style=\"text-align: justify;\"><a href=\"https:\/\/www.cnbbo2.org.br\/encontro-regional-de-formacao-para-agentes-da-pastoral-da-comunicacao-pascom\/#prettyPhoto\" target=\"_blank\" rel=\"noopener\">Confira a not\u00edcia na \u00edntegra.<\/a><\/p>\n","protected":false},"excerpt":{"rendered":"<p>Os agentes da Pastoral da Comunica\u00e7\u00e3o (Pascom) das dioceses de C\u00e1ceres, Diamantino, Rondon\u00f3polis-Guiratinga, Primavera do Leste-Paranatinga e Ju\u00edna participaram, em Cuiab\u00e1, nos dias 3 e 4 de setembro, do Encontro Regional de Forma\u00e7\u00e3o para Agentes da Pascom promovido pelo Regional Oeste 2 da Confer\u00eancia Nacional dos Bispos do Brasil (CNBB) em Mato Grosso. O evento [&hellip;]<\/p>\n","protected":false},"author":1,"featured_media":75789,"comment_status":"open","ping_status":"closed","sticky":false,"template":"","format":"standard","meta":{"footnotes":""},"categories":[7],"tags":[],"class_list":["post-75788","post","type-post","status-publish","format-standard","has-post-thumbnail","hentry","category-cnbb"],"_links":{"self":[{"href":"https:\/\/catolicanet.net\/wp-cnet\/wp-json\/wp\/v2\/posts\/75788","targetHints":{"allow":["GET"]}}],"collection":[{"href":"https:\/\/catolicanet.net\/wp-cnet\/wp-json\/wp\/v2\/posts"}],"about":[{"href":"https:\/\/catolicanet.net\/wp-cnet\/wp-json\/wp\/v2\/types\/post"}],"author":[{"embeddable":true,"href":"https:\/\/catolicanet.net\/wp-cnet\/wp-json\/wp\/v2\/users\/1"}],"replies":[{"embeddable":true,"href":"https:\/\/catolicanet.net\/wp-cnet\/wp-json\/wp\/v2\/comments?post=75788"}],"version-history":[{"count":1,"href":"https:\/\/catolicanet.net\/wp-cnet\/wp-json\/wp\/v2\/posts\/75788\/revisions"}],"predecessor-version":[{"id":75790,"href":"https:\/\/catolicanet.net\/wp-cnet\/wp-json\/wp\/v2\/posts\/75788\/revisions\/75790"}],"wp:featuredmedia":[{"embeddable":true,"href":"https:\/\/catolicanet.net\/wp-cnet\/wp-json\/wp\/v2\/media\/75789"}],"wp:attachment":[{"href":"https:\/\/catolicanet.net\/wp-cnet\/wp-json\/wp\/v2\/media?parent=75788"}],"wp:term":[{"taxonomy":"category","embeddable":true,"href":"https:\/\/catolicanet.net\/wp-cnet\/wp-json\/wp\/v2\/categories?post=75788"},{"taxonomy":"post_tag","embeddable":true,"href":"https:\/\/catolicanet.net\/wp-cnet\/wp-json\/wp\/v2\/tags?post=75788"}],"curies":[{"name":"wp","href":"https:\/\/api.w.org\/{rel}","templated":true}]}}