{"id":75780,"date":"2022-09-06T09:55:44","date_gmt":"2022-09-06T12:55:44","guid":{"rendered":"https:\/\/catolicanet.net\/wp-cnet\/?p=75780"},"modified":"2022-09-06T12:57:21","modified_gmt":"2022-09-06T15:57:21","slug":"xvi-congresso-da-pastoral-familiar-fomos-testemunhas-do-quanto-a-santidade-esta-presente-na-vida-das-familias","status":"publish","type":"post","link":"https:\/\/catolicanet.net\/wp-cnet\/xvi-congresso-da-pastoral-familiar-fomos-testemunhas-do-quanto-a-santidade-esta-presente-na-vida-das-familias\/","title":{"rendered":"XVI CONGRESSO DA PASTORAL FAMILIAR: \u201cFOMOS TESTEMUNHAS DO QUANTO A SANTIDADE EST\u00c1 PRESENTE NA VIDA DAS FAM\u00cdLIAS\u201d"},"content":{"rendered":"<p style=\"text-align: justify;\">A Comiss\u00e3o Nacional da Pastoral Familiar (CNPF) realizou, de 26 a 28 de agosto, em Governador Celso Ramos (SC), o XVI Congresso Nacional da Pastoral Familiar. O evento foi acolhido pela arquidiocese de Florian\u00f3polis e organizado pelo Regional Sul 4 da Confer\u00eancia Nacional dos Bispos do Brasil (CNBB). O tema escolhido para animar as reflex\u00f5es esteve em sintonia com o X Encontro Mundial das Fam\u00edlias: \u201cAmor Fam\u00edlia: voca\u00e7\u00e3o e caminho de santidade\u201d.<\/p>\n<p style=\"text-align: justify;\">Na abertura do evento, foi exibida uma\u00a0<a href=\"http:\/\/vidaefamilia.org.br\/dom-walmor-congresso\/\" target=\"_blank\" rel=\"noopener\">mensagem do arcebispo de Belo Horizonte (MG) e presidente da CNBB, dom Walmor Oliveira de Azevedo<\/a>, na qual ele destacou que \u201co amor em fam\u00edlia evangeliza, pois inspira a viv\u00eancia amorosa\u201d<\/p>\n<blockquote><p>\u201cNesse tempo em que muitas pessoas est\u00e3o distantes da Igreja, necessitados de ouvir a Palavra de Deus, cada fam\u00edlia crist\u00e3 \u00e9 chamada a ser, sempre mais, Igreja dom\u00e9stica fortalecendo la\u00e7os de amor, dedicando-se a momentos de ora\u00e7\u00e3o ao redor da Palavra de Deus. As fam\u00edlias crist\u00e3s, ao viverem os valores do Evangelho, inspiram convers\u00e3o, muitas vezes sem dizer uma s\u00f3 palavra. Por isso mesmo, a Pastoral Familiar, em nossas comunidades de f\u00e9, precisa reunir sempre e cada vez mais os seus filhos\u201d, disse o presidente da CNBB.<\/p><\/blockquote>\n<p style=\"text-align: justify;\">Palestras, testemunhos, momentos de espiritualidade e conviv\u00eancia e apresenta\u00e7\u00f5es culturais marcaram o evento, que reuniu cerca de 1400 pessoas entre agentes de pastoral e de movimentos, padres, religiosos e religiosas e bispos de v\u00e1rias partes do pa\u00eds.<\/p>\n<p style=\"text-align: justify;\">A Comiss\u00e3o Nacional da Pastoral Familiar disponibilizou todos os materiais das palestras para aprofundamento.\u00a0<a href=\"http:\/\/vidaefamilia.org.br\/xvi-congresso-baixar-materiais-palestras\/\" target=\"_blank\" rel=\"noopener\">Acesse aqui.<\/a><\/p>\n<p id=\"block-bdded831-93a9-4f3f-9859-a81ce6f342b4\" style=\"text-align: justify;\">Ao final do XVI Congresso Nacional da Pastoral Familiar, foi divulgada a \u201cCarta \u00e0s fam\u00edlias\u201d. No texto, assinado pelo secret\u00e1rio executivo da Comiss\u00e3o Nacional da Pastoral Familiar, padre Crispim Guimar\u00e3es, os participantes afirmam que foram \u201ctestemunhas do quanto a santidade est\u00e1 presente na vida das fam\u00edlias, mesmo aqueles\/as que est\u00e3o nos altares ou a caminho, se originaram e viveram em fam\u00edlia\u201d.<\/p>\n<p style=\"text-align: justify;\"><a href=\"http:\/\/vidaefamilia.org.br\/xvi-congresso-carta-familias\/\" target=\"_blank\" rel=\"noopener\">Confira o texto na \u00edntegra.\u00a0<\/a><\/p>\n","protected":false},"excerpt":{"rendered":"<p>A Comiss\u00e3o Nacional da Pastoral Familiar (CNPF) realizou, de 26 a 28 de agosto, em Governador Celso Ramos (SC), o XVI Congresso Nacional da Pastoral Familiar. O evento foi acolhido pela arquidiocese de Florian\u00f3polis e organizado pelo Regional Sul 4 da Confer\u00eancia Nacional dos Bispos do Brasil (CNBB). O tema escolhido para animar as reflex\u00f5es [&hellip;]<\/p>\n","protected":false},"author":1,"featured_media":75781,"comment_status":"open","ping_status":"closed","sticky":false,"template":"","format":"standard","meta":{"footnotes":""},"categories":[7,13],"tags":[],"class_list":["post-75780","post","type-post","status-publish","format-standard","has-post-thumbnail","hentry","category-cnbb","category-featured"],"_links":{"self":[{"href":"https:\/\/catolicanet.net\/wp-cnet\/wp-json\/wp\/v2\/posts\/75780","targetHints":{"allow":["GET"]}}],"collection":[{"href":"https:\/\/catolicanet.net\/wp-cnet\/wp-json\/wp\/v2\/posts"}],"about":[{"href":"https:\/\/catolicanet.net\/wp-cnet\/wp-json\/wp\/v2\/types\/post"}],"author":[{"embeddable":true,"href":"https:\/\/catolicanet.net\/wp-cnet\/wp-json\/wp\/v2\/users\/1"}],"replies":[{"embeddable":true,"href":"https:\/\/catolicanet.net\/wp-cnet\/wp-json\/wp\/v2\/comments?post=75780"}],"version-history":[{"count":1,"href":"https:\/\/catolicanet.net\/wp-cnet\/wp-json\/wp\/v2\/posts\/75780\/revisions"}],"predecessor-version":[{"id":75782,"href":"https:\/\/catolicanet.net\/wp-cnet\/wp-json\/wp\/v2\/posts\/75780\/revisions\/75782"}],"wp:featuredmedia":[{"embeddable":true,"href":"https:\/\/catolicanet.net\/wp-cnet\/wp-json\/wp\/v2\/media\/75781"}],"wp:attachment":[{"href":"https:\/\/catolicanet.net\/wp-cnet\/wp-json\/wp\/v2\/media?parent=75780"}],"wp:term":[{"taxonomy":"category","embeddable":true,"href":"https:\/\/catolicanet.net\/wp-cnet\/wp-json\/wp\/v2\/categories?post=75780"},{"taxonomy":"post_tag","embeddable":true,"href":"https:\/\/catolicanet.net\/wp-cnet\/wp-json\/wp\/v2\/tags?post=75780"}],"curies":[{"name":"wp","href":"https:\/\/api.w.org\/{rel}","templated":true}]}}