{"id":75764,"date":"2022-09-02T10:05:43","date_gmt":"2022-09-02T13:05:43","guid":{"rendered":"https:\/\/catolicanet.net\/wp-cnet\/?p=75764"},"modified":"2022-09-05T18:06:54","modified_gmt":"2022-09-05T21:06:54","slug":"deus-infinito-em-todo-o-finito","status":"publish","type":"post","link":"https:\/\/catolicanet.net\/wp-cnet\/deus-infinito-em-todo-o-finito\/","title":{"rendered":"Deus infinito em todo o finito"},"content":{"rendered":"<p style=\"text-align: justify;\">No mundo, no qual nos encontramos e estamos inseridos, nada \u00e9 permanente, mesmo quando as realiza\u00e7\u00f5es humanas parecem se aproximar do \u00fanico e perfeito, as mais estupendas e prodigiosas, na clareza e na consci\u00eancia das pessoas em que tudo se encaminha como destino ou revela parecer magnificamente impec\u00e1vel. Qu\u00e3o misteriosa \u00e9 a esperan\u00e7a, na trajet\u00f3ria da nossa gente, pelos sinais benevolentes da complac\u00eancia de Deus, convencendo-nos sempre mais da import\u00e2ncia da Cartilha, gram\u00e1tica ou enciclop\u00e9dia do povo de Deus, o Livro Sagrado, inspirado e inspirador, que, de modo correto, orienta homens e mulheres nas diversidades de dons, talentos, carismas e fun\u00e7\u00f5es!<\/p>\n<p style=\"text-align: justify;\">Mist\u00e9rio da esperan\u00e7a, sim, na palavra de Deus, escrita num passado distante, por pessoas que viveram determinados contextos diferentes do nosso, com o qual, como dom e gra\u00e7a, possamos muito nos importar! Ela \u00e9 sempre atual, viva e eficaz, mais cortante que qualquer espada de dois gumes, capaz de penetrar, a ponto de dividir alma e esp\u00edrito, e sempre eterna (cf. Hb 4, 12). No tema central do livro de Josu\u00e9, que \u00e9 a entrada do povo de Deus na Terra Prometida, ap\u00f3s longo e penoso tempo de caminhada pelo deserto, vemos a \u00e2nsia pela liberta\u00e7\u00e3o da escravid\u00e3o do Egito, na busca esperan\u00e7osa das promessas feitas por Deus a seu povo.<\/p>\n<p style=\"text-align: justify;\">Da\u00ed n\u00e3o hesitar, mesmo diante da verdade do ac\u00famulo do saber, do amor humano, por vezes incomensur\u00e1vel, saber este que est\u00e1 presente e subsistente no passar das gera\u00e7\u00f5es dos pais, filhos, netos e bisnetos. Esse mesmo amor \u00e9 o da luminosidade na caminhada humana, na teimosia de seu prosseguimento, atrav\u00e9s dos tempos, mas para os que partem, no p\u00f4r do sol ou ocaso, quando nem tudo caminhou satisfatoriamente, faltando o acabamento final, no encontro das consci\u00eancias e individualidades das pessoas, \u00e0 luz da esperan\u00e7a crist\u00e3, no seu sentido mais abrangente.<\/p>\n<p style=\"text-align: justify;\">No setembro do Livro Sagrado, n\u00e3o esquecer a c\u00e9lebre frase de S\u00e3o Jer\u00f4nimo, sempre citada no decorrer da hist\u00f3ria do povo de Deus, sem se preterir: \u201cIgnorar as Escrituras \u00e9 ignorar o pr\u00f3prio Cristo\u201d. Eis um amor e um zelo t\u00e3o profundo do especialista da Palavra de Deus, tendo-a como manancial inesgot\u00e1vel em sua vida. A partir de S\u00e3o Jer\u00f4nimo, eis o desafio mais elevado, o da vida terrestre, o da exist\u00eancia humana, pelo referencial acima, no desejo do amor eterno, na entrega indulgente e clemente, numa docilidade insond\u00e1vel e ininterrupta.<\/p>\n<p style=\"text-align: justify;\">Alvorecer ou crep\u00fasculo, sim, em meio aos sinais transit\u00f3rios da vida, no persistente convencimento de realiza\u00e7\u00e3o e satisfa\u00e7\u00e3o, j\u00e1 aqui, pelas pr\u00e1ticas do bem, da justi\u00e7a e da paz, no sonho para al\u00e9m da utopia, da plenitude da vida, como na fala do te\u00f3logo Hans K\u00fcng: \u201cDeus \u00e9 mais real do que toda a realidade; ele \u00e9 realidade \u00faltima no cora\u00e7\u00e3o dos homens e das coisas. Deus, infinito em todo o finito; permanente em todo passageiro; incondicional e absoluto em todo condicional e relativo\u201d. Assim seja!<\/p>\n","protected":false},"excerpt":{"rendered":"<p>No mundo, no qual nos encontramos e estamos inseridos, nada \u00e9 permanente, mesmo quando as realiza\u00e7\u00f5es humanas parecem se aproximar do \u00fanico e perfeito, as mais estupendas e prodigiosas, na clareza e na consci\u00eancia das pessoas em que tudo se encaminha como destino ou revela parecer magnificamente impec\u00e1vel. Qu\u00e3o misteriosa \u00e9 a esperan\u00e7a, na trajet\u00f3ria [&hellip;]<\/p>\n","protected":false},"author":6,"featured_media":55824,"comment_status":"open","ping_status":"closed","sticky":false,"template":"","format":"standard","meta":{"footnotes":""},"categories":[9],"tags":[],"class_list":["post-75764","post","type-post","status-publish","format-standard","has-post-thumbnail","hentry","category-artigos"],"_links":{"self":[{"href":"https:\/\/catolicanet.net\/wp-cnet\/wp-json\/wp\/v2\/posts\/75764","targetHints":{"allow":["GET"]}}],"collection":[{"href":"https:\/\/catolicanet.net\/wp-cnet\/wp-json\/wp\/v2\/posts"}],"about":[{"href":"https:\/\/catolicanet.net\/wp-cnet\/wp-json\/wp\/v2\/types\/post"}],"author":[{"embeddable":true,"href":"https:\/\/catolicanet.net\/wp-cnet\/wp-json\/wp\/v2\/users\/6"}],"replies":[{"embeddable":true,"href":"https:\/\/catolicanet.net\/wp-cnet\/wp-json\/wp\/v2\/comments?post=75764"}],"version-history":[{"count":1,"href":"https:\/\/catolicanet.net\/wp-cnet\/wp-json\/wp\/v2\/posts\/75764\/revisions"}],"predecessor-version":[{"id":75765,"href":"https:\/\/catolicanet.net\/wp-cnet\/wp-json\/wp\/v2\/posts\/75764\/revisions\/75765"}],"wp:featuredmedia":[{"embeddable":true,"href":"https:\/\/catolicanet.net\/wp-cnet\/wp-json\/wp\/v2\/media\/55824"}],"wp:attachment":[{"href":"https:\/\/catolicanet.net\/wp-cnet\/wp-json\/wp\/v2\/media?parent=75764"}],"wp:term":[{"taxonomy":"category","embeddable":true,"href":"https:\/\/catolicanet.net\/wp-cnet\/wp-json\/wp\/v2\/categories?post=75764"},{"taxonomy":"post_tag","embeddable":true,"href":"https:\/\/catolicanet.net\/wp-cnet\/wp-json\/wp\/v2\/tags?post=75764"}],"curies":[{"name":"wp","href":"https:\/\/api.w.org\/{rel}","templated":true}]}}