{"id":75751,"date":"2022-09-03T10:00:20","date_gmt":"2022-09-03T13:00:20","guid":{"rendered":"https:\/\/catolicanet.net\/wp-cnet\/?p=75751"},"modified":"2022-09-05T18:01:24","modified_gmt":"2022-09-05T21:01:24","slug":"xxiii-domingo-do-tempo-comum-2","status":"publish","type":"post","link":"https:\/\/catolicanet.net\/wp-cnet\/xxiii-domingo-do-tempo-comum-2\/","title":{"rendered":"XXIII DOMINGO DO TEMPO COMUM"},"content":{"rendered":"<p style=\"text-align: center;\"><em>\u201cQuem n\u00e3o carrega sua cruz e n\u00e3o caminha atr\u00e1s de mim, n\u00e3o pode ser meu disc\u00edpulo.\u201d (cf. Lc 14,27)<\/em><\/p>\n<p style=\"text-align: justify;\">A Liturgia do Vig\u00e9simo Terceiro Domingo do Tempo Comum, somos inseridos no desafio de vivenciar o discipulado em nossas vidas, atrav\u00e9s de um caminho de ren\u00fancia do bel-prazer que o mundo possa nos oferecer e que vai ao desencontro com as obras do Reino de Deus.<\/p>\n<p style=\"text-align: justify;\">A Primeira Leitura retirada do Livro da Sabedoria <em>(Sb 9,13-18),<\/em> o autor sagrado nos adverte sobre a import\u00e2ncia de reconhecer os des\u00edgnios de Deus pelo Esp\u00edrito enviado do Alto como, tamb\u00e9m, a Sabedoria que \u00e9 nos dada, real sinal de compreens\u00e3o da Palavra que faz reconhecer as Obras de Deus em nossas vidas. \u201c<em>S\u00f3 assim se tornaram retos os caminhos dos que est\u00e3o na terra, e os homens aprenderam o que te agrada, e pela Sabedoria foram salvos\u201d (cf. Sb 9,18).<\/em><\/p>\n<p style=\"text-align: justify;\">O Evangelho de Lucas <em>(Lc 14,25-33),<\/em> Jesus exorta-nos sobre a viv\u00eancia do caminho do discipulado, tarefa \u00e1rdua que requer ren\u00fancia e desapego sobre as coisas que possam desvirtuar os passos da miss\u00e3o, afinal, o disc\u00edpulo \u00e9 aquele que deixa fam\u00edlia, a casa, os amigos para se entregar em raz\u00e3o para a edifica\u00e7\u00e3o do Reino de Amor. Entretanto, tudo deve ser feito comunh\u00e3o no prop\u00f3sito de vivenciar, sem medidas, a Palavra de Deus, pois <em>\u201cquem n\u00e3o carrega sua cruz e n\u00e3o caminha atr\u00e1s de mim, n\u00e3o pode ser meu disc\u00edpulo\u201d (cf. Lc 14,27).<\/em><\/p>\n<p style=\"text-align: justify;\">\u00a0E a Segunda Leitura extra\u00edda da Carta de S\u00e3o Paulo a Fil\u00eamon <em>(Fm 9b-10.12-17),<\/em> Paulo pede a Fil\u00eamon para acolher seu filho na f\u00e9, On\u00e9simo, acolhendo-o como se fosse o seu pr\u00f3prio cora\u00e7\u00e3o. Embora, anteriormente, On\u00e9simo era escravo de Fil\u00eamon, Paulo ressalta para acolher como um irm\u00e3o querido, pois aqueles que s\u00e3o renascidos em Jesus Cristo est\u00e3o numa \u00fanica comunh\u00e3o e todos s\u00e3o em um em Cristo. Assim, Paulo ressalta: <em>Se ele te foi retirado por algum tempo, talvez seja para que o tenhas de volta para sempre, j\u00e1 n\u00e3o como escravo, mas, muito mais do que isso, como um irm\u00e3o querido, muit\u00edssimo querido para mim quanto mais ele o for para ti, tanto como pessoa humana quanto como irm\u00e3o no Senhor. Assim, se est\u00e1s em comunh\u00e3o de f\u00e9 comigo, recebe-o como se fosse a mim mesmo\u201d (cf. Fm 15-17).<\/em><\/p>\n<p style=\"text-align: justify;\">Vivificados pela Liturgia deste Domingo, possamos buscar a ren\u00fancia di\u00e1ria dos prazeres terrenos e buscar as coisas do Alto, tomando a cruz de cada dia, fortificando nossos passos para o alcance das del\u00edcias do Reino. Assim, iremos bendizer em cada momento de nossas vidas at\u00e9 o encontro definitivo com Deus e ecoar tal j\u00fabilo: \u201cV\u00f3s fostes, \u00f3 Senhor, um ref\u00fagio para n\u00f3s\u201d <em>(cf. Sl 89(90) 1).<\/em><\/p>\n<p style=\"text-align: justify;\">\n<p style=\"text-align: justify;\"><em>Sauda\u00e7\u00f5es em Cristo!<\/em><\/p>\n","protected":false},"excerpt":{"rendered":"<p>\u201cQuem n\u00e3o carrega sua cruz e n\u00e3o caminha atr\u00e1s de mim, n\u00e3o pode ser meu disc\u00edpulo.\u201d (cf. Lc 14,27) A Liturgia do Vig\u00e9simo Terceiro Domingo do Tempo Comum, somos inseridos no desafio de vivenciar o discipulado em nossas vidas, atrav\u00e9s de um caminho de ren\u00fancia do bel-prazer que o mundo possa nos oferecer e que [&hellip;]<\/p>\n","protected":false},"author":10,"featured_media":55817,"comment_status":"open","ping_status":"closed","sticky":false,"template":"","format":"standard","meta":{"footnotes":""},"categories":[9],"tags":[],"class_list":["post-75751","post","type-post","status-publish","format-standard","has-post-thumbnail","hentry","category-artigos"],"_links":{"self":[{"href":"https:\/\/catolicanet.net\/wp-cnet\/wp-json\/wp\/v2\/posts\/75751","targetHints":{"allow":["GET"]}}],"collection":[{"href":"https:\/\/catolicanet.net\/wp-cnet\/wp-json\/wp\/v2\/posts"}],"about":[{"href":"https:\/\/catolicanet.net\/wp-cnet\/wp-json\/wp\/v2\/types\/post"}],"author":[{"embeddable":true,"href":"https:\/\/catolicanet.net\/wp-cnet\/wp-json\/wp\/v2\/users\/10"}],"replies":[{"embeddable":true,"href":"https:\/\/catolicanet.net\/wp-cnet\/wp-json\/wp\/v2\/comments?post=75751"}],"version-history":[{"count":1,"href":"https:\/\/catolicanet.net\/wp-cnet\/wp-json\/wp\/v2\/posts\/75751\/revisions"}],"predecessor-version":[{"id":75752,"href":"https:\/\/catolicanet.net\/wp-cnet\/wp-json\/wp\/v2\/posts\/75751\/revisions\/75752"}],"wp:featuredmedia":[{"embeddable":true,"href":"https:\/\/catolicanet.net\/wp-cnet\/wp-json\/wp\/v2\/media\/55817"}],"wp:attachment":[{"href":"https:\/\/catolicanet.net\/wp-cnet\/wp-json\/wp\/v2\/media?parent=75751"}],"wp:term":[{"taxonomy":"category","embeddable":true,"href":"https:\/\/catolicanet.net\/wp-cnet\/wp-json\/wp\/v2\/categories?post=75751"},{"taxonomy":"post_tag","embeddable":true,"href":"https:\/\/catolicanet.net\/wp-cnet\/wp-json\/wp\/v2\/tags?post=75751"}],"curies":[{"name":"wp","href":"https:\/\/api.w.org\/{rel}","templated":true}]}}