{"id":75680,"date":"2022-09-01T09:27:07","date_gmt":"2022-09-01T12:27:07","guid":{"rendered":"https:\/\/catolicanet.net\/wp-cnet\/?p=75680"},"modified":"2022-09-01T17:27:58","modified_gmt":"2022-09-01T20:27:58","slug":"bispos-rezam-o-terco-nas-sessoes-reservadas-jeito-que-a-maioria-do-povo-brasileiro-reza-afirmou-dom-joel-amado","status":"publish","type":"post","link":"https:\/\/catolicanet.net\/wp-cnet\/bispos-rezam-o-terco-nas-sessoes-reservadas-jeito-que-a-maioria-do-povo-brasileiro-reza-afirmou-dom-joel-amado\/","title":{"rendered":"BISPOS REZAM O TER\u00c7O NAS SESS\u00d5ES RESERVADAS: \u201cJEITO QUE A MAIORIA DO POVO BRASILEIRO REZA\u201d, AFIRMOU DOM JOEL AMADO"},"content":{"rendered":"<p style=\"text-align: justify;\">Os bispos reunidos na 59\u00aa Assembleia Geral da Confer\u00eancia Nacional dos Bispos do Brasil (CNBB) escolheram vivenciar um momento a mais de espiritualidade durante o encontro anual. Antes de cada sess\u00e3o reservada, realizada nas tardes de cada dia do encontro, os prelados chegam meia hora antes ao audit\u00f3rio No\u00e9 Sotillo para a medita\u00e7\u00e3o do Ter\u00e7o, devocional mariano de grande popularidade no Brasil.<\/p>\n<p style=\"text-align: justify;\">\u201cN\u00f3s quisemos rezar com o povo brasileiro, do jeito que a maioria do povo brasileiro reza, que \u00e9 com o ter\u00e7o\u201d, ressaltou o bispo auxiliar da arquidiocese do Rio de Janeiro (RJ) e secret\u00e1rio-geral da CNBB, dom Joel Portella Amado.<\/p>\n<p style=\"text-align: justify;\">Ele conta que o momento n\u00e3o estava planejado, e que foi um pedido dos bispos para anteceder as sess\u00f5es reservadas. \u201cSe todos os assuntos s\u00e3o importantes e delicados para o bem de toda a Igreja, mais ainda aqueles assuntos que s\u00e3o especificamente reservados dos bispos, e s\u00f3 os bispos participam dessas sess\u00f5es chamadas reservadas\u201d, explicou.<\/p>\n<blockquote><p>\u201cCome\u00e7amos rezando, embora na Casa da M\u00e3e Maria, o que, em si j\u00e1 \u00e9 importante, com a Missa, a Liturgia das Horas, mas n\u00f3s quisemos rezar com o povo brasileiro do jeito que a maioria do povo brasileiro reza que \u00e9 com o ter\u00e7o. Ent\u00e3o, nesse sentido, est\u00e1 sendo muito significativo que toda tarde, \u00e0s 15h30, rezemos o ter\u00e7o at\u00e9 sexta-feira\u201d, afirmou.<\/p>\n<figure id=\"attachment_929313\" class=\"wp-caption aligncenter\" aria-describedby=\"caption-attachment-929313\"><img loading=\"lazy\" decoding=\"async\" class=\"wp-image-929313 size-full\" src=\"https:\/\/eadn-wc02-718006.nxedge.io\/cdn\/wp-content\/uploads\/2022\/08\/Terco.jpg\" sizes=\"auto, (max-width: 640px) 100vw, 640px\" srcset=\"https:\/\/eadn-wc02-718006.nxedge.io\/cdn\/wp-content\/uploads\/2022\/08\/Terco.jpg 640w, https:\/\/eadn-wc02-718006.nxedge.io\/cdn\/wp-content\/uploads\/2022\/08\/Terco-300x168.jpg 300w, https:\/\/eadn-wc02-718006.nxedge.io\/cdn\/wp-content\/uploads\/2022\/08\/Terco-500x280.jpg 500w\" alt=\"\" width=\"640\" height=\"359\" \/><figcaption id=\"caption-attachment-929313\" class=\"wp-caption-text\">Ora\u00e7\u00e3o di\u00e1ria do ter\u00e7o antes das reuni\u00f5es reservadas no Santu\u00e1rio Nacional. | Foto: Luiz Lopes \u2013 Ascom 59\u00aa AG CNBB<\/figcaption><\/figure>\n<\/blockquote>\n","protected":false},"excerpt":{"rendered":"<p>Os bispos reunidos na 59\u00aa Assembleia Geral da Confer\u00eancia Nacional dos Bispos do Brasil (CNBB) escolheram vivenciar um momento a mais de espiritualidade durante o encontro anual. Antes de cada sess\u00e3o reservada, realizada nas tardes de cada dia do encontro, os prelados chegam meia hora antes ao audit\u00f3rio No\u00e9 Sotillo para a medita\u00e7\u00e3o do Ter\u00e7o, [&hellip;]<\/p>\n","protected":false},"author":1,"featured_media":75681,"comment_status":"open","ping_status":"closed","sticky":false,"template":"","format":"standard","meta":{"footnotes":""},"categories":[7],"tags":[],"class_list":["post-75680","post","type-post","status-publish","format-standard","has-post-thumbnail","hentry","category-cnbb"],"_links":{"self":[{"href":"https:\/\/catolicanet.net\/wp-cnet\/wp-json\/wp\/v2\/posts\/75680","targetHints":{"allow":["GET"]}}],"collection":[{"href":"https:\/\/catolicanet.net\/wp-cnet\/wp-json\/wp\/v2\/posts"}],"about":[{"href":"https:\/\/catolicanet.net\/wp-cnet\/wp-json\/wp\/v2\/types\/post"}],"author":[{"embeddable":true,"href":"https:\/\/catolicanet.net\/wp-cnet\/wp-json\/wp\/v2\/users\/1"}],"replies":[{"embeddable":true,"href":"https:\/\/catolicanet.net\/wp-cnet\/wp-json\/wp\/v2\/comments?post=75680"}],"version-history":[{"count":1,"href":"https:\/\/catolicanet.net\/wp-cnet\/wp-json\/wp\/v2\/posts\/75680\/revisions"}],"predecessor-version":[{"id":75682,"href":"https:\/\/catolicanet.net\/wp-cnet\/wp-json\/wp\/v2\/posts\/75680\/revisions\/75682"}],"wp:featuredmedia":[{"embeddable":true,"href":"https:\/\/catolicanet.net\/wp-cnet\/wp-json\/wp\/v2\/media\/75681"}],"wp:attachment":[{"href":"https:\/\/catolicanet.net\/wp-cnet\/wp-json\/wp\/v2\/media?parent=75680"}],"wp:term":[{"taxonomy":"category","embeddable":true,"href":"https:\/\/catolicanet.net\/wp-cnet\/wp-json\/wp\/v2\/categories?post=75680"},{"taxonomy":"post_tag","embeddable":true,"href":"https:\/\/catolicanet.net\/wp-cnet\/wp-json\/wp\/v2\/tags?post=75680"}],"curies":[{"name":"wp","href":"https:\/\/api.w.org\/{rel}","templated":true}]}}