{"id":75652,"date":"2022-08-31T10:14:12","date_gmt":"2022-08-31T13:14:12","guid":{"rendered":"https:\/\/catolicanet.net\/wp-cnet\/?p=75652"},"modified":"2022-08-31T17:15:56","modified_gmt":"2022-08-31T20:15:56","slug":"as-conexoes-catolicas-da-princesa-diana","status":"publish","type":"post","link":"https:\/\/catolicanet.net\/wp-cnet\/as-conexoes-catolicas-da-princesa-diana\/","title":{"rendered":"As conex\u00f5es cat\u00f3licas da princesa Diana"},"content":{"rendered":"<h2 class=\"subtitle\" style=\"text-align: justify;\">25 anos ap\u00f3s sua morte, a vida da princesa Diana continua a despertar afeto e curiosidade. E h\u00e1 uma pessoa muito pr\u00f3xima a ela que tamb\u00e9m vale a pena conhecer<\/h2>\n<p style=\"text-align: justify;\">Aprincesa Diana nunca foi cat\u00f3lica, embora a amizade que a ligava a Madre Teresa de Calcut\u00e1 seja bem conhecida.\u00a0Tanto que, segundo\u00a0o jornal\u00a0<em>Daily Mail<\/em>, Lady Di foi enterrada com um ter\u00e7o nas m\u00e3os.<\/p>\n<p style=\"text-align: justify;\">Informado sobre o acidente, o mordomo Paul Burrell pegou da mesa de cabeceira da princesa o ter\u00e7o que a santa lhe dera e que Diana colocara sobre uma imagem de Nossa Senhora.<\/p>\n<p style=\"text-align: justify;\">Al\u00e9m disso, o\u00a0<em>Daily Mail<\/em> noticiou que um padre cat\u00f3lico rezou por dez horas ao lado do corpo de Diana.\u00a0Coincid\u00eancia (ou n\u00e3o), o padre Yves-Marie Clochard-Bossuet, capel\u00e3o do hospital Piti\u00e9-Salp\u00eatri\u00e8re em Paris, foi chamado com urg\u00eancia na noite de 30 para 31 de agosto, pois o capel\u00e3o anglicano n\u00e3o foi encontrado.<\/p>\n<p style=\"text-align: justify;\">Uma semana depois, o mesmo capel\u00e3o celebraria uma Missa cat\u00f3lica pelo descanso eterno de Diana no hospital onde ela faleceu, a pedido de sua m\u00e3e.\u00a0De fato, a m\u00e3e de Diana, Frances Shand Kydd, era cat\u00f3lica e tinha se convertido apenas tr\u00eas anos antes\u00a0do tr\u00e1gico acidente.<\/p>\n<p style=\"text-align: justify;\">H\u00e1 tamb\u00e9m \u201cconex\u00f5es\u201d cat\u00f3licas do lado paterno: em 20 de fevereiro de 2021, o Papa elevou o tatarav\u00f4 de Diana, George Spencer, aos altares.\u00a0Pastor anglicano, Spencer se converteu ao catolicismo e ingressou na congrega\u00e7\u00e3o Passionista.\u00a0Ele dedicou\u00a0grande parte de sua vida a trabalhar para devolver a Inglaterra ao catolicismo.<\/p>\n<div class=\"wp-block-aleteia-heading3\" style=\"text-align: justify;\">\n<h3>A convers\u00e3o da m\u00e3e<\/h3>\n<\/div>\n<p style=\"text-align: justify;\">Frances Roche pertencia a uma das grandes fam\u00edlias tradicionais da Inglaterra.\u00a0Filha do Bar\u00e3o de Fermoy, amigo do rei George VI, casou-se aos 18 anos com John Althorp, doze anos mais velho que ela e \u00fanico filho de\u00a0Albert Spencer, o 7.\u00ba Conde Spencer.<\/p>\n<p style=\"text-align: justify;\">A press\u00e3o sobre Frances para ter um filho homem \u2013 a fim de que herdasse o t\u00edtulo da nobreza do pai \u2013 destruiu seu casamento. Ela teve tr\u00eas filhas e um menino, mas ele viveu alguns dias. S\u00f3 depois veio o pequeno Charles.<\/p>\n<p style=\"text-align: justify;\">Frances\u00a0foi infiel ao marido e se envolveu em um div\u00f3rcio escandaloso na d\u00e9cada de 1960, no qual at\u00e9 sua pr\u00f3pria m\u00e3e, Lady Fermoy, testemunhou contra ela.\u00a0Frances, perdeu, inclusive, a guarda de seus filhos.<\/p>\n<p style=\"text-align: justify;\">Ela se casou com seu amante, Peter Shand Kydd, herdeiro australiano de uma grande fortuna, e praticamente se aposentou da vida p\u00fablica.\u00a0Juntos, eles compraram uma casinha na ilha de Seil, na Esc\u00f3cia, onde ela abriu uma loja de presentes.<\/p>\n<p style=\"text-align: justify;\">Pela segunda vez, entretanto, sua casa afundou. Peter, em 1988, deixou-a para ficar com uma mulher mais jovem.\u00a0De acordo com a pr\u00f3pria Frances, ela n\u00e3o suportou a press\u00e3o da m\u00eddia.<\/p>\n<p style=\"text-align: justify;\">Em 1994, sozinha na vida, a m\u00e3e da princesa Diana converteu-se ao catolicismo, dedicando-se inteiramente \u00e0 caridade at\u00e9 o fim de sua vida.\u00a0Sabe-se que ela fazia uma peregrina\u00e7\u00e3o regular a Lourdes e cuidava dos doentes.<\/p>\n<p style=\"text-align: justify;\">Mas ainda havia um longo caminho a percorrer antes que ela pudesse descansar em paz.<\/p>\n<div class=\"wp-block-aleteia-heading3\" style=\"text-align: justify;\">\n<h3>A morte de Diana<\/h3>\n<\/div>\n<p style=\"text-align: justify;\">Quando Diana morreu, Frances n\u00e3o falava com a filha h\u00e1 varias meses. A princesa n\u00e3o perdoou a m\u00e3e por alguns coment\u00e1rios infelizes que ela deu \u00e0 revista\u00a0<em>Hello!<\/em>.\u00a0Familiares de Frances afirmam que o arrependimento de n\u00e3o ter conseguido se reconciliar com a filha a tempo a acompanhou at\u00e9 a morte.<\/p>\n<div class=\"block-image-copyrigth-wrap\" style=\"text-align: justify;\">\n<figure class=\"wp-block-image size-large\"><img loading=\"lazy\" decoding=\"async\" class=\"wp-image-463401\" src=\"https:\/\/wp.pt.aleteia.org\/wp-content\/uploads\/sites\/5\/2022\/08\/000_SAPA970906791770.jpg?w=720\" sizes=\"auto, (max-width: 1752px) 100vw, 1752px\" srcset=\"https:\/\/wp.pt.aleteia.org\/wp-content\/uploads\/sites\/5\/2022\/08\/000_SAPA970906791770.jpg 1752w, https:\/\/wp.pt.aleteia.org\/wp-content\/uploads\/sites\/5\/2022\/08\/000_SAPA970906791770.jpg?resize=150,123 150w, https:\/\/wp.pt.aleteia.org\/wp-content\/uploads\/sites\/5\/2022\/08\/000_SAPA970906791770.jpg?resize=300,247 300w, https:\/\/wp.pt.aleteia.org\/wp-content\/uploads\/sites\/5\/2022\/08\/000_SAPA970906791770.jpg?resize=768,631 768w, https:\/\/wp.pt.aleteia.org\/wp-content\/uploads\/sites\/5\/2022\/08\/000_SAPA970906791770.jpg?resize=1024,842 1024w, https:\/\/wp.pt.aleteia.org\/wp-content\/uploads\/sites\/5\/2022\/08\/000_SAPA970906791770.jpg?resize=1536,1262 1536w, https:\/\/wp.pt.aleteia.org\/wp-content\/uploads\/sites\/5\/2022\/08\/000_SAPA970906791770.jpg?resize=620,510 620w, https:\/\/wp.pt.aleteia.org\/wp-content\/uploads\/sites\/5\/2022\/08\/000_SAPA970906791770.jpg?resize=1140,937 1140w, https:\/\/wp.pt.aleteia.org\/wp-content\/uploads\/sites\/5\/2022\/08\/000_SAPA970906791770.jpg?resize=375,308 375w, https:\/\/wp.pt.aleteia.org\/wp-content\/uploads\/sites\/5\/2022\/08\/000_SAPA970906791770.jpg?resize=925,760 925w, https:\/\/wp.pt.aleteia.org\/wp-content\/uploads\/sites\/5\/2022\/08\/000_SAPA970906791770.jpg?resize=630,518 630w\" alt=\"Frances Shand Kydd\" width=\"1752\" height=\"1440\" \/><figcaption>Frances e outros membros da fam\u00edlia Spencer durante o funeral de Lady Di.<\/figcaption><\/figure>\n<div class=\"copyright-text\">JOHNNY EGGITT \/ AFP WPA POOL \/ AFP<\/div>\n<\/div>\n<p style=\"text-align: justify;\"><a href=\"https:\/\/www.theguardian.com\/news\/2004\/jun\/04\/guardianobituaries.monarchy\" target=\"_blank\" rel=\"noreferrer noopener\">Muito comentado foi seu gesto<\/a>\u00a0de abra\u00e7ar, durante o funeral de Diana, os pais do motorista Henri Paul, dizendo-lhes que perder um filho era \u201ca maior dor de todas\u201d.<\/p>\n<p style=\"text-align: justify;\">Mais tarde, o padre Clochard declarou ao\u00a0<em>Daily Mail<\/em>\u00a0que Frances pediu que ele celebrasse uma Missa para sua filha.<\/p>\n<p style=\"text-align: justify;\">J\u00e1 o dinheiro que o jornal pagou pela entrevista da disc\u00f3rdia foi destinado \u00e0 constru\u00e7\u00e3o de uma casa de exerc\u00edcios espirituais.<\/p>\n<p style=\"text-align: justify;\">Frances morreu em 3 de junho de 2004. Da Fam\u00edlia Real, apenas seus netos, Harry e William, compareceram ao funeral cat\u00f3lico realizado na Catedral de Oban, na Esc\u00f3cia.\u00a0A comunidade cat\u00f3lica local,\u00a0<a href=\"http:\/\/news.bbc.co.uk\/1\/hi\/uk\/3774247.stm\" target=\"_blank\" rel=\"noreferrer noopener\">que a acompanhou em seus \u00faltimos anos<\/a>, fala de sua devo\u00e7\u00e3o religiosa e profunda espiritualidade.\u00a0E tamb\u00e9m de seu amor por sua filha Diana.<\/p>\n","protected":false},"excerpt":{"rendered":"<p>25 anos ap\u00f3s sua morte, a vida da princesa Diana continua a despertar afeto e curiosidade. E h\u00e1 uma pessoa muito pr\u00f3xima a ela que tamb\u00e9m vale a pena conhecer Aprincesa Diana nunca foi cat\u00f3lica, embora a amizade que a ligava a Madre Teresa de Calcut\u00e1 seja bem conhecida.\u00a0Tanto que, segundo\u00a0o jornal\u00a0Daily Mail, Lady Di [&hellip;]<\/p>\n","protected":false},"author":1,"featured_media":75653,"comment_status":"open","ping_status":"closed","sticky":false,"template":"","format":"standard","meta":{"footnotes":""},"categories":[4],"tags":[],"class_list":["post-75652","post","type-post","status-publish","format-standard","has-post-thumbnail","hentry","category-cotidiano"],"_links":{"self":[{"href":"https:\/\/catolicanet.net\/wp-cnet\/wp-json\/wp\/v2\/posts\/75652","targetHints":{"allow":["GET"]}}],"collection":[{"href":"https:\/\/catolicanet.net\/wp-cnet\/wp-json\/wp\/v2\/posts"}],"about":[{"href":"https:\/\/catolicanet.net\/wp-cnet\/wp-json\/wp\/v2\/types\/post"}],"author":[{"embeddable":true,"href":"https:\/\/catolicanet.net\/wp-cnet\/wp-json\/wp\/v2\/users\/1"}],"replies":[{"embeddable":true,"href":"https:\/\/catolicanet.net\/wp-cnet\/wp-json\/wp\/v2\/comments?post=75652"}],"version-history":[{"count":1,"href":"https:\/\/catolicanet.net\/wp-cnet\/wp-json\/wp\/v2\/posts\/75652\/revisions"}],"predecessor-version":[{"id":75654,"href":"https:\/\/catolicanet.net\/wp-cnet\/wp-json\/wp\/v2\/posts\/75652\/revisions\/75654"}],"wp:featuredmedia":[{"embeddable":true,"href":"https:\/\/catolicanet.net\/wp-cnet\/wp-json\/wp\/v2\/media\/75653"}],"wp:attachment":[{"href":"https:\/\/catolicanet.net\/wp-cnet\/wp-json\/wp\/v2\/media?parent=75652"}],"wp:term":[{"taxonomy":"category","embeddable":true,"href":"https:\/\/catolicanet.net\/wp-cnet\/wp-json\/wp\/v2\/categories?post=75652"},{"taxonomy":"post_tag","embeddable":true,"href":"https:\/\/catolicanet.net\/wp-cnet\/wp-json\/wp\/v2\/tags?post=75652"}],"curies":[{"name":"wp","href":"https:\/\/api.w.org\/{rel}","templated":true}]}}