{"id":75624,"date":"2022-08-31T09:38:47","date_gmt":"2022-08-31T12:38:47","guid":{"rendered":"https:\/\/catolicanet.net\/wp-cnet\/?p=75624"},"modified":"2022-08-31T16:40:47","modified_gmt":"2022-08-31T19:40:47","slug":"francisco-o-discernimento-e-arduo-mas-indispensavel-para-viver","status":"publish","type":"post","link":"https:\/\/catolicanet.net\/wp-cnet\/francisco-o-discernimento-e-arduo-mas-indispensavel-para-viver\/","title":{"rendered":"Francisco: o discernimento \u00e9 \u00e1rduo, mas indispens\u00e1vel para viver"},"content":{"rendered":"<div class=\"article__subTitle\" style=\"text-align: justify;\">&#8220;Discernir \u00e9 um ato importante que se refere a todos, porque as escolhas constituem uma parte essencial da vida&#8221;, disse o Papa Francisco durante a primeira catequese sobre o discernimento, na Audi\u00eancia Geral desta quarta-feira.<\/div>\n<div class=\"title__separator\" style=\"text-align: justify;\"><\/div>\n<div class=\"article__text \">\n<p style=\"text-align: justify;\"><b>Mariangela Jaguraba &#8211; Vatican News<\/b><\/p>\n<p><iframe loading=\"lazy\" title=\"Audi\u00eancia Geral de 31 de agosto de 2022\" width=\"696\" height=\"392\" src=\"https:\/\/www.youtube.com\/embed\/89ZFuCqUgFs?feature=oembed\" frameborder=\"0\" allow=\"accelerometer; autoplay; clipboard-write; encrypted-media; gyroscope; picture-in-picture\" allowfullscreen><\/iframe><\/p>\n<p style=\"text-align: justify;\">O Papa Francisco iniciou um\u00a0<a href=\"https:\/\/www.vatican.va\/content\/francesco\/pt\/audiences\/2022\/documents\/20220831-udienza-generale.html\" target=\"_blank\" rel=\"external noopener\">novo ciclo de catequeses sobre o tema do discernimento<\/a>\u00a0na Audi\u00eancia Geral, desta nesta quarta-feira (31\/08), realizada na Sala Paulo VI. &#8220;O que significa discernir&#8221;, foi o tema deste encontro semanal com os fi\u00e9is.<\/p>\n<p style=\"text-align: justify;\"><i>Discernir \u00e9 um ato importante que se refere a todos, porque as escolhas constituem uma parte essencial da vida. Discernir as escolhas. Escolhe-se uma comida, uma roupa, um curso de estudos, um emprego, uma rela\u00e7\u00e3o. Em tudo isso se realiza um projeto de vida, e tamb\u00e9m se concretiza a nossa rela\u00e7\u00e3o com Deus.<\/i><\/p>\n<h2 style=\"text-align: justify;\">\u00c9 necess\u00e1rio saber discernir<\/h2>\n<p style=\"text-align: justify;\">No Evangelho,\u00a0<i>Jesus fala do discernimento com imagens tiradas da vida comum<\/i>; por exemplo, descreve os pescadores que selecionam os peixes bons e descarta os maus; ou o comerciante que sabe identificar, entre muitas p\u00e9rolas, a de maior valor. Ou aquele que, lavrando um campo, se depara com algo que se revela um tesouro.<\/p>\n<p style=\"text-align: justify;\">&#8220;\u00c0 luz destes exemplos, o discernimento se apresenta como um exerc\u00edcio de\u00a0<i>intelig\u00eancia<\/i>, de\u00a0<i>per\u00edcia<\/i>\u00a0e inclusive de\u00a0<i>vontade<\/i>, para reconhecer o momento favor\u00e1vel: s\u00e3o estas as condi\u00e7\u00f5es para fazer uma boa escolha&#8221;, disse o Papa, acrescentando:<\/p>\n<p style=\"text-align: justify;\"><i>As decis\u00f5es s\u00e3o tomadas por cada um de n\u00f3s. N\u00e3o h\u00e1 quem a tome por n\u00f3s. Adultos, livres. Podemos pedir um conselho, pensar, mas a decis\u00e3o \u00e9 pr\u00f3pria. N\u00e3o se pode dizer: &#8220;Eu perdi isso, porque meu marido decidiu, minha esposa decidiu, meu irm\u00e3o decidiu&#8221;: n\u00e3o! Voc\u00ea deve decidir, cada um de n\u00f3s deve decidir. Por isso, \u00e9 importante saber discernir: para decidir bem \u00e9 necess\u00e1rio saber discernir.<\/i><\/p>\n<h2 style=\"text-align: justify;\">O discernimento envolve os afetos<\/h2>\n<p style=\"text-align: justify;\">&#8220;O Evangelho sugere outro aspecto importante do discernimento: ele\u00a0<i>envolve os afetos<\/i>. Quem encontrou o tesouro n\u00e3o tem dificuldade de vender tudo, t\u00e3o grande \u00e9 a sua\u00a0<i>alegria<\/i>. O termo usado pelo evangelista Mateus indica uma alegria totalmente especial, que nenhuma realidade humana pode dar; e com efeito, repete-se em pouqu\u00edssimas outras passagens do Evangelho, todas elas relativas ao encontro com Deus. \u00c9 a alegria dos Magos quando, depois de uma viagem longa e \u00e1rdua, veem de novo a estrela; \u00e9 a alegria das mulheres que regressam do sepulcro vazio, depois de ouvir o an\u00fancio da ressurrei\u00e7\u00e3o, feito pelo anjo. \u00c9 a alegria de quem encontrou o Senhor&#8221;, disse ainda Francisco.<\/p>\n<p style=\"text-align: justify;\">No\u00a0<i>ju\u00edzo final<\/i>\u00a0Deus far\u00e1 um discernimento, o grande discernimento, em rela\u00e7\u00e3o a n\u00f3s&#8221;, frisou o Papa, reiterando que &#8220;\u00e9 muito importante saber discernir:\u00a0<b>as grandes escolhas podem surgir de circunst\u00e2ncias \u00e0 primeira vista secund\u00e1rias, mas que se revelam decisivas.<\/b>\u00a0Numa decis\u00e3o boa, a vontade de Deus se encontra com nossa vontade; se encontra o caminho atual com o eterno. Tomar uma decis\u00e3o justa, depois de um caminho de discernimento, \u00e9 fazer esse encontro: o tempo com o eterno&#8221;.<\/p>\n<h2 style=\"text-align: justify;\">O discernimento \u00e9 a reflex\u00e3o da mente e do cora\u00e7\u00e3o<\/h2>\n<p style=\"text-align: justify;\">Conhecimento, experi\u00eancia, afetos e vontade s\u00e3o alguns elementos indispens\u00e1veis para o discernimento, mas o discernimento exige tamb\u00e9m &#8220;<i>esfor\u00e7o<\/i>&#8220;. &#8220;Segundo a B\u00edblia, n\u00e3o encontramos diante de n\u00f3s, j\u00e1 embalada, a vida que devemos viver. Deus nos convida a avaliar e a escolher: Criou-nos livres e quer que exer\u00e7amos a nossa\u00a0<i>liberdade<\/i>. Por isso, discernir \u00e9\u00a0<i>dif\u00edcil<\/i>&#8220;, sublinhou o Pont\u00edfice.<\/p>\n<p style=\"text-align: justify;\"><i>O discernimento \u00e9 aquela reflex\u00e3o da mente, do cora\u00e7\u00e3o que devemos fazer antes de tomar uma decis\u00e3o.<b>\u00a0<\/b>O discernimento \u00e9 \u00e1rduo, mas indispens\u00e1vel para viver. Requer que eu me conhe\u00e7a, que saiba o que \u00e9 bom para mim aqui e agora. Exige sobretudo uma rela\u00e7\u00e3o filial com Deus que nunca imp\u00f5e a sua vontade, porque quer ser amado, n\u00e3o temido. E o amor s\u00f3 pode ser vivido na liberdade. Para aprender a viver \u00e9 preciso aprender a amar, e por isso \u00e9 necess\u00e1rio discernir.<\/i><\/p>\n<\/div>\n","protected":false},"excerpt":{"rendered":"<p>&#8220;Discernir \u00e9 um ato importante que se refere a todos, porque as escolhas constituem uma parte essencial da vida&#8221;, disse o Papa Francisco durante a primeira catequese sobre o discernimento, na Audi\u00eancia Geral desta quarta-feira. Mariangela Jaguraba &#8211; Vatican News O Papa Francisco iniciou um\u00a0novo ciclo de catequeses sobre o tema do discernimento\u00a0na Audi\u00eancia Geral, [&hellip;]<\/p>\n","protected":false},"author":1,"featured_media":75625,"comment_status":"open","ping_status":"closed","sticky":false,"template":"","format":"standard","meta":{"footnotes":""},"categories":[3],"tags":[],"class_list":["post-75624","post","type-post","status-publish","format-standard","has-post-thumbnail","hentry","category-vaticano"],"_links":{"self":[{"href":"https:\/\/catolicanet.net\/wp-cnet\/wp-json\/wp\/v2\/posts\/75624","targetHints":{"allow":["GET"]}}],"collection":[{"href":"https:\/\/catolicanet.net\/wp-cnet\/wp-json\/wp\/v2\/posts"}],"about":[{"href":"https:\/\/catolicanet.net\/wp-cnet\/wp-json\/wp\/v2\/types\/post"}],"author":[{"embeddable":true,"href":"https:\/\/catolicanet.net\/wp-cnet\/wp-json\/wp\/v2\/users\/1"}],"replies":[{"embeddable":true,"href":"https:\/\/catolicanet.net\/wp-cnet\/wp-json\/wp\/v2\/comments?post=75624"}],"version-history":[{"count":1,"href":"https:\/\/catolicanet.net\/wp-cnet\/wp-json\/wp\/v2\/posts\/75624\/revisions"}],"predecessor-version":[{"id":75626,"href":"https:\/\/catolicanet.net\/wp-cnet\/wp-json\/wp\/v2\/posts\/75624\/revisions\/75626"}],"wp:featuredmedia":[{"embeddable":true,"href":"https:\/\/catolicanet.net\/wp-cnet\/wp-json\/wp\/v2\/media\/75625"}],"wp:attachment":[{"href":"https:\/\/catolicanet.net\/wp-cnet\/wp-json\/wp\/v2\/media?parent=75624"}],"wp:term":[{"taxonomy":"category","embeddable":true,"href":"https:\/\/catolicanet.net\/wp-cnet\/wp-json\/wp\/v2\/categories?post=75624"},{"taxonomy":"post_tag","embeddable":true,"href":"https:\/\/catolicanet.net\/wp-cnet\/wp-json\/wp\/v2\/tags?post=75624"}],"curies":[{"name":"wp","href":"https:\/\/api.w.org\/{rel}","templated":true}]}}