{"id":75620,"date":"2022-08-31T09:36:58","date_gmt":"2022-08-31T12:36:58","guid":{"rendered":"https:\/\/catolicanet.net\/wp-cnet\/?p=75620"},"modified":"2022-08-31T16:38:34","modified_gmt":"2022-08-31T19:38:34","slug":"papa-rezemos-pelo-fim-da-pena-de-morte-no-mundo","status":"publish","type":"post","link":"https:\/\/catolicanet.net\/wp-cnet\/papa-rezemos-pelo-fim-da-pena-de-morte-no-mundo\/","title":{"rendered":"Papa: rezemos pelo fim da pena de morte no mundo"},"content":{"rendered":"<div class=\"article__subTitle\" style=\"text-align: justify;\">Na inten\u00e7\u00e3o de ora\u00e7\u00e3o para setembro, no v\u00eddeo da Rede Mundial de Ora\u00e7\u00e3o do Papa, o Pont\u00edfice aborda o tema da aboli\u00e7\u00e3o da pena de morte, uma a\u00e7\u00e3o que &#8220;n\u00e3o oferece justi\u00e7a \u00e0s v\u00edtimas, mas encoraja a vingan\u00e7a&#8221;, afirma ele, ao acrescentar que &#8220;a pena de morte \u00e9 inadmiss\u00edvel&#8221;. Por isso, conclama todos a rezar pelo fim dessa pr\u00e1tica que ainda \u00e9 aplicada em 55 pa\u00edses.<\/div>\n<div class=\"title__separator\" style=\"text-align: justify;\"><\/div>\n<div class=\"article__text \">\n<p style=\"text-align: justify;\"><b>Andressa Collet &#8211; Vatican News<\/b><\/p>\n<p><iframe loading=\"lazy\" title=\"Papa Francisco: &quot;A pena de morte \u00e9 inadmiss\u00edvel&quot;\" width=\"696\" height=\"392\" src=\"https:\/\/www.youtube.com\/embed\/GhvCNK1VXc4?feature=oembed\" frameborder=\"0\" allow=\"accelerometer; autoplay; clipboard-write; encrypted-media; gyroscope; picture-in-picture\" allowfullscreen title=\"Papa Francisco: \"A pena de morte \u00e9 inadmiss\u00edvel\"\"><\/iframe><\/p>\n<div style=\"text-align: justify;\">\n<div class=\"article__embed article__embed--border embed_style\">\n<blockquote><p>\u201cCada dia mais pessoas em todo o mundo dizem n\u00e3o \u00e0 pena de morte. Para a Igreja, isso \u00e9 um sinal de esperan\u00e7a.\u201d<\/p><\/blockquote>\n<\/div>\n<\/div>\n<p style=\"text-align: justify;\">Assim o Pont\u00edfice inicia o\u00a0<a href=\"https:\/\/thepopevideo.org\/?lang=pt-br\" target=\"_blank\" rel=\"external nofollow noopener\">V\u00eddeo do Papa<\/a>\u00a0de setembro que pede pelo fim da pena de morte no mundo, uma\u00a0inten\u00e7\u00e3o de ora\u00e7\u00e3o que o Santo Padre confia \u00e0 Igreja Cat\u00f3lica atrav\u00e9s da\u00a0<a href=\"https:\/\/www.popesprayer.va\/pt-pt\/\" rel=\"external\">Rede Mundial de Ora\u00e7\u00e3o do Papa<\/a>.\u00a0Nesta edi\u00e7\u00e3o, Francisco ent\u00e3o indica que a rejei\u00e7\u00e3o a essa pr\u00e1tica est\u00e1 aumentando no mundo, o que a Igreja v\u00ea como &#8220;um sinal de esperan\u00e7a&#8221;. De fato, de acordo com dados das Na\u00e7\u00f5es Unidas, cerca de 170 Estados aboliram a pena de morte, impuseram uma morat\u00f3ria \u00e0 sua utiliza\u00e7\u00e3o na lei ou na pr\u00e1tica, ou suspenderam as execu\u00e7\u00f5es durante mais de 10 anos. No entanto, a pena de morte ainda \u00e9 aplicada em 55 pa\u00edses, em v\u00e1rios continentes.<\/p>\n<h2 style=\"text-align: justify;\">A posi\u00e7\u00e3o da Igreja sobre a pena de morte<\/h2>\n<p style=\"text-align: justify;\">De Jo\u00e3o Paulo II a Bento XVI, os Pont\u00edfices pronunciaram-se fortemente contra o uso da pena de morte pelos governos nas \u00faltimas d\u00e9cadas. O Papa Francisco foi mais longe ao aprovar em 2018 um novo par\u00e1grafo do Catecismo condenando claramente a pena de morte e expressando o compromisso da Igreja na sua total aboli\u00e7\u00e3o.<\/p>\n<p style=\"text-align: justify;\"><i>&#8220;Do ponto de vista jur\u00eddico, a pena de morte j\u00e1 n\u00e3o \u00e9 necess\u00e1ria. A sociedade pode reprimir eficazmente o crime sem privar definitivamente o infrator da possibilidade de redimir-se. Sempre, em toda condena\u00e7\u00e3o, deve haver uma janela de esperan\u00e7a. A pena de morte n\u00e3o oferece justi\u00e7a \u00e0s v\u00edtimas, mas encoraja a vingan\u00e7a. E impede qualquer possibilidade de se desfazer um poss\u00edvel erro judicial. Por outro lado, moralmente a pena de morte \u00e9 inadequada; ela destr\u00f3i o dom mais importante que recebemos: a vida.&#8221;<\/i><\/p>\n<p style=\"text-align: justify;\">No v\u00eddeo deste m\u00eas, que chega num momento marcado por not\u00edcias de senten\u00e7as de morte e execu\u00e7\u00f5es em v\u00e1rias partes do mundo, o Papa faz o apelo n\u00e3o s\u00f3 aos crist\u00e3os, mas a todas as pessoas de boa vontade.<\/p>\n<p style=\"text-align: justify;\"><i>&#8220;N\u00e3o esque\u00e7amos que, at\u00e9 ao \u00faltimo momento, uma pessoa pode converter-se e pode mudar. E, \u00e0 luz do Evangelho, a pena de morte \u00e9 inadmiss\u00edvel. O mandamento &#8216;n\u00e3o matar\u00e1s&#8217; refere-se tanto ao inocente como ao culpado. Apelo, pois, a todas as pessoas de boa vontade para que se mobilizem pelo fim da pena de morte em todo o mundo.&#8221;<\/i><\/p>\n<div style=\"text-align: justify;\">\n<div class=\"article__embed article__embed--border embed_style\">\n<blockquote><p>\u201cRezemos para que a pena de morte, que atenta contra a inviolabilidade e dignidade da pessoa, seja abolida nas leis de todos os pa\u00edses do mundo.\u201d<\/p><\/blockquote>\n<\/div>\n<\/div>\n<p style=\"text-align: justify;\">O padre Fr\u00e9d\u00e9ric Fornos, diretor internacional da\u00a0<a href=\"https:\/\/www.popesprayer.va\/pt-pt\/\" rel=\"external\">Rede Mundial de Ora\u00e7\u00e3o do Papa<\/a>, comentou sobre esta inten\u00e7\u00e3o: &#8220;Este m\u00eas, o Papa Francisco convida-nos a rezar pelo fim da pena de morte, reiterando o que disse em Fratelli tutti e especificou no Catecismo da Igreja Cat\u00f3lica: &#8216;A Igreja est\u00e1 determinada a propor a sua aboli\u00e7\u00e3o em todo o mundo. Por qu\u00ea? Porque mesmo no \u00faltimo momento uma pessoa pode converter-se, reconhecer os seus crimes e mudar. A pena de morte, por outro lado, \u00e9 como colocar-se no lugar de Deus. Com a condena\u00e7\u00e3o, determina-se que uma pessoa nunca ser\u00e1 capaz de mudar, o que n\u00e3o sabemos&#8217;. Neste m\u00eas de setembro, o Papa convida-nos a rezar e a nos mobilizarmos para apoiar as associa\u00e7\u00f5es e organiza\u00e7\u00f5es que lutam pelo fim da pena de morte&#8221;.<\/p>\n<\/div>\n","protected":false},"excerpt":{"rendered":"<p>Na inten\u00e7\u00e3o de ora\u00e7\u00e3o para setembro, no v\u00eddeo da Rede Mundial de Ora\u00e7\u00e3o do Papa, o Pont\u00edfice aborda o tema da aboli\u00e7\u00e3o da pena de morte, uma a\u00e7\u00e3o que &#8220;n\u00e3o oferece justi\u00e7a \u00e0s v\u00edtimas, mas encoraja a vingan\u00e7a&#8221;, afirma ele, ao acrescentar que &#8220;a pena de morte \u00e9 inadmiss\u00edvel&#8221;. Por isso, conclama todos a rezar [&hellip;]<\/p>\n","protected":false},"author":1,"featured_media":75621,"comment_status":"open","ping_status":"closed","sticky":false,"template":"","format":"standard","meta":{"footnotes":""},"categories":[13,3],"tags":[],"class_list":["post-75620","post","type-post","status-publish","format-standard","has-post-thumbnail","hentry","category-featured","category-vaticano"],"_links":{"self":[{"href":"https:\/\/catolicanet.net\/wp-cnet\/wp-json\/wp\/v2\/posts\/75620","targetHints":{"allow":["GET"]}}],"collection":[{"href":"https:\/\/catolicanet.net\/wp-cnet\/wp-json\/wp\/v2\/posts"}],"about":[{"href":"https:\/\/catolicanet.net\/wp-cnet\/wp-json\/wp\/v2\/types\/post"}],"author":[{"embeddable":true,"href":"https:\/\/catolicanet.net\/wp-cnet\/wp-json\/wp\/v2\/users\/1"}],"replies":[{"embeddable":true,"href":"https:\/\/catolicanet.net\/wp-cnet\/wp-json\/wp\/v2\/comments?post=75620"}],"version-history":[{"count":1,"href":"https:\/\/catolicanet.net\/wp-cnet\/wp-json\/wp\/v2\/posts\/75620\/revisions"}],"predecessor-version":[{"id":75622,"href":"https:\/\/catolicanet.net\/wp-cnet\/wp-json\/wp\/v2\/posts\/75620\/revisions\/75622"}],"wp:featuredmedia":[{"embeddable":true,"href":"https:\/\/catolicanet.net\/wp-cnet\/wp-json\/wp\/v2\/media\/75621"}],"wp:attachment":[{"href":"https:\/\/catolicanet.net\/wp-cnet\/wp-json\/wp\/v2\/media?parent=75620"}],"wp:term":[{"taxonomy":"category","embeddable":true,"href":"https:\/\/catolicanet.net\/wp-cnet\/wp-json\/wp\/v2\/categories?post=75620"},{"taxonomy":"post_tag","embeddable":true,"href":"https:\/\/catolicanet.net\/wp-cnet\/wp-json\/wp\/v2\/tags?post=75620"}],"curies":[{"name":"wp","href":"https:\/\/api.w.org\/{rel}","templated":true}]}}