{"id":75548,"date":"2022-08-29T09:51:13","date_gmt":"2022-08-29T12:51:13","guid":{"rendered":"https:\/\/catolicanet.net\/wp-cnet\/?p=75548"},"modified":"2022-08-29T17:57:26","modified_gmt":"2022-08-29T20:57:26","slug":"os-cardeais-do-mundo-no-vaticano-com-o-papa-para-refletir-sobre-a-reforma-da-curia","status":"publish","type":"post","link":"https:\/\/catolicanet.net\/wp-cnet\/os-cardeais-do-mundo-no-vaticano-com-o-papa-para-refletir-sobre-a-reforma-da-curia\/","title":{"rendered":"Os cardeais do mundo no Vaticano com o Papa para refletir sobre a reforma da C\u00faria"},"content":{"rendered":"<div class=\"article__subTitle\" style=\"text-align: justify;\">Hoje, 29, e amanh\u00e3, 30 de agosto, se realiza o encontro a portas fechadas na Sala Nova do S\u00ednodo para aprofundar aspectos da Praedicate Evangelium, a Constitui\u00e7\u00e3o Apost\u00f3lica em vigor desde 5 de junho passado. Tr\u00eas sess\u00f5es entre manh\u00e3 e tarde, depois a missa na ter\u00e7a-feira, em S\u00e3o Pedro, com os novos cardeais. Os dois dias s\u00e3o tamb\u00e9m uma ocasi\u00e3o para aprofundar o conhecimento entre os membros do Col\u00e9gio cardinal\u00edcio.<\/div>\n<div class=\"title__separator\" style=\"text-align: justify;\"><\/div>\n<div class=\"article__text \">\n<p style=\"text-align: justify;\"><b>Salvatore Cernuzio \u2013 Vatican News<\/b><\/p>\n<p style=\"text-align: justify;\">S\u00e3o pouco menos de 200 cardeais, dos 226 do Col\u00e9gio, que participam entre hoje e amanh\u00e3, 29 e 30 de agosto, do encontro a portas fechadas desejado e convocado pelo Papa para aprofundar a Constitui\u00e7\u00e3o apost\u00f3lica Praedicate Evangelium, com a qual Francisco reformou a C\u00faria Romana. Este \u00e9 provavelmente o maior e mais participado encontro do Papa com o Col\u00e9gio cardinal\u00edcio. Nunca nos dez anos de pontificado de Jorge Mario Bergoglio um encontro desse tipo e uma participa\u00e7\u00e3o assim t\u00e3o ampla tinha sido vista apenas oito anos atr\u00e1s, quando o Pont\u00edfice convocou o duplo S\u00ednodo sobre a fam\u00edlia (2014-15), convidando cerca de 180 bispos e cardeais.<\/p>\n<h2 style=\"text-align: justify;\">Sess\u00f5es de trabalho<\/h2>\n<p style=\"text-align: justify;\">Tendo vindo a Roma de seus pa\u00edses nos \u00faltimos dias para acolher os 20 novos confrades criados no Consist\u00f3rio de 27 de agosto, os purpurados, junto com os patriarcas orientais e superiores da Secretaria de Estado, vivem na Sala Nova do S\u00ednodo tr\u00eas sess\u00f5es de trabalho entre manh\u00e3 e tarde, com uma pausa para o almo\u00e7o. A missa do Papa na Bas\u00edlica de S\u00e3o Pedro com os novos cardeais, na ter\u00e7a-feira, 30 de agosto, \u00e0s 17h30, concluir\u00e1 os dois dias de encontro. Francisco n\u00e3o celebrou a missa com os cardeais no domingo por causa da visita a Aquila.<\/p>\n<p style=\"text-align: justify;\">Aos participantes, disseram eles, foi dada nas \u00faltimas semanas uma agenda para indicar temas e perguntas sobre diferentes aspectos relacionados ao Documento. Os debates s\u00e3o feitos durante todo o dia de hoje e amanh\u00e3 de manh\u00e3, em grupos lingu\u00edsticos e, em seguida, os momentos de discuss\u00e3o na plen\u00e1ria.<\/p>\n<h2 style=\"text-align: justify;\">Clima fraterno<\/h2>\n<p style=\"text-align: justify;\">Enquanto isso, a primeira sess\u00e3o desta manh\u00e3 &#8220;ocorreu num clima muito fraterno&#8221;, disse ao Vatican News o cardeal Enrico Feroci, p\u00e1roco de Santa Maria del Divino Amore, em Castel di Leva. Depois da ora\u00e7\u00e3o inicial, Francisco abriu o encontro com algumas palavras convidando todos a darem sua contribui\u00e7\u00e3o durante esses dois dias de reflex\u00e3o. Os cardeais ent\u00e3o se dividiram em v\u00e1rios grupos e por fim se reuniram para compartilhar as reflex\u00f5es. O cardeal Feroci explicou que os cardeais abordaram dois temas principais: o da comunh\u00e3o, ou seja, do testemunho do amor rec\u00edproco entre os crist\u00e3os, e, em seguida, a quest\u00e3o da dificuldade por parte da sociedade atual de se abrir \u00e0 mensagem do Evangelho com uma considera\u00e7\u00e3o sobre as formas de superar essas dificuldades.<\/p>\n<h2 style=\"text-align: justify;\">Grande participa\u00e7\u00e3o<\/h2>\n<p style=\"text-align: justify;\">Por sua vez, o cardeal Marcello Semeraro, prefeito do Dicast\u00e9rio das Causas dos Santos, destacou ao Vatican News a grande participa\u00e7\u00e3o dos cardeais no encontro, com um di\u00e1logo aberto e intenso, em especial na perspectiva mission\u00e1ria que tra\u00e7a a nova Constitui\u00e7\u00e3o apost\u00f3lica e a necessidade de focar no an\u00fancio do maior mandamento, o da caridade.<\/p>\n<h2 style=\"text-align: justify;\">O an\u00fancio do Papa<\/h2>\n<p style=\"text-align: justify;\">Foi no Angelus de 29 de maio passado, o mesmo em que ele anunciou a cria\u00e7\u00e3o de novos cardeais, que o Papa Francisco deu a not\u00edcia de querer reunir o Col\u00e9gio Sagrado por dois dias para explicar o conte\u00fado e as novidades da Constitui\u00e7\u00e3o Apost\u00f3lica, promulgada em 19 de mar\u00e7o, quase a surpresa ap\u00f3s uma gesta\u00e7\u00e3o de quase dez anos.<\/p>\n<p style=\"text-align: justify;\">&#8220;Na segunda e ter\u00e7a-feira, 29 e 30 de agosto, ser\u00e1 realizada uma reuni\u00e3o de todos os cardeais para refletir sobre a nova Constitui\u00e7\u00e3o apost\u00f3lica Praedicate Evangelium e no s\u00e1bado, 27 de agosto, realizarei um Consist\u00f3rio para a cria\u00e7\u00e3o de novos cardeais.&#8221;<\/p>\n<h2 style=\"text-align: justify;\">Not\u00edcias e indica\u00e7\u00f5es da Praedicate Evangelium<\/h2>\n<p style=\"text-align: justify;\">O documento entrou em vigor em 5 de junho, na Solenidade de Pentecostes. O texto cont\u00e9m e sistematiza muitas das reformas j\u00e1 implementadas nos \u00faltimos anos pelo Papa, estudadas e formuladas pelo Conselho de Cardeais, institu\u00eddo pelo Papa Francisco nos primeiros anos de pontificado. A Constitui\u00e7\u00e3o tamb\u00e9m introduz algumas novidades, come\u00e7ando pela unifica\u00e7\u00e3o e mudan\u00e7a de nome de diferentes Dicast\u00e9rios. No entanto, a Praedicate Evangelium &#8211; como o pr\u00f3prio nome sugere &#8211; confere uma estrutura mais mission\u00e1ria \u00e0 C\u00faria para que possa estar cada vez mais a servi\u00e7o das Igrejas particulares e da evangeliza\u00e7\u00e3o.<\/p>\n<h2 style=\"text-align: justify;\">&#8220;Missionariedade&#8221;<\/h2>\n<p style=\"text-align: justify;\">Este \u00e9 um dos principais aspectos da Constitui\u00e7\u00e3o apost\u00f3lica, a chave de leitura para interpretar a reforma, mas tamb\u00e9m uma dire\u00e7\u00e3o global para a Igreja deste tempo. Embora focada em mudan\u00e7as na estrutura de Dicast\u00e9rios e departamentos, a Praedicate Evangelium &#8220;amplia&#8221; os confis da C\u00faria, criando uma linha direta com as Confer\u00eancias Episcopais e as diferentes Dioceses dos cinco continentes.<\/p>\n<h2 style=\"text-align: justify;\">Uma ponte entre a C\u00faria e os episcopados<\/h2>\n<p style=\"text-align: justify;\">&#8220;Com a Constitui\u00e7\u00e3o entre as diferentes Igrejas e a C\u00faria, agora h\u00e1 um espa\u00e7o de escuta e di\u00e1logo&#8221;, explicou o novo cardeal Leonardo Steiner, arcebispo de Manaus, na Amaz\u00f4nia brasileira, ao Vatican News no encontro do \u00faltimo s\u00e1bado na Sala de Imprensa da Santa S\u00e9 poucas horas antes do Consist\u00f3rio. &#8220;Agora, n\u00e3o se vem mais a Roma para dizer o que fizemos, agora se vem para aprender, mas a C\u00faria tamb\u00e9m sabe aprender de uma maneira diferente. Percebe-se melhor quem est\u00e1 a servi\u00e7o do Santo Padre, a servi\u00e7o dos bispos, e esta \u00e9 uma esperan\u00e7a de ser uma Igreja mais fraterna em que se ouve, onde se vive e assume a diversidade cultural&#8221;, disse Steiner.<\/p>\n<h2 style=\"text-align: justify;\">Igreja em peregrina\u00e7\u00e3o<\/h2>\n<p style=\"text-align: justify;\">As perguntas sobre as quais refletir s\u00e3o muitas, sublinhou o novo cardeal Arthur Roche, prefeito do Dicast\u00e9rio para o Culto Divino: a colabora\u00e7\u00e3o entre a C\u00faria e os episcopados, a presen\u00e7a dos leigos em pap\u00e9is de responsabilidade, a &#8220;missionariedade&#8221; e a &#8220;convers\u00e3o da Igreja&#8221;. Em particular, os dois \u00faltimos &#8220;s\u00e3o elementos muito importantes&#8221;, disse o cardeal ingl\u00eas. &#8220;A Praedicate Evangelium n\u00e3o \u00e9 apenas algo para a reforma da C\u00faria, \u00e9 tamb\u00e9m para as rela\u00e7\u00f5es entre todas as Confer\u00eancias Episcopais e a Santa S\u00e9. Miss\u00e3o e convers\u00e3o envolvem todos num processo quase sinodal. Podemos dizer que somos uma Igreja em peregrina\u00e7\u00e3o&#8221;.<\/p>\n<h2 style=\"text-align: justify;\">Aprofundar o conhecimento<\/h2>\n<p style=\"text-align: justify;\">A reuni\u00e3o de hoje e amanh\u00e3 tamb\u00e9m \u00e9 uma forma de garantir que os cardeais, que atualmente comp\u00f5em o Col\u00e9gio de Cardeais, alguns dos quais v\u00eam das periferias do mundo e realidades distantes, possam aprofundar seus conhecimentos. A vis\u00e3o universal que sempre distinguiu as escolhas do Papa Francisco para o Consist\u00f3rio, com a representa\u00e7\u00e3o de pa\u00edses que nunca em sua hist\u00f3ria tinham visto um cardeal, fez com que o Col\u00e9gio fosse hoje composto por membros distantes, tanto pela forma\u00e7\u00e3o cultural quanto pela sensibilidade pastoral, tanto pelas posi\u00e7\u00f5es geogr\u00e1ficas que dificultam a participa\u00e7\u00e3o ass\u00eddua ou a participa\u00e7\u00e3o a encontros em Roma. O encontro com o Papa \u00e9 um espa\u00e7o de di\u00e1logo e aprofundamento &#8216;humano&#8217;, conforme sublinhado pelo arcebispo em\u00e9rito de Cartagena, o cardeal colombiano Jorge Enrique Jim\u00e9nez Carvajal: &#8220;O Consist\u00f3rio e o encontro com o Papa nos ajudam a nos conhecer um pouco, a nos sentirmos mais conscientes e a nos preparar para o futuro&#8221;.<\/p>\n<\/div>\n","protected":false},"excerpt":{"rendered":"<p>Hoje, 29, e amanh\u00e3, 30 de agosto, se realiza o encontro a portas fechadas na Sala Nova do S\u00ednodo para aprofundar aspectos da Praedicate Evangelium, a Constitui\u00e7\u00e3o Apost\u00f3lica em vigor desde 5 de junho passado. Tr\u00eas sess\u00f5es entre manh\u00e3 e tarde, depois a missa na ter\u00e7a-feira, em S\u00e3o Pedro, com os novos cardeais. Os dois [&hellip;]<\/p>\n","protected":false},"author":1,"featured_media":75549,"comment_status":"open","ping_status":"closed","sticky":false,"template":"","format":"standard","meta":{"footnotes":""},"categories":[13,3],"tags":[],"class_list":["post-75548","post","type-post","status-publish","format-standard","has-post-thumbnail","hentry","category-featured","category-vaticano"],"_links":{"self":[{"href":"https:\/\/catolicanet.net\/wp-cnet\/wp-json\/wp\/v2\/posts\/75548","targetHints":{"allow":["GET"]}}],"collection":[{"href":"https:\/\/catolicanet.net\/wp-cnet\/wp-json\/wp\/v2\/posts"}],"about":[{"href":"https:\/\/catolicanet.net\/wp-cnet\/wp-json\/wp\/v2\/types\/post"}],"author":[{"embeddable":true,"href":"https:\/\/catolicanet.net\/wp-cnet\/wp-json\/wp\/v2\/users\/1"}],"replies":[{"embeddable":true,"href":"https:\/\/catolicanet.net\/wp-cnet\/wp-json\/wp\/v2\/comments?post=75548"}],"version-history":[{"count":1,"href":"https:\/\/catolicanet.net\/wp-cnet\/wp-json\/wp\/v2\/posts\/75548\/revisions"}],"predecessor-version":[{"id":75550,"href":"https:\/\/catolicanet.net\/wp-cnet\/wp-json\/wp\/v2\/posts\/75548\/revisions\/75550"}],"wp:featuredmedia":[{"embeddable":true,"href":"https:\/\/catolicanet.net\/wp-cnet\/wp-json\/wp\/v2\/media\/75549"}],"wp:attachment":[{"href":"https:\/\/catolicanet.net\/wp-cnet\/wp-json\/wp\/v2\/media?parent=75548"}],"wp:term":[{"taxonomy":"category","embeddable":true,"href":"https:\/\/catolicanet.net\/wp-cnet\/wp-json\/wp\/v2\/categories?post=75548"},{"taxonomy":"post_tag","embeddable":true,"href":"https:\/\/catolicanet.net\/wp-cnet\/wp-json\/wp\/v2\/tags?post=75548"}],"curies":[{"name":"wp","href":"https:\/\/api.w.org\/{rel}","templated":true}]}}