{"id":75544,"date":"2022-08-26T10:00:47","date_gmt":"2022-08-26T13:00:47","guid":{"rendered":"https:\/\/catolicanet.net\/wp-cnet\/?p=75544"},"modified":"2022-08-26T17:02:22","modified_gmt":"2022-08-26T20:02:22","slug":"uma-receita-simples-para-manter-a-sua-alma-sempre-em-paz","status":"publish","type":"post","link":"https:\/\/catolicanet.net\/wp-cnet\/uma-receita-simples-para-manter-a-sua-alma-sempre-em-paz\/","title":{"rendered":"Uma receita simples para manter a sua alma sempre em paz"},"content":{"rendered":"<h2 class=\"subtitle\" style=\"text-align: justify;\">Um guia simples para a vida interior: aqui est\u00e1 a receita para manter a serenidade e cultivar bem a alma<\/h2>\n<p style=\"text-align: justify;\">Quem nos oferece um guia simples para manter a alma serena \u00e9 um monge e bispo de Arles, celebrado pela Igreja a 26 de Agosto. Um verdadeiro influenciador cujas homilias ainda inspiram padres pelo mundo.<\/p>\n<p style=\"text-align: justify;\">Nascido perto de Chalon-sur-Sa\u00f4ne por volta de 470, Caesarius de Arles tornou-se monge na abadia de L\u00e9rins com a idade de 20 anos. Tornou-se bispo de Arles em 503 enquanto continuava a ser um monge.<\/p>\n<p style=\"text-align: justify;\">Nos seus serm\u00f5es, ele transmitiu com not\u00e1vel talento e personalidade as principais caracter\u00edsticas do pensamento de Santo Agostinho. Tanto que na altura a obra do disc\u00edpulo foi muitas vezes confundida com a do mestre. Para Caesarius, a principal miss\u00e3o era ensinar.<\/p>\n<p style=\"text-align: justify;\">Inimigo de toda a afeta\u00e7\u00e3o, ele fala com simplicidade e com vigorosa clareza. N\u00e3o se preocupa nem com a originalidade nem com o estilo. Como descrito pelo acad\u00eamico Albert Grenier, \u201csem procurar novidade, contenta-se muitas vezes em repetir o que foi bem dito por outros\u201d.<\/p>\n<p style=\"text-align: justify;\">Caesarius de Arles quis acima de tudo ser compreendido por todos e dirigiu-se particularmente aos humildes: \u201cSe eu quisesse,\u201d disse ele num dos seus serm\u00f5es, \u201ctransmitir-vos as palavras dos Padres tal como s\u00e3o, o alimento do esp\u00edrito chegaria apenas a poucos e as massas continuariam com fome. Pe\u00e7o, portanto, aos educados que se contentem com uma palavra r\u00fastica para que todo o rebanho possa encontrar o seu alimento\u201d.<\/p>\n<p style=\"text-align: justify;\">Este \u00e9 o cora\u00e7\u00e3o da sua miss\u00e3o: falar simplesmente do essencial \u2013 da serenidade da alma na vida quotidiana. Como se cuida da sua alma? Eis a receita simples de Caesarius de Arles dada num dos seus serm\u00f5es:<\/p>\n<h3 class=\"wp-block-aleteia-rich-list\" style=\"text-align: justify;\"><strong>1 RETIRAR AS ERVAS DANINHAS E PLANTAR BOAS SEMENTES<\/strong><\/h3>\n<p style=\"text-align: justify;\">\u201cO cuidado da nossa alma, queridos irm\u00e3os, \u00e9 de todos os modos semelhante ao cultivo do solo. Pois tal como nas terras cultivadas, limpamos por um lado e semeamos por outro. Assim, portanto, devemos fazer na nossa alma: desarraigar o que \u00e9 mau e plantar o que \u00e9 bom.\u201d<\/p>\n<h3 class=\"wp-block-aleteia-rich-list\" style=\"text-align: justify;\"><strong>2 O CAMPO DE DEUS E O NOSSO<\/strong><\/h3>\n<p style=\"text-align: justify;\">\u201cH\u00e1 dois tipos de campos: um \u00e9 o campo de Deus, o outro o campo do homem. Tendes o vosso campo, Deus tamb\u00e9m tem o seu; o vosso campo \u00e9 a vossa terra; o campo de Deus \u00e9 a vossa alma. Ser\u00e1 que Deus merece de n\u00f3s que negligenciemos a nossa alma, que Ele tanto ama? Se se alegra quando v\u00ea o seu campo cultivado, por que n\u00e3o chora quando v\u00ea a sua alma infecunda? Dos campos do nosso dom\u00ednio temos de viver alguns dias neste mundo; do cultivo da nossa alma teremos de viver infinitamente no C\u00e9u; \u00e9 portanto ali, ou seja, sobre a nossa alma, que temos de gastar sempre o maior zelo\u201d.<\/p>\n<h3 class=\"wp-block-aleteia-rich-list\" style=\"text-align: justify;\"><strong>3 A ALMA BEM CULTIVADA<\/strong><\/h3>\n<p style=\"text-align: justify;\">\u201cDeus dignou-se confiar-nos a nossa alma como seu dom\u00ednio, de modo que devemos p\u00f4r todo o nosso zelo em cultiv\u00e1-la bem; trabalhemos portanto com todas as nossas for\u00e7as com a ajuda de Deus, para que quando Deus quiser entrar no seu campo, isto \u00e9, na nossa alma, possa encontr\u00e1-la totalmente cultivada, totalmente preparada, totalmente ordenada; para que possa encontrar ali uma colheita e n\u00e3o plantas espinhosas; para que possa encontrar ali vinho e n\u00e3o vinagre; trigo em vez de joio.\u201d<\/p>\n<p style=\"text-align: justify;\"><em>(Serm\u00e3o 4, 4, trans. M.-J. Delage, Sources chr\u00e9tiennes 175, Cerf, Paris, 1971, pp. 325-329).<\/em><\/p>\n","protected":false},"excerpt":{"rendered":"<p>Um guia simples para a vida interior: aqui est\u00e1 a receita para manter a serenidade e cultivar bem a alma Quem nos oferece um guia simples para manter a alma serena \u00e9 um monge e bispo de Arles, celebrado pela Igreja a 26 de Agosto. Um verdadeiro influenciador cujas homilias ainda inspiram padres pelo mundo. [&hellip;]<\/p>\n","protected":false},"author":1,"featured_media":75545,"comment_status":"open","ping_status":"closed","sticky":false,"template":"","format":"standard","meta":{"footnotes":""},"categories":[4],"tags":[],"class_list":["post-75544","post","type-post","status-publish","format-standard","has-post-thumbnail","hentry","category-cotidiano"],"_links":{"self":[{"href":"https:\/\/catolicanet.net\/wp-cnet\/wp-json\/wp\/v2\/posts\/75544","targetHints":{"allow":["GET"]}}],"collection":[{"href":"https:\/\/catolicanet.net\/wp-cnet\/wp-json\/wp\/v2\/posts"}],"about":[{"href":"https:\/\/catolicanet.net\/wp-cnet\/wp-json\/wp\/v2\/types\/post"}],"author":[{"embeddable":true,"href":"https:\/\/catolicanet.net\/wp-cnet\/wp-json\/wp\/v2\/users\/1"}],"replies":[{"embeddable":true,"href":"https:\/\/catolicanet.net\/wp-cnet\/wp-json\/wp\/v2\/comments?post=75544"}],"version-history":[{"count":1,"href":"https:\/\/catolicanet.net\/wp-cnet\/wp-json\/wp\/v2\/posts\/75544\/revisions"}],"predecessor-version":[{"id":75546,"href":"https:\/\/catolicanet.net\/wp-cnet\/wp-json\/wp\/v2\/posts\/75544\/revisions\/75546"}],"wp:featuredmedia":[{"embeddable":true,"href":"https:\/\/catolicanet.net\/wp-cnet\/wp-json\/wp\/v2\/media\/75545"}],"wp:attachment":[{"href":"https:\/\/catolicanet.net\/wp-cnet\/wp-json\/wp\/v2\/media?parent=75544"}],"wp:term":[{"taxonomy":"category","embeddable":true,"href":"https:\/\/catolicanet.net\/wp-cnet\/wp-json\/wp\/v2\/categories?post=75544"},{"taxonomy":"post_tag","embeddable":true,"href":"https:\/\/catolicanet.net\/wp-cnet\/wp-json\/wp\/v2\/tags?post=75544"}],"curies":[{"name":"wp","href":"https:\/\/api.w.org\/{rel}","templated":true}]}}