{"id":75540,"date":"2022-08-26T09:57:27","date_gmt":"2022-08-26T12:57:27","guid":{"rendered":"https:\/\/catolicanet.net\/wp-cnet\/?p=75540"},"modified":"2022-08-26T17:00:16","modified_gmt":"2022-08-26T20:00:16","slug":"oracao-a-sao-jose-contra-o-estresse-e-a-ansiedade","status":"publish","type":"post","link":"https:\/\/catolicanet.net\/wp-cnet\/oracao-a-sao-jose-contra-o-estresse-e-a-ansiedade\/","title":{"rendered":"Ora\u00e7\u00e3o a S\u00e3o Jos\u00e9 contra o estresse e a ansiedade"},"content":{"rendered":"<h2 class=\"subtitle\" style=\"text-align: justify;\">Para rezar quando a ang\u00fastia estiver querendo dominar o seu cora\u00e7\u00e3o<\/h2>\n<p style=\"text-align: justify;\">S\u00e3o Jos\u00e9\u00a0sabe melhor do que ningu\u00e9m o que significa estar ansioso e carregar um fardo pesado. Ser o pai terreno de Jesus, o filho de Deus, n\u00e3o foi f\u00e1cil.<\/p>\n<p style=\"text-align: justify;\">Esta e muitas outras raz\u00f5es fazem de Jos\u00e9 o intercessor para pessoas que sofrem de ansiedade ou estresse. Muitos milagres s\u00e3o atribu\u00eddos a ele, e S\u00e3o Jos\u00e9 ficou conhecido por sua capacidade de apaziguar cora\u00e7\u00f5es preocupados.<\/p>\n<p style=\"text-align: justify;\">Aqui est\u00e1 uma ora\u00e7\u00e3o da colet\u00e2nea do padre Xavier Lasance,que pode ser feita por todos aqueles que precisam de paz ou se sentem seguros.<\/p>\n<div class=\"wp-block-aleteia-heading3\">\n<h3 style=\"text-align: justify;\">Ora\u00e7\u00e3o a S\u00e3o Jos\u00e9 contra o estresse e a ansiedade<\/h3>\n<\/div>\n<blockquote class=\"wp-block-quote\"><p>\u201cFiel guardi\u00e3o de Jesus e esposo de Maria, v\u00eas a ang\u00fastia do meu cora\u00e7\u00e3o. Estou atormentado e perdido. Obt\u00e9m para mim a luz do Esp\u00edrito Santo e toda a ajuda de que preciso para me permitir em todos os momentos e em tudo fazer a vontade de Deus. Eu te escolho hoje, na presen\u00e7a de Jesus e Maria, como meu anjo de bons conselhos, a fim de me guiar em todas as minhas necessidades. Guia-me, eu te imploro, em nome dos muitos sofrimentos amargos que pesaram em teu doce cora\u00e7\u00e3o durante tua peregrina\u00e7\u00e3o terrena. Am\u00e9m.\u201d<\/p><\/blockquote>\n","protected":false},"excerpt":{"rendered":"<p>Para rezar quando a ang\u00fastia estiver querendo dominar o seu cora\u00e7\u00e3o S\u00e3o Jos\u00e9\u00a0sabe melhor do que ningu\u00e9m o que significa estar ansioso e carregar um fardo pesado. Ser o pai terreno de Jesus, o filho de Deus, n\u00e3o foi f\u00e1cil. Esta e muitas outras raz\u00f5es fazem de Jos\u00e9 o intercessor para pessoas que sofrem de [&hellip;]<\/p>\n","protected":false},"author":1,"featured_media":75541,"comment_status":"open","ping_status":"closed","sticky":false,"template":"","format":"standard","meta":{"footnotes":""},"categories":[4,13],"tags":[],"class_list":["post-75540","post","type-post","status-publish","format-standard","has-post-thumbnail","hentry","category-cotidiano","category-featured"],"_links":{"self":[{"href":"https:\/\/catolicanet.net\/wp-cnet\/wp-json\/wp\/v2\/posts\/75540","targetHints":{"allow":["GET"]}}],"collection":[{"href":"https:\/\/catolicanet.net\/wp-cnet\/wp-json\/wp\/v2\/posts"}],"about":[{"href":"https:\/\/catolicanet.net\/wp-cnet\/wp-json\/wp\/v2\/types\/post"}],"author":[{"embeddable":true,"href":"https:\/\/catolicanet.net\/wp-cnet\/wp-json\/wp\/v2\/users\/1"}],"replies":[{"embeddable":true,"href":"https:\/\/catolicanet.net\/wp-cnet\/wp-json\/wp\/v2\/comments?post=75540"}],"version-history":[{"count":1,"href":"https:\/\/catolicanet.net\/wp-cnet\/wp-json\/wp\/v2\/posts\/75540\/revisions"}],"predecessor-version":[{"id":75542,"href":"https:\/\/catolicanet.net\/wp-cnet\/wp-json\/wp\/v2\/posts\/75540\/revisions\/75542"}],"wp:featuredmedia":[{"embeddable":true,"href":"https:\/\/catolicanet.net\/wp-cnet\/wp-json\/wp\/v2\/media\/75541"}],"wp:attachment":[{"href":"https:\/\/catolicanet.net\/wp-cnet\/wp-json\/wp\/v2\/media?parent=75540"}],"wp:term":[{"taxonomy":"category","embeddable":true,"href":"https:\/\/catolicanet.net\/wp-cnet\/wp-json\/wp\/v2\/categories?post=75540"},{"taxonomy":"post_tag","embeddable":true,"href":"https:\/\/catolicanet.net\/wp-cnet\/wp-json\/wp\/v2\/tags?post=75540"}],"curies":[{"name":"wp","href":"https:\/\/api.w.org\/{rel}","templated":true}]}}