{"id":75536,"date":"2022-08-26T09:50:43","date_gmt":"2022-08-26T12:50:43","guid":{"rendered":"https:\/\/catolicanet.net\/wp-cnet\/?p=75536"},"modified":"2022-08-26T16:56:05","modified_gmt":"2022-08-26T19:56:05","slug":"dia-do-catequista-como-servidor-da-palavra-ajuda-a-conhecer-e-fazer-experiencia-com-jesus-cristo","status":"publish","type":"post","link":"https:\/\/catolicanet.net\/wp-cnet\/dia-do-catequista-como-servidor-da-palavra-ajuda-a-conhecer-e-fazer-experiencia-com-jesus-cristo\/","title":{"rendered":"DIA DO CATEQUISTA: \u201cCOMO SERVIDOR DA PALAVRA AJUDA A CONHECER E FAZER EXPERI\u00caNCIA COM JESUS CRISTO\u201d"},"content":{"rendered":"<p style=\"text-align: justify;\">O \u00faltimo domingo do m\u00eas de agosto, 28, \u00e9 dedicado a voca\u00e7\u00e3o de catequista. \u201cEle como servidor da Palavra ajuda a adultos, jovens, adolescentes e crian\u00e7as a conhecer e fazer uma experi\u00eancia com Jesus Cristo\u201d, diz o assessor da Comiss\u00e3o para a Anima\u00e7\u00e3o B\u00edblico-Catequ\u00e9tica da CNBB, padre J\u00e2nison de S\u00e1.<\/p>\n<blockquote><p>O catequista \u00e9 algu\u00e9m que foi chamado por Deus, passou por um tempo de forma\u00e7\u00e3o na escola de Jesus para depois ser enviado a anunciar e testemunhar. N\u00e3o se nasce catequista, se adquire conhecimentos te\u00f3ricos e experi\u00eancia com a pr\u00e1tica concreta\u201d.<\/p><\/blockquote>\n<p style=\"text-align: justify;\">Padre J\u00e2nison salienta que \u00e9 importante que o catequista se deixe sempre guiar pelo Esp\u00edrito Santo, tenha abertura para uma catequese a servi\u00e7o da Inicia\u00e7\u00e3o \u00e0 vida crist\u00e3 com inspira\u00e7\u00e3o catecumenal, capacidade de construir rela\u00e7\u00f5es de amizade, di\u00e1logo, trabalho em equipe, solidariedade, comunh\u00e3o e vivenciar o Evangelho de Jesus Cristo.<\/p>\n<blockquote><p>\u201cEle exerce um servi\u00e7o importante na comunidade eclesial mission\u00e1ria. Agradecemos a todos os catequistas por tamanha generosidade e dedica\u00e7\u00e3o no servi\u00e7o a Igreja\u201d, diz o padre.<\/p><\/blockquote>\n<p style=\"text-align: justify;\">Por ocasi\u00e3o da data, o presidente da Comiss\u00e3o para a Anima\u00e7\u00e3o B\u00edblico-Catequ\u00e9tica, dom Jos\u00e9 Ant\u00f4nio Peruzzo, manifestou gratid\u00e3o pelo minist\u00e9rio do catequista. \u201cVoltem \u00e0quelas primeiras experi\u00eancias do chamado \u00e0 catequese \u2013 algu\u00e9m o chamou e voc\u00ea aceitou. A voz era humana, mas a fonte que convidada procedia do Esp\u00edrito de Deus\u201d, diz dom Peruzzo.<\/p>\n<blockquote><p>Tivemos esses dias dif\u00edceis da pandemia: quantos esquecimentos, quantos distanciamentos e at\u00e9 des\u00e2nimos, cansa\u00e7os e certamente at\u00e9 passou na sua mente que j\u00e1 contribuiu bastante e j\u00e1 era hora de deixar para outros, mas estar aqui \u00e9 recome\u00e7ar.<\/p><\/blockquote>\n<p>Confira o depoimento do bispo na \u00edntegra:<\/p>\n<div class=\"ast-oembed-container\"><iframe loading=\"lazy\" title=\"Dia do Catequista: \u201ccomo servidor da Palavra ajuda a conhecer e fazer experi\u00eancia com Jesus Cristo\u201d\" src=\"https:\/\/www.youtube.com\/embed\/vp6YyMF8qOY?feature=oembed\" width=\"1200\" height=\"675\" frameborder=\"0\" allowfullscreen=\"allowfullscreen\" data-mce-fragment=\"1\"><\/iframe><\/div>\n<p>&nbsp;<\/p>\n<h3><strong>Mensagem dos catequistas<br \/>\n<\/strong><\/h3>\n<p style=\"text-align: justify;\">O portal da CNBB publica, em \u00e1udio, os depoimentos de catequistas dos diversos regionais da CNBB.<\/p>\n<p style=\"text-align: justify;\">A Rose Medeiros, do regional Norte 1, saudou todos os que assumiram o chamado de anunciar a palavra de Deus sendo testemunhas da Palavra, com coragem e criatividade e na for\u00e7a do Esp\u00edrito Santo. Ou\u00e7a o \u00e1udio:<\/p>\n<div id=\"mep_0\" class=\"mejs-container mejs-container-keyboard-inactive wp-audio-shortcode mejs-audio\" tabindex=\"0\" role=\"application\" aria-label=\"Tocador de \u00e1udio\">\n<div class=\"mejs-inner\">\n<div class=\"mejs-controls\">\n<!--[if lt IE 9]><script>document.createElement('audio');<\/script><![endif]-->\n<audio class=\"wp-audio-shortcode\" id=\"audio-75536-1\" preload=\"none\" style=\"width: 100%;\" controls=\"controls\"><source type=\"audio\/mpeg\" src=\"https:\/\/www.cnbb.org.br\/wp-content\/uploads\/2022\/08\/WhatsApp-Audio-2022-08-22-at-23.31.27-online-audio-converter.com_.mp3?_=1\" \/><a href=\"https:\/\/www.cnbb.org.br\/wp-content\/uploads\/2022\/08\/WhatsApp-Audio-2022-08-22-at-23.31.27-online-audio-converter.com_.mp3\">https:\/\/www.cnbb.org.br\/wp-content\/uploads\/2022\/08\/WhatsApp-Audio-2022-08-22-at-23.31.27-online-audio-converter.com_.mp3<\/a><\/audio>\n<\/div>\n<\/div>\n<\/div>\n<p style=\"text-align: justify;\">O Joseilton Luz de Oliveira, da equipe de coordena\u00e7\u00e3o do regional Nordeste 2, desejou que todos sigam a voz do Mestre, na caminhada da vida, rumo \u00e0 plenitude do Reino de Deus. \u201cEle mesmo chamou a cada um de n\u00f3s para que possamos colaborar com a educa\u00e7\u00e3o da f\u00e9 do povo de Deus\u201d. Ou\u00e7a o \u00e1udio:<\/p>\n<div id=\"mep_1\" class=\"mejs-container mejs-container-keyboard-inactive wp-audio-shortcode mejs-audio\" tabindex=\"0\" role=\"application\" aria-label=\"Tocador de \u00e1udio\">\n<div class=\"mejs-inner\">\n<div class=\"mejs-controls\">\n<audio class=\"wp-audio-shortcode\" id=\"audio-75536-2\" preload=\"none\" style=\"width: 100%;\" controls=\"controls\"><source type=\"audio\/mpeg\" src=\"https:\/\/www.cnbb.org.br\/wp-content\/uploads\/2022\/08\/WhatsApp-Audio-2022-08-24-at-09.00.59.mp3?_=2\" \/><a href=\"https:\/\/www.cnbb.org.br\/wp-content\/uploads\/2022\/08\/WhatsApp-Audio-2022-08-24-at-09.00.59.mp3\">https:\/\/www.cnbb.org.br\/wp-content\/uploads\/2022\/08\/WhatsApp-Audio-2022-08-24-at-09.00.59.mp3<\/a><\/audio>\n<\/div>\n<\/div>\n<\/div>\n<p style=\"text-align: justify;\">Marcelo Luiz Machado, da coordena\u00e7\u00e3o da anima\u00e7\u00e3o b\u00edblico-catequ\u00e9tica do regional Sul 1, reconheceu o \u00e1rduo trabalho de evangeliza\u00e7\u00e3o de tantos homens e mulheres espalhados pelo imenso Brasil. \u201cCom paci\u00eancia, zelo e com muito trabalho fazem da catequese um caminho de convers\u00e3o e segmentam Jesus\u201d. Ou\u00e7a \u00e1udio:<\/p>\n<div id=\"mep_2\" class=\"mejs-container mejs-container-keyboard-inactive wp-audio-shortcode mejs-audio\" tabindex=\"0\" role=\"application\" aria-label=\"Tocador de \u00e1udio\">\n<div class=\"mejs-inner\">\n<div class=\"mejs-controls\">\n<audio class=\"wp-audio-shortcode\" id=\"audio-75536-3\" preload=\"none\" style=\"width: 100%;\" controls=\"controls\"><source type=\"audio\/mpeg\" src=\"https:\/\/www.cnbb.org.br\/wp-content\/uploads\/2022\/08\/WhatsApp-Audio-2022-08-24-at-09.40.51.mp3?_=3\" \/><a href=\"https:\/\/www.cnbb.org.br\/wp-content\/uploads\/2022\/08\/WhatsApp-Audio-2022-08-24-at-09.40.51.mp3\">https:\/\/www.cnbb.org.br\/wp-content\/uploads\/2022\/08\/WhatsApp-Audio-2022-08-24-at-09.40.51.mp3<\/a><\/audio>\n<\/div>\n<\/div>\n<\/div>\n<p>&nbsp;<\/p>\n<h3><strong>Confira tamb\u00e9m<\/strong><\/h3>\n<p>&nbsp;<\/p>\n<h6 class=\"elementor-heading-title elementor-size-default\"><strong><a href=\"https:\/\/www.cnbb.org.br\/sugestoes-roteiros-dia-do-catequista\/\">COMISS\u00c3O OFERECE SUGEST\u00d5ES DE ROTEIROS PARA A CELEBRA\u00c7\u00c3O DO DIA DO CATEQUISTA, COMEMORADO EM 28 DE AGOSTO<\/a><\/strong><\/h6>\n<p>&nbsp;<\/p>\n<p>&nbsp;<\/p>\n<pre>Foto de capa: FangXiaNuo\/ Getty Images<\/pre>\n","protected":false},"excerpt":{"rendered":"<p>O \u00faltimo domingo do m\u00eas de agosto, 28, \u00e9 dedicado a voca\u00e7\u00e3o de catequista. \u201cEle como servidor da Palavra ajuda a adultos, jovens, adolescentes e crian\u00e7as a conhecer e fazer uma experi\u00eancia com Jesus Cristo\u201d, diz o assessor da Comiss\u00e3o para a Anima\u00e7\u00e3o B\u00edblico-Catequ\u00e9tica da CNBB, padre J\u00e2nison de S\u00e1. O catequista \u00e9 algu\u00e9m que [&hellip;]<\/p>\n","protected":false},"author":1,"featured_media":75537,"comment_status":"open","ping_status":"closed","sticky":false,"template":"","format":"standard","meta":{"footnotes":""},"categories":[7],"tags":[],"class_list":["post-75536","post","type-post","status-publish","format-standard","has-post-thumbnail","hentry","category-cnbb"],"_links":{"self":[{"href":"https:\/\/catolicanet.net\/wp-cnet\/wp-json\/wp\/v2\/posts\/75536","targetHints":{"allow":["GET"]}}],"collection":[{"href":"https:\/\/catolicanet.net\/wp-cnet\/wp-json\/wp\/v2\/posts"}],"about":[{"href":"https:\/\/catolicanet.net\/wp-cnet\/wp-json\/wp\/v2\/types\/post"}],"author":[{"embeddable":true,"href":"https:\/\/catolicanet.net\/wp-cnet\/wp-json\/wp\/v2\/users\/1"}],"replies":[{"embeddable":true,"href":"https:\/\/catolicanet.net\/wp-cnet\/wp-json\/wp\/v2\/comments?post=75536"}],"version-history":[{"count":1,"href":"https:\/\/catolicanet.net\/wp-cnet\/wp-json\/wp\/v2\/posts\/75536\/revisions"}],"predecessor-version":[{"id":75538,"href":"https:\/\/catolicanet.net\/wp-cnet\/wp-json\/wp\/v2\/posts\/75536\/revisions\/75538"}],"wp:featuredmedia":[{"embeddable":true,"href":"https:\/\/catolicanet.net\/wp-cnet\/wp-json\/wp\/v2\/media\/75537"}],"wp:attachment":[{"href":"https:\/\/catolicanet.net\/wp-cnet\/wp-json\/wp\/v2\/media?parent=75536"}],"wp:term":[{"taxonomy":"category","embeddable":true,"href":"https:\/\/catolicanet.net\/wp-cnet\/wp-json\/wp\/v2\/categories?post=75536"},{"taxonomy":"post_tag","embeddable":true,"href":"https:\/\/catolicanet.net\/wp-cnet\/wp-json\/wp\/v2\/tags?post=75536"}],"curies":[{"name":"wp","href":"https:\/\/api.w.org\/{rel}","templated":true}]}}