{"id":75486,"date":"2022-08-24T09:32:09","date_gmt":"2022-08-24T12:32:09","guid":{"rendered":"https:\/\/catolicanet.net\/wp-cnet\/?p=75486"},"modified":"2022-08-24T15:34:21","modified_gmt":"2022-08-24T18:34:21","slug":"mensageiros-de-paz-e-de-unidade-o-lema-da-viagem-do-papa-ao-cazaquistao","status":"publish","type":"post","link":"https:\/\/catolicanet.net\/wp-cnet\/mensageiros-de-paz-e-de-unidade-o-lema-da-viagem-do-papa-ao-cazaquistao\/","title":{"rendered":"&#8220;Mensageiros de paz e de unidade&#8221;, o lema da viagem do Papa ao Cazaquist\u00e3o"},"content":{"rendered":"<figure class=\"article__image\"><span class=\"didascalia_img\">Logotipo da visita do Papa Francisco ao Cazaquist\u00e3o\u00a0<\/span><\/figure>\n<div class=\"article__meta audioInside\" data-mediatype=\"\">\n<div class=\"article__subTitle\" style=\"text-align: justify;\">A Sala de Imprensa da Santa S\u00e9 divulgou o logotipo e o lema da visita de Francisco ao pa\u00eds da \u00c1sia Central de 13 a 15 de setembro. Uma pomba com um ramo de oliveira simboliza a paz que, junto com a unidade, ser\u00e3o os temas centrais.<\/div>\n<div class=\"title__separator\" style=\"text-align: justify;\"><\/div>\n<div class=\"article__text \">\n<p style=\"text-align: justify;\"><b>Vatican News<\/b><\/p>\n<p style=\"text-align: justify;\">O s\u00e9timo Congresso de L\u00edderes de Religi\u00f5es Mundiais e Tradicionais que se realizar\u00e1, em Nur-Sultan, capital do Cazaquist\u00e3o, nos dias 14 e 15 de setembro pr\u00f3ximo, ser\u00e1 a ocasi\u00e3o da viagem do Papa Francisco ao pa\u00eds da \u00c1sia Central que ter\u00e1 in\u00edcio em 13 de setembro. &#8220;Mensageiros de paz e de unidade&#8221; \u00e9 o lema dessa viagem do Pont\u00edfice. A Sala de Imprensa da Santa S\u00e9 divulgou, nesta ter\u00e7a-feira (23\/08), num comunicado, as palavras-chave da visita junto com o logotipo oficial que acompanha a imagem com uma descri\u00e7\u00e3o detalhada.<\/p>\n<div style=\"text-align: justify;\">\n<div class=\"article__embed article__embed--unwrap article__embed--dark\">\n<div class=\"article__innerTitle\">Ou\u00e7a e compartilhe<\/div>\n<div>\n<audio class=\"wp-audio-shortcode\" id=\"audio-75486-1\" preload=\"none\" style=\"width: 100%;\" controls=\"controls\"><source type=\"audio\/mpeg\" src=\"https:\/\/media.vaticannews.va\/media\/audio\/s1\/2022\/08\/23\/13\/136683639_F136683639.mp3?_=1\" \/><a href=\"https:\/\/media.vaticannews.va\/media\/audio\/s1\/2022\/08\/23\/13\/136683639_F136683639.mp3\">https:\/\/media.vaticannews.va\/media\/audio\/s1\/2022\/08\/23\/13\/136683639_F136683639.mp3<\/a><\/audio>\n<\/div>\n<\/div>\n<\/div>\n<h2 style=\"text-align: justify;\">A descri\u00e7\u00e3o do Logotipo<\/h2>\n<p style=\"text-align: justify;\">No centro, uma pomba com um ramo de oliveira. &#8220;As asas&#8221;, l\u00ea-se na descri\u00e7\u00e3o, &#8220;s\u00e3o representadas por duas m\u00e3os unidas, simbolizando as dos mensageiros da paz e da unidade. O cora\u00e7\u00e3o, dentro das asas, representa o amor, fruto da compreens\u00e3o rec\u00edproca, da coopera\u00e7\u00e3o e do di\u00e1logo&#8221;. O ramo de oliveira estilizado \u00e9 representado por &#8220;uma imagem ornamental t\u00edpica cazaque&#8221;.<\/p>\n<p style=\"text-align: justify;\">&#8220;No fundo da imagem&#8221;, continua a nota, &#8220;um &#8216;shanyrak&#8217; de cor azul claro, um elemento da casa tradicional do povo cazaque, &#8216;o iurte&#8217;, e, dentro, uma cruz amarela. As cores utilizadas, azul claro e amarelo, s\u00e3o as mesmas da bandeira do Cazaquist\u00e3o; amarelo e branco, as da bandeira do Vaticano. O verde do galho simboliza a esperan\u00e7a. O lema da viagem, &#8220;Mensageiros de Paz e de Unidade&#8221;, foi colocado no alto em l\u00edngua cazaque, e, embaixo, em l\u00edngua russa&#8221;.<\/p>\n<h2 style=\"text-align: justify;\">S\u00edntese do programa da viagem<\/h2>\n<p style=\"text-align: justify;\">Ser\u00e3o tr\u00eas dias intensos na esteira do di\u00e1logo entre as religi\u00f5es os dias que o Papa Francisco passar\u00e1 na capital Nur Sultan: em 13 de setembro, a chegada ao aeroporto para a acolhida oficial \u00e0s 17h45 locais, ao final de mais de 6 horas de voo. Ap\u00f3s a cerim\u00f4nia de boas-vindas, haver\u00e1 a visita de cortesia ao Presidente da Rep\u00fablica, Kassim-Jomart Tokayev, e um encontro com as autoridades, sociedade civil e o corpo diplom\u00e1tico. A quarta-feira, 14 de setembro, come\u00e7ar\u00e1 com um momento de ora\u00e7\u00e3o em sil\u00eancio, no Pal\u00e1cio da Paz e da Reconcilia\u00e7\u00e3o, junto com os l\u00edderes religiosos que participam do Congresso. Na abertura da sess\u00e3o plen\u00e1ria do evento, Francisco far\u00e1 um discurso, e \u00e0 tarde estar\u00e1 na Pra\u00e7a da Expo para a celebra\u00e7\u00e3o da missa. No dia seguinte, o Papa se reunir\u00e1 em particular com os confrades da Companhia de Jesus, depois se encontrar\u00e1 com os bispos, sacerdotes, di\u00e1conos, consagrados, seminaristas e agentes pastorais. Francisco far\u00e1 o \u00faltimo discurso dessa viagem no Pal\u00e1cio da Paz e da Reconcilia\u00e7\u00e3o, onde no in\u00edcio da tarde ser\u00e1 lida a Declara\u00e7\u00e3o Final no encerramento do Congresso. O Papa partir\u00e1 do Cazaquist\u00e3o \u00e0s 16h45 e a chegada a Roma est\u00e1 prevista para \u00e0s 20h15.<\/p>\n<\/div>\n<\/div>\n","protected":false},"excerpt":{"rendered":"<p>Logotipo da visita do Papa Francisco ao Cazaquist\u00e3o\u00a0 A Sala de Imprensa da Santa S\u00e9 divulgou o logotipo e o lema da visita de Francisco ao pa\u00eds da \u00c1sia Central de 13 a 15 de setembro. Uma pomba com um ramo de oliveira simboliza a paz que, junto com a unidade, ser\u00e3o os temas centrais. [&hellip;]<\/p>\n","protected":false},"author":1,"featured_media":75487,"comment_status":"open","ping_status":"closed","sticky":false,"template":"","format":"standard","meta":{"footnotes":""},"categories":[3],"tags":[],"class_list":["post-75486","post","type-post","status-publish","format-standard","has-post-thumbnail","hentry","category-vaticano"],"_links":{"self":[{"href":"https:\/\/catolicanet.net\/wp-cnet\/wp-json\/wp\/v2\/posts\/75486","targetHints":{"allow":["GET"]}}],"collection":[{"href":"https:\/\/catolicanet.net\/wp-cnet\/wp-json\/wp\/v2\/posts"}],"about":[{"href":"https:\/\/catolicanet.net\/wp-cnet\/wp-json\/wp\/v2\/types\/post"}],"author":[{"embeddable":true,"href":"https:\/\/catolicanet.net\/wp-cnet\/wp-json\/wp\/v2\/users\/1"}],"replies":[{"embeddable":true,"href":"https:\/\/catolicanet.net\/wp-cnet\/wp-json\/wp\/v2\/comments?post=75486"}],"version-history":[{"count":1,"href":"https:\/\/catolicanet.net\/wp-cnet\/wp-json\/wp\/v2\/posts\/75486\/revisions"}],"predecessor-version":[{"id":75488,"href":"https:\/\/catolicanet.net\/wp-cnet\/wp-json\/wp\/v2\/posts\/75486\/revisions\/75488"}],"wp:featuredmedia":[{"embeddable":true,"href":"https:\/\/catolicanet.net\/wp-cnet\/wp-json\/wp\/v2\/media\/75487"}],"wp:attachment":[{"href":"https:\/\/catolicanet.net\/wp-cnet\/wp-json\/wp\/v2\/media?parent=75486"}],"wp:term":[{"taxonomy":"category","embeddable":true,"href":"https:\/\/catolicanet.net\/wp-cnet\/wp-json\/wp\/v2\/categories?post=75486"},{"taxonomy":"post_tag","embeddable":true,"href":"https:\/\/catolicanet.net\/wp-cnet\/wp-json\/wp\/v2\/tags?post=75486"}],"curies":[{"name":"wp","href":"https:\/\/api.w.org\/{rel}","templated":true}]}}