{"id":75478,"date":"2022-08-24T09:21:06","date_gmt":"2022-08-24T12:21:06","guid":{"rendered":"https:\/\/catolicanet.net\/wp-cnet\/?p=75478"},"modified":"2022-08-24T15:23:14","modified_gmt":"2022-08-24T18:23:14","slug":"os-ministerios-na-igreja-o-papa-inicia-um-dialogo-com-os-bispos","status":"publish","type":"post","link":"https:\/\/catolicanet.net\/wp-cnet\/os-ministerios-na-igreja-o-papa-inicia-um-dialogo-com-os-bispos\/","title":{"rendered":"Os minist\u00e9rios na Igreja, o Papa inicia um di\u00e1logo com os bispos"},"content":{"rendered":"<figure class=\"article__image\" style=\"text-align: justify;\"><span class=\"didascalia_img\">O Papa durante um encontro com os bispos\u00a0 (Vatican Media)<\/span><\/figure>\n<div class=\"article__meta audioInside\" data-mediatype=\"\">\n<div class=\"article__subTitle\" style=\"text-align: justify;\">A mensagem de Francisco para o anivers\u00e1rio do motu proprio &#8220;Ministeria quaedam&#8221; de Paulo VI: \u00fatil uma partilha com as confer\u00eancias episcopais do mundo sobre as experi\u00eancias desses anos para prosseguir no caminho sem for\u00e7\u00e1-lo com escolhas &#8220;que s\u00e3o o fruto de vis\u00f5es ideol\u00f3gicas&#8221;.<\/div>\n<div class=\"title__separator\" style=\"text-align: justify;\"><\/div>\n<div class=\"article__text \">\n<p style=\"text-align: justify;\"><b>Vatican News<\/b><\/p>\n<p style=\"text-align: justify;\">Cinquenta anos se passaram desde o motu proprio de Paulo VI &#8220;Ministeria quaedam&#8221; que reformou as ordens menores e instituiu os minist\u00e9rios laicais. O Papa Francisco celebra a ocasi\u00e3o com uma mensagem assinada em 15 de agosto, divulgada nesta quarta-feira (24\/08), e anuncia que quer iniciar um di\u00e1logo com as confer\u00eancias episcopais de todo o mundo &#8220;a fim de compartilhar a riqueza das experi\u00eancias ministeriais que nesses cinquenta anos a Igreja viveu tanto como minist\u00e9rios institu\u00eddos (leitores, ac\u00f3litos e, s\u00f3 recentemente, catequistas) quanto como minist\u00e9rios extraordin\u00e1rios e de fato&#8221;. O objetivo, explica o Pont\u00edfice em sua mensagem, \u00e9 &#8220;o de ouvir a voz do Esp\u00edrito e n\u00e3o deter o processo, tendo cuidado para n\u00e3o querer for\u00e7\u00e1-lo impondo escolhas que s\u00e3o o fruto de vis\u00f5es ideol\u00f3gicas&#8221;. Por isso, Francisco acredita que &#8220;\u00e9 \u00fatil partilhar, ainda mais, no clima do caminho sinodal, as experi\u00eancias desses anos. Elas podem oferecer indica\u00e7\u00f5es valiosas para chegar a uma vis\u00e3o harmoniosa da quest\u00e3o dos minist\u00e9rios batismais e, assim, prosseguir em nosso caminho&#8221;.<\/p>\n<div style=\"text-align: justify;\">\n<div class=\"article__embed article__embed--unwrap article__embed--dark\">\n<div class=\"article__innerTitle\">Ou\u00e7a e compartilhe<\/div>\n<div>\n<!--[if lt IE 9]><script>document.createElement('audio');<\/script><![endif]-->\n<audio class=\"wp-audio-shortcode\" id=\"audio-75478-1\" preload=\"none\" style=\"width: 100%;\" controls=\"controls\"><source type=\"audio\/mpeg\" src=\"https:\/\/media.vaticannews.va\/media\/audio\/s1\/2022\/08\/24\/16\/136685318_F136685318.mp3?_=1\" \/><a href=\"https:\/\/media.vaticannews.va\/media\/audio\/s1\/2022\/08\/24\/16\/136685318_F136685318.mp3\">https:\/\/media.vaticannews.va\/media\/audio\/s1\/2022\/08\/24\/16\/136685318_F136685318.mp3<\/a><\/audio>\n<\/div>\n<\/div>\n<\/div>\n<h2 style=\"text-align: justify;\">O caminho do Papa Montini e as Cartas de Francisco<\/h2>\n<p style=\"text-align: justify;\">Francisco na mensagem lembra que o motu proprio de Paulo VI n\u00e3o s\u00f3 renovou a disciplina das ordens menores e do subdiaconato, &#8220;mas ofereceu \u00e0 Igreja uma perspectiva importante que teve a for\u00e7a de inspirar novos desenvolvimentos&#8221;. Sobre a possibilidade de desenvolver novos minist\u00e9rios foi falado durante o S\u00ednodo sobre a Amaz\u00f4nia. A seguir, o Papa Francisco interv\u00e9m sobre o assunto com duas Cartas Apost\u00f3licas: a primeira, &#8220;Spiritus Domini&#8221;, de 10 de janeiro de 2021, que abriu o acesso de pessoas do sexo feminino ao minist\u00e9rio institu\u00eddo de Leitorado e Acolitado. A segunda, &#8220;Antiquum ministerium&#8221;, de 10 de maio de 2021, instituiu o minist\u00e9rio de Catequista. &#8220;Essas duas interven\u00e7\u00f5es&#8221;, explica o Papa, &#8220;n\u00e3o devem ser interpretadas como uma supera\u00e7\u00e3o da doutrina anterior, mas como um desenvolvimento a mais que se tornou poss\u00edvel porque se fundamenta nos mesmos princ\u00edpios, coerentes com a reflex\u00e3o do Conc\u00edlio Vaticano II&#8221; que inspirou Paulo VI. O Papa Montini, aceitando os pedidos de &#8220;n\u00e3o poucos&#8221; Padres conciliares, cinquenta anos atr\u00e1s &#8220;reconheceu \u00e0s Confer\u00eancias Episcopais a possibilidade de pedir \u00e0 S\u00e9 Apost\u00f3lica a institui\u00e7\u00e3o desses minist\u00e9rios considerados necess\u00e1rios ou muito \u00fateis em suas regi\u00f5es. At\u00e9 mesmo a ora\u00e7\u00e3o de ordena\u00e7\u00e3o do bispo, na parte das intercess\u00f5es, indica entre suas principais tarefas, a de organizar minist\u00e9rios&#8221;.<\/p>\n<h2 style=\"text-align: justify;\">Funda\u00e7\u00f5es de cada minist\u00e9rio<\/h2>\n<p style=\"text-align: justify;\">Francisco explica que &#8220;o tema \u00e9 de fundamental import\u00e2ncia para a vida da Igreja: na verdade, n\u00e3o existe comunidade crist\u00e3 que n\u00e3o expresse minist\u00e9rios&#8221;, como mostram as Cartas de S\u00e3o Paulo, onde &#8220;\u00e9 descrita uma ministerialidade generalizada, organizada com base em dois fundamentos certos: na origem de cada minist\u00e9rio h\u00e1 sempre Deus que com seu Esp\u00edrito Santo trabalha tudo em todos&#8221; e &#8220;a finalidade de cada minist\u00e9rio \u00e9 sempre o bem comum, a constru\u00e7\u00e3o da comunidade&#8221;. Todo minist\u00e9rio \u00e9, portanto, &#8220;um chamado de Deus para o bem da comunidade&#8221;. Gra\u00e7as a esses dois fundamentos, a comunidade crist\u00e3 pode organizar &#8220;a variedade de minist\u00e9rios que o Esp\u00edrito desperta em rela\u00e7\u00e3o \u00e0 situa\u00e7\u00e3o concreta em que vive&#8221;. Esta organiza\u00e7\u00e3o, escreve o Papa, &#8220;n\u00e3o \u00e9 um fato meramente funcional, mas um discernimento comunit\u00e1rio atento, na escuta do que o Esp\u00edrito sugere \u00e0 Igreja, num lugar concreto e no momento atual de sua vida&#8221;. Assim, &#8220;toda estrutura ministerial que nasce desse discernimento \u00e9 din\u00e2mica, vivaz, flex\u00edvel como a a\u00e7\u00e3o do Esp\u00edrito: nela deve arraigar-se mais profundamente para n\u00e3o correr o risco de que o dinamismo se torne confus\u00e3o, a vivacidade se reduza \u00e0 improvisa\u00e7\u00e3o extempor\u00e2nea, a flexibilidade se transforme em adapta\u00e7\u00f5es arbitr\u00e1rias e ideol\u00f3gicas&#8221;.<\/p>\n<h2 style=\"text-align: justify;\">Realidade superior \u00e0 ideia<\/h2>\n<p style=\"text-align: justify;\">Francisco na mensagem lembra que &#8220;a eclesiologia de comunh\u00e3o, a sacramentalidade da Igreja, a complementaridade do sacerd\u00f3cio comum e o sacerd\u00f3cio ministerial, a visibilidade lit\u00fargica de cada minist\u00e9rio s\u00e3o os princ\u00edpios doutrinais que, animados pela a\u00e7\u00e3o do Esp\u00edrito, tornam a variedade de minist\u00e9rios harmoniosa&#8221;. A quest\u00e3o dos minist\u00e9rios batizados aborda diversos aspectos que &#8220;certamente devem ser considerados: a terminologia usada para indicar os minist\u00e9rios, sua funda\u00e7\u00e3o doutrinal, os aspectos jur\u00eddicos, as distin\u00e7\u00f5es e rela\u00e7\u00f5es entre os minist\u00e9rios individuais, o seu valor vocacional, os percursos de forma\u00e7\u00e3o, o evento principal que possibilita o exerc\u00edcio de um minist\u00e9rio, a dimens\u00e3o lit\u00fargica de cada minist\u00e9rio&#8221;. Quest\u00f5es evidentemente complexas, que, &#8220;certamente \u00e9 necess\u00e1rio continuar aprofundando&#8221;, afirma o Papa, mas sem &#8220;pretender defini-las e resolv\u00ea-las para ent\u00e3o viver a ministerialidade&#8221;, porque agindo dessa forma &#8220;muito provavelmente n\u00e3o conseguiremos caminhar muito&#8221;. \u00c9 por isso que na mensagem Francisco repete o que j\u00e1 foi escrito na Exorta\u00e7\u00e3o &#8220;Evangelii gaudium&#8221;, ou seja, que &#8220;a realidade \u00e9 superior \u00e0 ideia&#8221; e &#8220;\u00e9 preciso estabelecer um di\u00e1logo constante entre as duas, evitando que a ideia acabe se separando da realidade&#8221;. Al\u00e9m disso, o Papa lembra que &#8220;o tempo \u00e9 superior ao espa\u00e7o&#8221;. Portanto, &#8220;mais do que a obsess\u00e3o de resultados imediatos em resolver todas as tens\u00f5es e esclarecer todos os aspectos, correndo o risco de cristalizar os processos e, \u00e0s vezes, pretender par\u00e1-los, devemos apoiar a a\u00e7\u00e3o do Esp\u00edrito do Senhor&#8221;.<\/p>\n<\/div>\n<\/div>\n","protected":false},"excerpt":{"rendered":"<p>O Papa durante um encontro com os bispos\u00a0 (Vatican Media) A mensagem de Francisco para o anivers\u00e1rio do motu proprio &#8220;Ministeria quaedam&#8221; de Paulo VI: \u00fatil uma partilha com as confer\u00eancias episcopais do mundo sobre as experi\u00eancias desses anos para prosseguir no caminho sem for\u00e7\u00e1-lo com escolhas &#8220;que s\u00e3o o fruto de vis\u00f5es ideol\u00f3gicas&#8221;. Vatican [&hellip;]<\/p>\n","protected":false},"author":1,"featured_media":75479,"comment_status":"open","ping_status":"closed","sticky":false,"template":"","format":"standard","meta":{"footnotes":""},"categories":[3],"tags":[],"class_list":["post-75478","post","type-post","status-publish","format-standard","has-post-thumbnail","hentry","category-vaticano"],"_links":{"self":[{"href":"https:\/\/catolicanet.net\/wp-cnet\/wp-json\/wp\/v2\/posts\/75478","targetHints":{"allow":["GET"]}}],"collection":[{"href":"https:\/\/catolicanet.net\/wp-cnet\/wp-json\/wp\/v2\/posts"}],"about":[{"href":"https:\/\/catolicanet.net\/wp-cnet\/wp-json\/wp\/v2\/types\/post"}],"author":[{"embeddable":true,"href":"https:\/\/catolicanet.net\/wp-cnet\/wp-json\/wp\/v2\/users\/1"}],"replies":[{"embeddable":true,"href":"https:\/\/catolicanet.net\/wp-cnet\/wp-json\/wp\/v2\/comments?post=75478"}],"version-history":[{"count":1,"href":"https:\/\/catolicanet.net\/wp-cnet\/wp-json\/wp\/v2\/posts\/75478\/revisions"}],"predecessor-version":[{"id":75480,"href":"https:\/\/catolicanet.net\/wp-cnet\/wp-json\/wp\/v2\/posts\/75478\/revisions\/75480"}],"wp:featuredmedia":[{"embeddable":true,"href":"https:\/\/catolicanet.net\/wp-cnet\/wp-json\/wp\/v2\/media\/75479"}],"wp:attachment":[{"href":"https:\/\/catolicanet.net\/wp-cnet\/wp-json\/wp\/v2\/media?parent=75478"}],"wp:term":[{"taxonomy":"category","embeddable":true,"href":"https:\/\/catolicanet.net\/wp-cnet\/wp-json\/wp\/v2\/categories?post=75478"},{"taxonomy":"post_tag","embeddable":true,"href":"https:\/\/catolicanet.net\/wp-cnet\/wp-json\/wp\/v2\/tags?post=75478"}],"curies":[{"name":"wp","href":"https:\/\/api.w.org\/{rel}","templated":true}]}}