{"id":75474,"date":"2022-08-24T09:17:50","date_gmt":"2022-08-24T12:17:50","guid":{"rendered":"https:\/\/catolicanet.net\/wp-cnet\/?p=75474"},"modified":"2022-08-24T15:20:07","modified_gmt":"2022-08-24T18:20:07","slug":"o-papa-a-sabedoria-da-velhice-ilumina-a-vida-das-criancas-dos-jovens-dos-adultos-de-toda-a-comunidade","status":"publish","type":"post","link":"https:\/\/catolicanet.net\/wp-cnet\/o-papa-a-sabedoria-da-velhice-ilumina-a-vida-das-criancas-dos-jovens-dos-adultos-de-toda-a-comunidade\/","title":{"rendered":"O Papa: a sabedoria da velhice ilumina a vida das crian\u00e7as, dos jovens, dos adultos, de toda a comunidade"},"content":{"rendered":"<div class=\"article__subTitle\" style=\"text-align: justify;\">Francisco concluiu o ciclo de catequeses dedicada aos idosos com uma reflex\u00e3o sobre a Assun\u00e7\u00e3o de Nossa Senhora que une a Virgem com o Jesus Ressuscitado e antecipa o nosso destino que \u00e9 &#8220;ressurgir&#8221;.<\/div>\n<div><\/div>\n<div>\n<p><iframe loading=\"lazy\" title=\"Audi\u00eancia Geral de 24 de agosto de 2022\" width=\"696\" height=\"392\" src=\"https:\/\/www.youtube.com\/embed\/4gtCPnw8j_I?feature=oembed\" frameborder=\"0\" allow=\"accelerometer; autoplay; clipboard-write; encrypted-media; gyroscope; picture-in-picture\" allowfullscreen><\/iframe><\/p>\n<\/div>\n<div class=\"title__separator\" style=\"text-align: justify;\"><\/div>\n<div class=\"article__text \">\n<p style=\"text-align: justify;\"><b>Mariangela Jaguraba &#8211; Vatican News<\/b><\/p>\n<p style=\"text-align: justify;\">&#8220;As dores da cria\u00e7\u00e3o. A hist\u00f3ria da criatura como mist\u00e9rio da gesta\u00e7\u00e3o&#8221; foi o tema da \u00faltima catequese do Papa Francisco sobre a velhice na Audi\u00eancia Geral, desta quarta-feira (24\/08), realizada na Sala Paulo VI.<\/p>\n<p style=\"text-align: justify;\">Francisco recordou a Solenidade da Assun\u00e7\u00e3o de Nossa Senhora, celebrada h\u00e1 pouco, sublinhando que &#8220;este mist\u00e9rio ilumina o cumprimento da gra\u00e7a que plasmou o destino de Maria e ilumina tamb\u00e9m o nosso&#8221;.\u00a0Com esta imagem da Virgem que subiu ao C\u00e9u, o Papa concluiu o\u00a0ciclo de catequeses sobre a velhice.<\/p>\n<h2 style=\"text-align: justify;\">O nosso destino \u00e9 ressurgir<\/h2>\n<p style=\"text-align: justify;\">Segundo o Papa, &#8220;a teologia sempre refletiu sobre a rela\u00e7\u00e3o desta singular \u201cassun\u00e7\u00e3o\u201d com a morte, que o dogma n\u00e3o define. Penso que seria ainda mais importante tornar expl\u00edcita a rela\u00e7\u00e3o deste mist\u00e9rio com a ressurrei\u00e7\u00e3o do Filho, que abre a todos n\u00f3s o caminho da gera\u00e7\u00e3o \u00e0 vida&#8221;. &#8220;O Senhor ressuscitado \u00e9 aquele que ressuscitou primeiro. Est\u00e1 em primeiro lugar. Depois, iremos n\u00f3s. O nosso destino \u00e9 ressurgir&#8221;, frisou o Pont\u00edfice.<\/p>\n<p style=\"text-align: justify;\">&#8220;Poder\u00edamos dizer, segundo as palavras de Jesus a Nicodemos, que \u00e9 um pouco como um segundo nascimento&#8221;, disse Francisco, acrescentando:<\/p>\n<p style=\"text-align: justify;\"><i>Se o primeiro foi um nascimento na terra, o segundo \u00e9 o nascimento no c\u00e9u. N\u00e3o \u00e9 por acaso que o Ap\u00f3stolo Paulo, no texto lido no in\u00edcio, fala de dores de parto. Do mesmo modo que, quando sa\u00edmos do ventre da nossa m\u00e3e, somos sempre n\u00f3s, o mesmo ser humano que estava no ventre, assim, ap\u00f3s a morte, nascemos no c\u00e9u, no espa\u00e7o de Deus, e ainda somos os mesmos que caminh\u00e1vamos nesta terra. Analogamente a quanto aconteceu com Jesus: o Ressuscitado \u00e9 sempre Jesus: Ele n\u00e3o perde a sua humanidade, o que viveu, nem sequer a sua corporeidade, porque sem ela j\u00e1 n\u00e3o seria Ele, n\u00e3o seria Jesus com sua humanidade, com sua experi\u00eancia de vida.<\/i><\/p>\n<h2 style=\"text-align: justify;\">No mundo de Deus existe um lugar para todos<\/h2>\n<p style=\"text-align: justify;\">Segundo o Pont\u00edfice, isto \u00e9 o que nos diz &#8220;a experi\u00eancia dos disc\u00edpulos, aos quais Ele aparece durante quarenta dias ap\u00f3s a ressurrei\u00e7\u00e3o. O Senhor mostra-lhes as feridas que selaram o seu sacrif\u00edcio, prova indel\u00e9vel do seu amor fiel at\u00e9 o fim&#8221;. &#8220;Jesus Ressuscitado vive com o seu corpo na intimidade trinit\u00e1ria de Deus! E nela n\u00e3o perde a mem\u00f3ria, n\u00e3o abandona a pr\u00f3pria hist\u00f3ria, n\u00e3o dissolve as rela\u00e7\u00f5es nas quais viveu na terra&#8221;, frisou o Papa. \u00a0&#8220;Aos seus amigos prometeu: \u00abE quando Eu tiver ido e vos tiver preparado um lugar, virei outra vez e levar-vos-ei comigo para que onde Eu estiver, estejais v\u00f3s tamb\u00e9m\u00bb. E Ele vir\u00e1, n\u00e3o s\u00f3 vir\u00e1 no final para todos, ele vir\u00e1 todas as vezes para cada um de n\u00f3s. Ele vir\u00e1 nos procurar para nos levar at\u00e9 Ele. Nesse sentido, a morte \u00e9 um passo para o encontro com Jesus, que est\u00e1 me esperando para me levar at\u00e9 Ele&#8221;, disse ainda Francisco.<\/p>\n<p style=\"text-align: justify;\"><i>O Ressuscitado vive no mundo de Deus, onde existe um lugar para todos, onde se forma uma nova terra e onde se constr\u00f3i a cidade celestial, morada definitiva do ser humano. N\u00e3o podemos imaginar esta transfigura\u00e7\u00e3o da nossa corporeidade mortal, mas estamos certos de que ela manter\u00e1 os nossos rostos reconhec\u00edveis e nos consentir\u00e1 permanecer humanos no c\u00e9u de Deus. Nos permitir\u00e1 participar, com sublime emo\u00e7\u00e3o, da infinita e feliz exuber\u00e2ncia do ato criador de Deus, cujas infinitas aventuras experimentaremos pessoalmente.<\/i><\/p>\n<h2 style=\"text-align: justify;\">A sabedoria da velhice \u00e9 o lugar da nossa gesta\u00e7\u00e3o<\/h2>\n<p style=\"text-align: justify;\">&#8220;Quando Jesus fala do Reino de Deus, descreve-o como um banquete de n\u00fapcias, como uma festa, nos espera uma festa com amigos, o trabalho que torna a casa perfeita, \u00e9 a surpresa que torna a colheita mais rica do que a sementeira&#8221;, disse ainda Francisco, acrescentando que na velhice, &#8220;o essencial da vida, que nos \u00e9 mais caro quando nos aproximamos do nosso adeus, torna-se definitivamente claro para n\u00f3s.\u00a0<b>Eis, pois, que esta sabedoria da velhice \u00e9 o lugar da nossa gesta\u00e7\u00e3o, que ilumina a vida das crian\u00e7as, dos jovens, dos adultos, de toda a comunidade. Toda a nossa vida se manifesta como uma semente que dever\u00e1 ser enterrada a fim de que a sua flor e o seu fruto possam nascer<\/b>&#8220;.<\/p>\n<p style=\"text-align: justify;\">&#8220;Queridos irm\u00e3os e irm\u00e3s, especialmente os idosos, o melhor da vida ainda deve vir. Que a M\u00e3e do Senhor e nossa M\u00e3e, que nos precedeu no Para\u00edso, nos restitua a trepida\u00e7\u00e3o da expectativa, para que n\u00e3o seja uma expectativa anestesiada, n\u00e3o seja uma expectativa entediada, mas uma expectativa com trepida\u00e7\u00e3o&#8221;, disse ainda o Papa. Ter um pouco de medo \u00e9 normal, &#8220;pois n\u00e3o sabemos o que significa essa passagem significa e passar por aquela porta d\u00e1 um pouco de medo, mas h\u00e1 sempre a m\u00e3o do Senhor que nos leva para frente e depois de passar pela porta h\u00e1 festa&#8221;, concluiu<\/p>\n<\/div>\n","protected":false},"excerpt":{"rendered":"<p>Francisco concluiu o ciclo de catequeses dedicada aos idosos com uma reflex\u00e3o sobre a Assun\u00e7\u00e3o de Nossa Senhora que une a Virgem com o Jesus Ressuscitado e antecipa o nosso destino que \u00e9 &#8220;ressurgir&#8221;. Mariangela Jaguraba &#8211; Vatican News &#8220;As dores da cria\u00e7\u00e3o. A hist\u00f3ria da criatura como mist\u00e9rio da gesta\u00e7\u00e3o&#8221; foi o tema da [&hellip;]<\/p>\n","protected":false},"author":1,"featured_media":75475,"comment_status":"open","ping_status":"closed","sticky":false,"template":"","format":"standard","meta":{"footnotes":""},"categories":[3],"tags":[],"class_list":["post-75474","post","type-post","status-publish","format-standard","has-post-thumbnail","hentry","category-vaticano"],"_links":{"self":[{"href":"https:\/\/catolicanet.net\/wp-cnet\/wp-json\/wp\/v2\/posts\/75474","targetHints":{"allow":["GET"]}}],"collection":[{"href":"https:\/\/catolicanet.net\/wp-cnet\/wp-json\/wp\/v2\/posts"}],"about":[{"href":"https:\/\/catolicanet.net\/wp-cnet\/wp-json\/wp\/v2\/types\/post"}],"author":[{"embeddable":true,"href":"https:\/\/catolicanet.net\/wp-cnet\/wp-json\/wp\/v2\/users\/1"}],"replies":[{"embeddable":true,"href":"https:\/\/catolicanet.net\/wp-cnet\/wp-json\/wp\/v2\/comments?post=75474"}],"version-history":[{"count":1,"href":"https:\/\/catolicanet.net\/wp-cnet\/wp-json\/wp\/v2\/posts\/75474\/revisions"}],"predecessor-version":[{"id":75476,"href":"https:\/\/catolicanet.net\/wp-cnet\/wp-json\/wp\/v2\/posts\/75474\/revisions\/75476"}],"wp:featuredmedia":[{"embeddable":true,"href":"https:\/\/catolicanet.net\/wp-cnet\/wp-json\/wp\/v2\/media\/75475"}],"wp:attachment":[{"href":"https:\/\/catolicanet.net\/wp-cnet\/wp-json\/wp\/v2\/media?parent=75474"}],"wp:term":[{"taxonomy":"category","embeddable":true,"href":"https:\/\/catolicanet.net\/wp-cnet\/wp-json\/wp\/v2\/categories?post=75474"},{"taxonomy":"post_tag","embeddable":true,"href":"https:\/\/catolicanet.net\/wp-cnet\/wp-json\/wp\/v2\/tags?post=75474"}],"curies":[{"name":"wp","href":"https:\/\/api.w.org\/{rel}","templated":true}]}}