{"id":75451,"date":"2022-08-22T15:52:02","date_gmt":"2022-08-22T18:52:02","guid":{"rendered":"https:\/\/catolicanet.net\/wp-cnet\/?p=75451"},"modified":"2022-08-22T15:52:02","modified_gmt":"2022-08-22T18:52:02","slug":"campanha-eleitoral-2022","status":"publish","type":"post","link":"https:\/\/catolicanet.net\/wp-cnet\/campanha-eleitoral-2022\/","title":{"rendered":"Campanha Eleitoral 2022"},"content":{"rendered":"<p style=\"text-align: justify;\">Come\u00e7o citando uma frase b\u00edblica: \u201cQuem se exalta ser\u00e1 humilhado e quem se humilha ser\u00e1 exaltado\u201d (Lc 14,11). Novamente est\u00e3o a\u00ed os candidatos na corrida para a conquista de votos, mas qual a verdadeira inten\u00e7\u00e3o de fundo, a humildade no servi\u00e7o ao povo, principalmente aos mais desfavorecidos e ao bem comum ou a exalta\u00e7\u00e3o pessoal com interesses ego\u00edstas e sem compromisso social?<\/p>\n<p style=\"text-align: justify;\">No m\u00eas de outubro vamos eleger Presidente, Governadores, Senadores, Deputados Federais, Estaduais e Distritais. \u00c9 uma tarefa muito dif\u00edcil, porque ningu\u00e9m tem estrela na testa. Todos t\u00eam, sim, uma hist\u00f3ria de vida, que precisa ser checada. O eleitor precisa estar de antena ligada para n\u00e3o ser conivente com uma m\u00e1 administra\u00e7\u00e3o, dando um voto sem responsabilidade em candidato desqualificado.<\/p>\n<p style=\"text-align: justify;\">Tr\u00eas virtudes podem perfeitamente identificar o perfil de um bom candidato, uma delas citada acima, a humildade, mas tamb\u00e9m a gratuidade e a caridade. Quem tem estas qualidades, investe no que assumiu como proposta no tempo da campanha, deixa de lado o comodismo, a zona ego\u00edsta de conforto e age de forma honesta e transparente para trabalhar seriamente em benef\u00edcio do povo.<\/p>\n<p style=\"text-align: justify;\">Estamos numa cultura pol\u00edtica viciada de muitas falcatruas, de arrog\u00e2ncias, carreirismos e explora\u00e7\u00f5es ego\u00edstas, que emperra a viabilidade de uma na\u00e7\u00e3o comprometida e de destaque no cen\u00e1rio mundial. O peso de tudo isto recai sobre os eleitores neste momento, porque o voto livre e sagrado \u00e9 emitido por todos os cidad\u00e3os, dando aos candidatos plenos poderes para administrar.<\/p>\n<p style=\"text-align: justify;\">\u00c9 fundamental na pol\u00edtica cultivar a virtude da humanidade, de forma que o candidato possa ocupar, com simplicidade, o posto para o qual foi eleito. Agindo desta forma, evita se sentir superior aos outros, mas algu\u00e9m que coloca seus pr\u00f3prios talentos para ajudar no desenvolvimento do pa\u00eds. Infelizmente n\u00e3o \u00e9 o que vemos no cen\u00e1rio pol\u00edtico brasileiro, porque se tornou cabide de emprego f\u00e1cil.<\/p>\n<p style=\"text-align: justify;\">Existe um abismo entre o povo e a classe pol\u00edtica com seus privil\u00e9gios. Acontece que o pol\u00edtico sai do meio do povo e se distancia dele na hora de administrar o bem p\u00fablico, principalmente aquilo que beneficia a maioria. Na l\u00f3gica crist\u00e3, o valor da pessoa n\u00e3o depende do cargo que ocupa, mas a capacidade relacional de humildade, ser simples e dedicado com honestidade na miss\u00e3o assumida.<\/p>\n","protected":false},"excerpt":{"rendered":"<p>Come\u00e7o citando uma frase b\u00edblica: \u201cQuem se exalta ser\u00e1 humilhado e quem se humilha ser\u00e1 exaltado\u201d (Lc 14,11). Novamente est\u00e3o a\u00ed os candidatos na corrida para a conquista de votos, mas qual a verdadeira inten\u00e7\u00e3o de fundo, a humildade no servi\u00e7o ao povo, principalmente aos mais desfavorecidos e ao bem comum ou a exalta\u00e7\u00e3o pessoal [&hellip;]<\/p>\n","protected":false},"author":1,"featured_media":55820,"comment_status":"open","ping_status":"closed","sticky":false,"template":"","format":"standard","meta":{"footnotes":""},"categories":[9],"tags":[],"class_list":["post-75451","post","type-post","status-publish","format-standard","has-post-thumbnail","hentry","category-artigos"],"_links":{"self":[{"href":"https:\/\/catolicanet.net\/wp-cnet\/wp-json\/wp\/v2\/posts\/75451","targetHints":{"allow":["GET"]}}],"collection":[{"href":"https:\/\/catolicanet.net\/wp-cnet\/wp-json\/wp\/v2\/posts"}],"about":[{"href":"https:\/\/catolicanet.net\/wp-cnet\/wp-json\/wp\/v2\/types\/post"}],"author":[{"embeddable":true,"href":"https:\/\/catolicanet.net\/wp-cnet\/wp-json\/wp\/v2\/users\/1"}],"replies":[{"embeddable":true,"href":"https:\/\/catolicanet.net\/wp-cnet\/wp-json\/wp\/v2\/comments?post=75451"}],"version-history":[{"count":1,"href":"https:\/\/catolicanet.net\/wp-cnet\/wp-json\/wp\/v2\/posts\/75451\/revisions"}],"predecessor-version":[{"id":75452,"href":"https:\/\/catolicanet.net\/wp-cnet\/wp-json\/wp\/v2\/posts\/75451\/revisions\/75452"}],"wp:featuredmedia":[{"embeddable":true,"href":"https:\/\/catolicanet.net\/wp-cnet\/wp-json\/wp\/v2\/media\/55820"}],"wp:attachment":[{"href":"https:\/\/catolicanet.net\/wp-cnet\/wp-json\/wp\/v2\/media?parent=75451"}],"wp:term":[{"taxonomy":"category","embeddable":true,"href":"https:\/\/catolicanet.net\/wp-cnet\/wp-json\/wp\/v2\/categories?post=75451"},{"taxonomy":"post_tag","embeddable":true,"href":"https:\/\/catolicanet.net\/wp-cnet\/wp-json\/wp\/v2\/tags?post=75451"}],"curies":[{"name":"wp","href":"https:\/\/api.w.org\/{rel}","templated":true}]}}