{"id":75443,"date":"2022-08-22T09:38:28","date_gmt":"2022-08-22T12:38:28","guid":{"rendered":"https:\/\/catolicanet.net\/wp-cnet\/?p=75443"},"modified":"2022-08-22T15:39:24","modified_gmt":"2022-08-22T18:39:24","slug":"padre-cicero-agora-e-servo-de-deus","status":"publish","type":"post","link":"https:\/\/catolicanet.net\/wp-cnet\/padre-cicero-agora-e-servo-de-deus\/","title":{"rendered":"Padre C\u00edcero agora \u00e9 Servo de Deus"},"content":{"rendered":"<h2 class=\"subtitle\" style=\"text-align: justify;\">A Santa S\u00e9 autorizou a abertura do processo de beatifica\u00e7\u00e3o do querido &#8220;Padim Ci\u00e7o&#8221;<\/h2>\n<p style=\"text-align: justify;\">ASanta S\u00e9, atrav\u00e9s do Dicast\u00e9rio das Causas dos Santos, autorizou a abertura do processo de beatifica\u00e7\u00e3o do Padre C\u00edcero Rom\u00e3o Batista, o \u201cpatriarca do nordeste\u201d brasileiro. A boa not\u00edcia foi dada pelo bispo de Crato (CE), Dom Magnus Henrique Lopes, no fim da Missa em sufr\u00e1gio da alma do sacerdote, em Juazeiro do Norte, CE. O bispo anunciou:<\/p>\n<blockquote class=\"wp-block-quote\"><p>\u201cQueridos filhos e filhas da Diocese de Crato e romeiros de todo o Brasil, \u00e9 com grande alegria que vos comunico nesta manh\u00e3 hist\u00f3rica, que recebemos oficialmente da Santa S\u00e9, por determina\u00e7\u00e3o do Santo Padre, o Papa Francisco, a carta do Dicast\u00e9rio das Causas dos Santos, datada de 24 de junho de 2022, comunicando a autoriza\u00e7\u00e3o para a abertura do Processo de Beatifica\u00e7\u00e3o do Padre C\u00edcero Rom\u00e3o Batista, que, a partir de agora, receber\u00e1 o t\u00edtulo de \u2018Servo de Deus\u2019. Deus seja louvado!\u201d<\/p><\/blockquote>\n<div class=\"wp-block-aleteia-heading3\" style=\"text-align: justify;\">\n<h3>O processo<\/h3>\n<\/div>\n<p style=\"text-align: justify;\">O sinal verde para o pedido de beatifica\u00e7\u00e3o aconteceu em 2015, quando o Vaticano reconciliou o sacerdote com a Igreja Cat\u00f3lica. De fato, Padre C\u00edcero Padre C\u00edcero morreu sem a concilia\u00e7\u00e3o ap\u00f3s o caso conhecido como \u201cmilagre da h\u00f3stia\u201d. A h\u00f3stia dada por ele teria virado sangue na boca de uma fiel. O caso n\u00e3o foi reconhecido como milagre e o sacerdote foi suspenso de ordem.<\/p>\n<p style=\"text-align: justify;\">O perd\u00e3o oficial e a reconcilia\u00e7\u00e3o, portanto, davam permiss\u00e3o ao pedido de beatifica\u00e7\u00e3o.<\/p>\n<p style=\"text-align: justify;\">Em maio de 2022, o bispo Dom Magnus Henrique, em visita ao Vaticano, entregou ao Papa Francisco uma carta expressando o sonho que milhares de devotos t\u00eam de ver o Padre C\u00edcero canonizado. Dizia a carta:<\/p>\n<blockquote class=\"wp-block-quote\">\n<div id=\"aleteia-welcome\"><\/div>\n<p>\u201cRecorremos \u00e0 vossa solicitude de Pastor Universal da Santa Igreja, para pedir especial clem\u00eancia para com este sacerdote cat\u00f3lico, amado e venerado, no sentido de permitir a abertura de uma causa de beatifica\u00e7\u00e3o. Esperamos que Vossa Santidade, na hora oportuna, examine com cora\u00e7\u00e3o de Pai e como Sucessor de Pedro este pedido ora formulado, cuja resposta \u00e9 um anseio nosso e dos milh\u00f5es de devotos do Padre C\u00edcero\u201d<strong>.<\/strong><\/p><\/blockquote>\n<p style=\"text-align: justify;\">A autoriza\u00e7\u00e3o da abertura do processo veio um m\u00eas depois. Nesta fase, ser\u00e3o feitas a investiga\u00e7\u00f5es das virtudes de Padre C\u00edcero. Conclu\u00edda e aprovada essa fase, ele\u00a0passa a ser considerado vener\u00e1vel. Para se tornar beato \u00e9 preciso ainda a comprova\u00e7\u00e3o por parte do Vaticano de um milagre\u00a0alcan\u00e7ado por meio de sua\u00a0intercess\u00e3o.<\/p>\n<div class=\"wp-block-aleteia-heading3\" style=\"text-align: justify;\">\n<h3>O Padre C\u00edcero<\/h3>\n<\/div>\n<div class=\"nativo-inread\" style=\"text-align: justify;\"><\/div>\n<p style=\"text-align: justify;\">No\u00a0<a href=\"https:\/\/diocesedecrato.org\/pe-cicero\/\" target=\"_blank\" rel=\"noopener\">site da Diocese de Crato,<\/a>\u00a0o Padre Aureliano Gondim resume a hist\u00f3ria da devo\u00e7\u00e3o ao \u201cPadim Ci\u00e7o\u201d.<\/p>\n<p style=\"text-align: justify;\">O sacerdote lembra que o Padre C\u00edcero nasceu na cidade do Crato, no dia 24 de mar\u00e7o de 1844. Foi ordenado sacerdote no dia 30 de novembro de 1870. Celebrou sua primeira missa em Juazeiro na noite de Natal daquele mesmo ano.<\/p>\n<div id=\"article-desk-content-p6-ad_2022_08_22_padre-cicero-agora-e-servo-de-deus\" class=\"css-cfwtta\" style=\"text-align: justify;\" data-google-query-id=\"CJ7Fv4OM2_kCFYSNlQId2J8I9g\">\n<div id=\"google_ads_iframe_64500793\/PT_DESK_ARTICLE_WELCOME_1X1_0__container__\"><\/div>\n<\/div>\n<p style=\"text-align: justify;\">E foi atrav\u00e9s de um sonho que ele percebeu como se daria a sua miss\u00e3o em Juazeiro.<\/p>\n<p style=\"text-align: justify;\">No sonho, vislumbrando a \u00faltima ceia, percebeu a presen\u00e7a de in\u00fameros flagelados da seca no Nordeste ao redor de Jesus e dos ap\u00f3stolos. Padre C\u00edcero escutou de Jesus as palavras que o acompanharam durante toda a sua vida: \u201ce tu, C\u00edcero, toma conta deste povo!\u201d<\/p>\n<p style=\"text-align: justify;\">Com aproximadamente 19 anos de sacerd\u00f3cio, numa celebra\u00e7\u00e3o eucar\u00edstica ocorrida na primeira sexta-feira do m\u00eas de mar\u00e7o de 1889, Padre C\u00edcero, ao dar a comunh\u00e3o \u00e0 Beata Maria de Ara\u00fajo, a h\u00f3stia consagrada se transformou em sangue na boca da fiel. Fato que ocorreu ainda por mais 138 vezes, num per\u00edodo de quase dois anos.<\/p>\n<p style=\"text-align: justify;\">Tais acontecimentos serviram para fomentar as peregrina\u00e7\u00f5es \u00e0 Juazeiro do Norte. O que permitiu alavancar a vida do pequeno povoado, pois muitos vinham mesmo para residir e estar perto do padrinho querido.<\/p>\n","protected":false},"excerpt":{"rendered":"<p>A Santa S\u00e9 autorizou a abertura do processo de beatifica\u00e7\u00e3o do querido &#8220;Padim Ci\u00e7o&#8221; ASanta S\u00e9, atrav\u00e9s do Dicast\u00e9rio das Causas dos Santos, autorizou a abertura do processo de beatifica\u00e7\u00e3o do Padre C\u00edcero Rom\u00e3o Batista, o \u201cpatriarca do nordeste\u201d brasileiro. A boa not\u00edcia foi dada pelo bispo de Crato (CE), Dom Magnus Henrique Lopes, no [&hellip;]<\/p>\n","protected":false},"author":1,"featured_media":75444,"comment_status":"open","ping_status":"closed","sticky":false,"template":"","format":"standard","meta":{"footnotes":""},"categories":[4],"tags":[],"class_list":["post-75443","post","type-post","status-publish","format-standard","has-post-thumbnail","hentry","category-cotidiano"],"_links":{"self":[{"href":"https:\/\/catolicanet.net\/wp-cnet\/wp-json\/wp\/v2\/posts\/75443","targetHints":{"allow":["GET"]}}],"collection":[{"href":"https:\/\/catolicanet.net\/wp-cnet\/wp-json\/wp\/v2\/posts"}],"about":[{"href":"https:\/\/catolicanet.net\/wp-cnet\/wp-json\/wp\/v2\/types\/post"}],"author":[{"embeddable":true,"href":"https:\/\/catolicanet.net\/wp-cnet\/wp-json\/wp\/v2\/users\/1"}],"replies":[{"embeddable":true,"href":"https:\/\/catolicanet.net\/wp-cnet\/wp-json\/wp\/v2\/comments?post=75443"}],"version-history":[{"count":1,"href":"https:\/\/catolicanet.net\/wp-cnet\/wp-json\/wp\/v2\/posts\/75443\/revisions"}],"predecessor-version":[{"id":75445,"href":"https:\/\/catolicanet.net\/wp-cnet\/wp-json\/wp\/v2\/posts\/75443\/revisions\/75445"}],"wp:featuredmedia":[{"embeddable":true,"href":"https:\/\/catolicanet.net\/wp-cnet\/wp-json\/wp\/v2\/media\/75444"}],"wp:attachment":[{"href":"https:\/\/catolicanet.net\/wp-cnet\/wp-json\/wp\/v2\/media?parent=75443"}],"wp:term":[{"taxonomy":"category","embeddable":true,"href":"https:\/\/catolicanet.net\/wp-cnet\/wp-json\/wp\/v2\/categories?post=75443"},{"taxonomy":"post_tag","embeddable":true,"href":"https:\/\/catolicanet.net\/wp-cnet\/wp-json\/wp\/v2\/tags?post=75443"}],"curies":[{"name":"wp","href":"https:\/\/api.w.org\/{rel}","templated":true}]}}