{"id":75398,"date":"2022-08-19T09:52:24","date_gmt":"2022-08-19T12:52:24","guid":{"rendered":"https:\/\/catolicanet.net\/wp-cnet\/?p=75398"},"modified":"2022-08-19T10:56:10","modified_gmt":"2022-08-19T13:56:10","slug":"acn-alerta-sobre-aumento-da-violencia-religiosa","status":"publish","type":"post","link":"https:\/\/catolicanet.net\/wp-cnet\/acn-alerta-sobre-aumento-da-violencia-religiosa\/","title":{"rendered":"ACN alerta sobre aumento da viol\u00eancia religiosa"},"content":{"rendered":"<p style=\"text-align: center;\">Cr\u00e9dito: \u00a9 Ismael Mart\u00ednez S\u00e1nchez \/ ACN<\/p>\n<p style=\"text-align: justify;\">No Dia Internacional para Homenagear as V\u00edtimas de Atos de Viol\u00eancia por causa da Religi\u00e3o ou Cren\u00e7as, 22 de agosto, a funda\u00e7\u00e3o pontif\u00edcia Ajuda \u00e0 Igreja que Sofre (ACN), uma organiza\u00e7\u00e3o cat\u00f3lica que apoia crist\u00e3os perseguidos e sofridos em mais de 130 pa\u00edses, destaca uma s\u00e9rie de quest\u00f5es importantes a serem lembradas nesta ocasi\u00e3o:<\/p>\n<ol style=\"text-align: justify;\">\n<li><strong>Falta de resposta internacional \u00e0s in\u00fameras c\u00e9lulas terroristas islamistas na \u00c1frica<\/strong>. O r\u00e1pido crescimento de grupos jihadistas militantes na regi\u00e3o do Sahel e pa\u00edses vizinhos, mas tamb\u00e9m no sudoeste do continente, \u00e9 um dos problemas mais s\u00e9rios que o mundo enfrenta. Em meio a preocupa\u00e7\u00f5es internacionais com a mir\u00edade de conflitos geopol\u00edticos em outros lugares, mudan\u00e7as clim\u00e1ticas e cat\u00e1strofes ambientais, a ACN lamenta que as v\u00edtimas de viol\u00eancia religiosa na \u00c1frica sejam muitas vezes esquecidas.<\/li>\n<\/ol>\n<ol style=\"text-align: justify;\" start=\"2\">\n<li><strong>A amea\u00e7a \u00e0 liberdade religiosa na regi\u00e3o do Sahel tem graves consequ\u00eancias, n\u00e3o apenas para os membros dos grupos religiosos amea\u00e7ados, mas para o crescimento e desenvolvimento de na\u00e7\u00f5es inteiras. <\/strong>Um exemplo claro \u00e9 Burkina Faso, onde durante d\u00e9cadas a Igreja Cat\u00f3lica teve um tremendo impacto na sociedade civil atrav\u00e9s de seu importante trabalho nos campos do desenvolvimento social, educa\u00e7\u00e3o e sa\u00fade, mas atualmente \u00e9 quase incapaz de realizar qualquer trabalho social, educacional, humanit\u00e1rio ou pastoral fora da capital. Cerca de 80% do pa\u00eds est\u00e1 inacess\u00edvel devido \u00e0 presen\u00e7a de grupos jihadistas.<\/li>\n<\/ol>\n<ol style=\"text-align: justify;\" start=\"3\">\n<li><strong>Uma espiral de viol\u00eancia na Nig\u00e9ria.<\/strong> O pa\u00eds com a maior popula\u00e7\u00e3o da \u00c1frica est\u00e1 experimentando uma escala sem precedentes de viol\u00eancia religiosa que a ACN adverte que pode ficar ainda pior a menos que a comunidade internacional se una para abordar e buscar solu\u00e7\u00f5es para as quest\u00f5es. A lista de casos recentes de viol\u00eancia continua: em maio aconteceu o assassinato de Deborah, uma estudante universit\u00e1ria de Sokoto, que foi apedrejada e queimada at\u00e9 a morte por seus colegas por supostamente ter enviado mensagens ofensivas sobre Maom\u00e9; em junho, mais de 40 pessoas inocentes foram massacradas em uma Igreja Cat\u00f3lica e pelo menos 18 padres foram sequestrados em 2022, quatro dos quais foram assassinados; recentemente, terroristas lan\u00e7aram v\u00e1rios ataques em Abuja, a capital. Deve-se lembrar que a viol\u00eancia \u00e9 frequentemente causada por lutas por recursos, ou rivalidades \u00e9tnicas. No entanto, a motiva\u00e7\u00e3o religiosa utilizada nos ataques de grupos extremistas \u00e9 claramente um fator cada vez maior.<\/li>\n<\/ol>\n<ol style=\"text-align: justify;\" start=\"4\">\n<li><strong>Milh\u00f5es de pessoas deslocadas e refugiados. <\/strong>Muitas das v\u00edtimas da viol\u00eancia provocada por extremistas religiosos tiveram que fugir de suas casas. A ACN estima que mais de 15 milh\u00f5es de pessoas est\u00e3o atualmente deslocadas nos 12 pa\u00edses africanos identificados como sujeitos a severas persegui\u00e7\u00f5es religiosas no Relat\u00f3rio de Liberdade Religiosa 2021, publicado pela ACN.<strong>\u00a0<\/strong><\/li>\n<\/ol>\n<ol style=\"text-align: justify;\" start=\"5\">\n<li><strong>Um aumento preocupante no uso da viol\u00eancia sexual contra grupos <\/strong>religiosos minorit\u00e1rios, incluindo sequestros e casamentos for\u00e7ados e convers\u00f5es em pa\u00edses como Paquist\u00e3o e Egito, representa um problema s\u00e9rio e crescente que o mundo n\u00e3o deve ignorar. A grande maioria das v\u00edtimas s\u00e3o mulheres menores de idade.<\/li>\n<\/ol>\n<ol style=\"text-align: justify;\" start=\"6\">\n<li><strong>Um aumento alarmante de ataques religiosos na Am\u00e9rica Latina<\/strong>, liderados pela Nicar\u00e1gua, onde em menos de quatro anos a Igreja Cat\u00f3lica sofreu mais de 190 ataques e profana\u00e7\u00f5es, incluindo inc\u00eandios criminosos na Catedral de Man\u00e1gua, agress\u00f5es ao clero, o fechamento da m\u00eddia cat\u00f3lica e a expuls\u00e3o das Mission\u00e1rias da Caridade de Madre Teresa. Em pa\u00edses como M\u00e9xico e Col\u00f4mbia, bem como na Argentina e no Chile, grupos extremistas buscam silenciar as vozes da lideran\u00e7a da Igreja e restringir a livre express\u00e3o de grupos religiosos.<\/li>\n<\/ol>\n<ol style=\"text-align: justify;\" start=\"7\">\n<li><strong>Imposi\u00e7\u00e3o de novas ideologias seculares agressivas. <\/strong>Em certas democracias liberais h\u00e1 uma crescente limita\u00e7\u00e3o das express\u00f5es de cren\u00e7as religiosas em espa\u00e7os p\u00fablicos atrav\u00e9s de v\u00e1rios casos de intoler\u00e2ncia e discrimina\u00e7\u00e3o contra grupos religiosos, predominantemente crist\u00e3os, e tentativas de criminalizar vis\u00f5es religiosas tradicionais onde essas contradizem novas ideologias seculares agressivas.<\/li>\n<\/ol>\n<p style=\"text-align: justify;\">&#8212;&#8212;&#8212;&#8212;&#8212;&#8212;&#8212;&#8212;&#8212;&#8212;&#8212;&#8212;&#8212;&#8212;&#8212;&#8212;&#8212;&#8212;&#8212;&#8212;&#8212;&#8212;&#8212;&#8212;&#8212;&#8212;&#8212;&#8212;&#8212;&#8212;&#8212;&#8212;&#8212;&#8211;<\/p>\n<p style=\"text-align: justify;\"><strong>Declara\u00e7\u00f5es do presidente executivo da ACN, Thomas Heine-Geldern, sobre o Dia Internacional para Homenagear as V\u00edtimas de Atos de Viol\u00eancia baseados em Religi\u00e3o ou Cren\u00e7as:<\/strong><\/p>\n<p style=\"text-align: justify;\">&#8220;Voc\u00ea n\u00e3o tem que ser assassinado para ser uma v\u00edtima; \u00e9 suficiente ter suas liberdades b\u00e1sicas restritas. Crist\u00e3os no Mali, N\u00edger, Nig\u00e9ria e Burkina Faso, para citar apenas alguns, vivem praticamente em guetos e praticam sua f\u00e9 na clandestinidade&#8221;, adverte Thomas Heine-Geldern, presidente executivo da ACN.<\/p>\n<p style=\"text-align: justify;\">&#8220;A maior trag\u00e9dia de todas \u00e9 a indiferen\u00e7a de tantos diante da persegui\u00e7\u00e3o religiosa. N\u00e3o podemos ficar calados nessa situa\u00e7\u00e3o&#8221;, declara Heine-Geldern.<\/p>\n<p style=\"text-align: justify;\">&#8220;Em 22 de agosto devemos lembrar n\u00e3o apenas aqueles que perderam suas vidas, mas tamb\u00e9m todos aqueles que s\u00e3o v\u00edtimas de discrimina\u00e7\u00e3o e que sofrem as consequ\u00eancias imediatas da viol\u00eancia, bem como os deslocados, aqueles que s\u00e3o deixados traumatizados e todos aqueles que s\u00e3o sequestrados, incluindo alguns cujo paradeiro permanece desconhecido&#8221;, diz.<\/p>\n<p style=\"text-align: justify;\">&#8220;Al\u00e9m de dois padres em Burkina Faso e dois na Nig\u00e9ria, mais de 10 padres continuam desaparecidos na China, alguns dos quais est\u00e3o desaparecidos h\u00e1 meses, outros, anos. N\u00e3o vamos esquec\u00ea-los&#8221;, afirma Heine-Geldern.<\/p>\n<p style=\"text-align: justify;\">&#8220;A ACN insiste na import\u00e2ncia do di\u00e1logo inter-religioso para combater o fundamentalismo religioso, e convoca l\u00edderes religiosos, pol\u00edticos e m\u00eddia a desempenhar um papel crucial na constru\u00e7\u00e3o de comunidades centradas na paz e na justi\u00e7a. Organiza\u00e7\u00f5es e institui\u00e7\u00f5es internacionais tamb\u00e9m s\u00e3o solicitadas a se comprometerem a garantir o direito \u00e0 liberdade religiosa&#8221;, afirma o presidente executivo.<\/p>\n","protected":false},"excerpt":{"rendered":"<p>Cr\u00e9dito: \u00a9 Ismael Mart\u00ednez S\u00e1nchez \/ ACN No Dia Internacional para Homenagear as V\u00edtimas de Atos de Viol\u00eancia por causa da Religi\u00e3o ou Cren\u00e7as, 22 de agosto, a funda\u00e7\u00e3o pontif\u00edcia Ajuda \u00e0 Igreja que Sofre (ACN), uma organiza\u00e7\u00e3o cat\u00f3lica que apoia crist\u00e3os perseguidos e sofridos em mais de 130 pa\u00edses, destaca uma s\u00e9rie de quest\u00f5es [&hellip;]<\/p>\n","protected":false},"author":1,"featured_media":75399,"comment_status":"open","ping_status":"closed","sticky":false,"template":"","format":"standard","meta":{"footnotes":""},"categories":[4],"tags":[],"class_list":["post-75398","post","type-post","status-publish","format-standard","has-post-thumbnail","hentry","category-cotidiano"],"_links":{"self":[{"href":"https:\/\/catolicanet.net\/wp-cnet\/wp-json\/wp\/v2\/posts\/75398","targetHints":{"allow":["GET"]}}],"collection":[{"href":"https:\/\/catolicanet.net\/wp-cnet\/wp-json\/wp\/v2\/posts"}],"about":[{"href":"https:\/\/catolicanet.net\/wp-cnet\/wp-json\/wp\/v2\/types\/post"}],"author":[{"embeddable":true,"href":"https:\/\/catolicanet.net\/wp-cnet\/wp-json\/wp\/v2\/users\/1"}],"replies":[{"embeddable":true,"href":"https:\/\/catolicanet.net\/wp-cnet\/wp-json\/wp\/v2\/comments?post=75398"}],"version-history":[{"count":1,"href":"https:\/\/catolicanet.net\/wp-cnet\/wp-json\/wp\/v2\/posts\/75398\/revisions"}],"predecessor-version":[{"id":75400,"href":"https:\/\/catolicanet.net\/wp-cnet\/wp-json\/wp\/v2\/posts\/75398\/revisions\/75400"}],"wp:featuredmedia":[{"embeddable":true,"href":"https:\/\/catolicanet.net\/wp-cnet\/wp-json\/wp\/v2\/media\/75399"}],"wp:attachment":[{"href":"https:\/\/catolicanet.net\/wp-cnet\/wp-json\/wp\/v2\/media?parent=75398"}],"wp:term":[{"taxonomy":"category","embeddable":true,"href":"https:\/\/catolicanet.net\/wp-cnet\/wp-json\/wp\/v2\/categories?post=75398"},{"taxonomy":"post_tag","embeddable":true,"href":"https:\/\/catolicanet.net\/wp-cnet\/wp-json\/wp\/v2\/tags?post=75398"}],"curies":[{"name":"wp","href":"https:\/\/api.w.org\/{rel}","templated":true}]}}