{"id":75347,"date":"2022-08-17T10:45:12","date_gmt":"2022-08-17T13:45:12","guid":{"rendered":"https:\/\/catolicanet.net\/wp-cnet\/?p=75347"},"modified":"2022-08-17T12:46:57","modified_gmt":"2022-08-17T15:46:57","slug":"semana-nacional-da-familia-2022","status":"publish","type":"post","link":"https:\/\/catolicanet.net\/wp-cnet\/semana-nacional-da-familia-2022\/","title":{"rendered":"Semana Nacional da Fam\u00edlia 2022"},"content":{"rendered":"<p style=\"text-align: center;\">Tema: <em>\u201cAmor familiar, voca\u00e7\u00e3o e caminho de santidade\u201d<\/em><\/p>\n<p style=\"text-align: justify;\">A Semana Nacional da Fam\u00edlia teve o seu in\u00edcio no domingo, dia 14 de agosto, Dia dos Pais, e ir\u00e1 at\u00e9 s\u00e1bado, dia 20. A Semana Nacional da Fam\u00edlia \u00e9 marcada por celebra\u00e7\u00f5es e reflex\u00f5es sobre a fam\u00edlia e que a fam\u00edlia \u00e9 a extens\u00e3o da Igreja em casa, ou seja, a fam\u00edlia \u00e9 a igreja dom\u00e9stica, onde se ensina os verdadeiros valores.<\/p>\n<p style=\"text-align: justify;\">Os pais s\u00e3o aqueles que devem dar testemunho para os filhos, seja o testemunho da f\u00e9, como o testemunho moral. Os filhos, normalmente, seguem o exemplo dos pais. Se em casa tem espa\u00e7o para o amor e para o perd\u00e3o, os filhos tamb\u00e9m se comportar\u00e3o dessa maneira fora de casa. Agora, se em casa n\u00e3o h\u00e1 espa\u00e7o para o amor e para o perd\u00e3o, mas somente tem brigas, \u00f3dio e viol\u00eancia, os filhos se comportar\u00e3o assim fora de casa.<\/p>\n<p style=\"text-align: justify;\">Os pais s\u00e3o convidados a irem com os seus filhos \u00e0 missa todos os domingos, para que o amor de Deus cres\u00e7a sempre mais na fam\u00edlia. Isso faz com que as crian\u00e7as v\u00e3o se acostumando desde cedo com o ambiente da Igreja e serve como um testemunho e, depois na vida adulta, ir\u00e3o para a Igreja por livre e espont\u00e2nea vontade. Esse \u00e9 um exemplo de santidade que os pais d\u00e3o para os filhos.<\/p>\n<p style=\"text-align: justify;\">O tema escolhido para a Semana Nacional da Fam\u00edlia desse ano \u00e9: \u201cAmor familiar, voca\u00e7\u00e3o e caminho de santidade\u201d. Dentro da fam\u00edlia deve imperar o amor e o respeito e esse amor entre os membros da fam\u00edlia leva \u00e0 santidade. Toda voca\u00e7\u00e3o \u00e9 um chamado de Deus e cada um \u00e9 chamado a viver a santidade na voca\u00e7\u00e3o em que abra\u00e7ou. Por isso, abra\u00e7ar a voca\u00e7\u00e3o familiar \u00e9 trilhar um caminho de santidade.<\/p>\n<p style=\"text-align: justify;\">\u00c9 importante que as fam\u00edlias tenham tempo para rezar, conversar, sentar \u00e0 mesa juntos, e \u00e9 necess\u00e1rio resgatar alguns valores que se perderam com o tempo. Hoje em dia, as crian\u00e7as ficam muito na televis\u00e3o, internet e celular. Cabe aos pais arranjarem meios para que as crian\u00e7as usem menos esses aparelhos e conversem mais sobre o dia de trabalho e estudo, e ainda possam rezar agradecendo a Deus por mais um dia de vida. Al\u00e9m de frequentarem as missas dominicais.<\/p>\n<p style=\"text-align: justify;\">A Igreja tem um carinho especial pelas fam\u00edlias e preza por todas. \u00c9 bonito ver todos os domingos as fam\u00edlias participando da celebra\u00e7\u00e3o eucar\u00edstica. Com o testemunho de f\u00e9 que os pais transmitem aos filhos, torna-se mais f\u00e1cil eles participarem dos sacramentos, como a primeira Eucaristia e, posteriormente, a Crisma. Os filhos e netos s\u00e3o a nova gera\u00e7\u00e3o da Igreja, os pais e av\u00f3s passar\u00e3o, mas ficar\u00e3o os filhos e netos, eles dar\u00e3o continuidade \u00e0 Igreja.<\/p>\n<p style=\"text-align: justify;\">Atrav\u00e9s do testemunho de f\u00e9 dos pais e os valores crist\u00e3os vividos na fam\u00edlia, muitos jovens podem se interessar por outras voca\u00e7\u00f5es na Igreja, como por exemplo o sacerd\u00f3cio, a vida religiosa ou consagrada e, ainda, como catequista. A Igreja precisa sempre se renovar e de sangue novo vindo dos jovens que continuar\u00e3o a verdadeira igreja de Cristo.<\/p>\n<p style=\"text-align: justify;\">Para a celebra\u00e7\u00e3o da Semana Nacional da Fam\u00edlia \u00e9 oferecido o subs\u00eddio \u201cHora da Fam\u00edlia\u201d. Atrav\u00e9s desse subs\u00eddio, as fam\u00edlias podem acompanhar as celebra\u00e7\u00f5es e encontros de reflex\u00e3o com temas pertinentes sobre a Semana Nacional da Fam\u00edlia. Se n\u00e3o puderem ir \u00e0 Igreja, podem debater os temas apresentados em casa mesmo. O subs\u00eddio conta com sete encontros e uma celebra\u00e7\u00e3o, que marca o in\u00edcio da Semana Nacional da Fam\u00edlia. O livro traz instru\u00e7\u00f5es para cada momento, inclusive com a participa\u00e7\u00e3o das crian\u00e7as. O subs\u00eddio tamb\u00e9m encontra-se dispon\u00edvel na internet. Cada par\u00f3quia recebeu um cartaz para ser colocado no mural incentivando as fam\u00edlias a participarem da Semana Nacional da Fam\u00edlia.<\/p>\n<p style=\"text-align: justify;\">A Semana Nacional da Fam\u00edlia sempre gerou muitos frutos. As fam\u00edlias que se encontravam em situa\u00e7\u00f5es dif\u00edceis, em que o esposo n\u00e3o falava com a esposa, ou que os pais n\u00e3o tinham boa rela\u00e7\u00e3o com os filhos, a partir da Semana Nacional da Fam\u00edlia, essa situa\u00e7\u00e3o foi resolvida e o amor e o di\u00e1logo voltaram a reinar. Algumas par\u00f3quias aproveitam essa semana para realizarem momentos de ora\u00e7\u00e3o e descontra\u00e7\u00e3o para os casais. E a partir dos frutos dessa semana, depois promovem o encontro de casais com Cristo.<\/p>\n<p style=\"text-align: justify;\">Participemos da Semana Nacional da Fam\u00edlia e incentivemos outras fam\u00edlias a participarem tamb\u00e9m, para que possamos dar o testemunho de f\u00e9 para os filhos e demais membros da sociedade. Sejamos fam\u00edlias mission\u00e1rias que levam o amor de Deus ao mundo.<\/p>\n","protected":false},"excerpt":{"rendered":"<p>Tema: \u201cAmor familiar, voca\u00e7\u00e3o e caminho de santidade\u201d A Semana Nacional da Fam\u00edlia teve o seu in\u00edcio no domingo, dia 14 de agosto, Dia dos Pais, e ir\u00e1 at\u00e9 s\u00e1bado, dia 20. A Semana Nacional da Fam\u00edlia \u00e9 marcada por celebra\u00e7\u00f5es e reflex\u00f5es sobre a fam\u00edlia e que a fam\u00edlia \u00e9 a extens\u00e3o da Igreja [&hellip;]<\/p>\n","protected":false},"author":5,"featured_media":55819,"comment_status":"open","ping_status":"closed","sticky":false,"template":"","format":"standard","meta":{"footnotes":""},"categories":[9],"tags":[],"class_list":["post-75347","post","type-post","status-publish","format-standard","has-post-thumbnail","hentry","category-artigos"],"_links":{"self":[{"href":"https:\/\/catolicanet.net\/wp-cnet\/wp-json\/wp\/v2\/posts\/75347","targetHints":{"allow":["GET"]}}],"collection":[{"href":"https:\/\/catolicanet.net\/wp-cnet\/wp-json\/wp\/v2\/posts"}],"about":[{"href":"https:\/\/catolicanet.net\/wp-cnet\/wp-json\/wp\/v2\/types\/post"}],"author":[{"embeddable":true,"href":"https:\/\/catolicanet.net\/wp-cnet\/wp-json\/wp\/v2\/users\/5"}],"replies":[{"embeddable":true,"href":"https:\/\/catolicanet.net\/wp-cnet\/wp-json\/wp\/v2\/comments?post=75347"}],"version-history":[{"count":1,"href":"https:\/\/catolicanet.net\/wp-cnet\/wp-json\/wp\/v2\/posts\/75347\/revisions"}],"predecessor-version":[{"id":75348,"href":"https:\/\/catolicanet.net\/wp-cnet\/wp-json\/wp\/v2\/posts\/75347\/revisions\/75348"}],"wp:featuredmedia":[{"embeddable":true,"href":"https:\/\/catolicanet.net\/wp-cnet\/wp-json\/wp\/v2\/media\/55819"}],"wp:attachment":[{"href":"https:\/\/catolicanet.net\/wp-cnet\/wp-json\/wp\/v2\/media?parent=75347"}],"wp:term":[{"taxonomy":"category","embeddable":true,"href":"https:\/\/catolicanet.net\/wp-cnet\/wp-json\/wp\/v2\/categories?post=75347"},{"taxonomy":"post_tag","embeddable":true,"href":"https:\/\/catolicanet.net\/wp-cnet\/wp-json\/wp\/v2\/tags?post=75347"}],"curies":[{"name":"wp","href":"https:\/\/api.w.org\/{rel}","templated":true}]}}