{"id":75331,"date":"2022-08-17T10:24:13","date_gmt":"2022-08-17T13:24:13","guid":{"rendered":"https:\/\/catolicanet.net\/wp-cnet\/?p=75331"},"modified":"2022-08-17T12:25:56","modified_gmt":"2022-08-17T15:25:56","slug":"presidencia-da-cnbb-ne2-anuncia-programacao-da-57a-assembleia-pastoral-regional","status":"publish","type":"post","link":"https:\/\/catolicanet.net\/wp-cnet\/presidencia-da-cnbb-ne2-anuncia-programacao-da-57a-assembleia-pastoral-regional\/","title":{"rendered":"PRESID\u00caNCIA DA CNBB NE2 ANUNCIA PROGRAMA\u00c7\u00c3O DA 57\u00aa ASSEMBLEIA PASTORAL REGIONAL"},"content":{"rendered":"<p style=\"text-align: justify;\" data-raofz=\"17\">A 57\u00aa Assembleia Pastoral Regional da CNBB Nordeste 2 ser\u00e1 realizada de 27 a 29 de setembro inspirada pelo tema \u201cHabitar a fragilidade como lugar teol\u00f3gico e pastoral\u201d. Com o lema \u201cBasta-te a minha gra\u00e7a, pois \u00e9 na fraqueza que a for\u00e7a se plenifica\u201d (2Cor 12,9), o encontro, que volta a ser totalmente presencial, dever\u00e1 reunir cerca de 200 pessoas entre arcebispos, bispos, di\u00e1conos, religiosos, seminaristas e leigos no Convento Ipuarana, em Lagoa Seca (PB).<\/p>\n<p style=\"text-align: justify;\" data-raofz=\"17\">O an\u00fancio da Assembleia Pastoral do NE2 aconteceu, nesta quarta-feira (17), durante a\u00a0<strong><a role=\"link\" href=\"https:\/\/cnbbne2.org.br\/conselho-episcopal-e-coordenadores-diocesanos-de-pastoral-fazem-segundo-encontro-do-ano-nos-dias-16-e-17\/\" target=\"_blank\" rel=\"noreferrer noopener\" data-raofz=\"17\"><span class=\"has-inline-color has-vivid-cyan-blue-color\" data-raofz=\"17\">reuni\u00e3o conjunta entre o Conselho Episcopal Pastoral (CEP) e os Coordenadores Diocesanos de Pastoral (CDP)<\/span><\/a><\/strong>. Aos bispos e padres do CEP e do CDP foram apresentados os detalhes da programa\u00e7\u00e3o que contar\u00e1 com confer\u00eancias, grupos de trabalho, momentos de ora\u00e7\u00e3o e louvor, e Celebra\u00e7\u00f5es Eucar\u00edsticas.<\/p>\n<p style=\"text-align: justify;\" data-raofz=\"17\"><a href=\"http:\/\/cnbbne2.org.br\/presidencia-da-cnbb-ne2-anuncia-programacao-da-57a-assembleia-pastoral-regional\/\" target=\"_blank\" rel=\"noopener\">Confira a not\u00edcia na \u00edntegra.<\/a><\/p>\n","protected":false},"excerpt":{"rendered":"<p>A 57\u00aa Assembleia Pastoral Regional da CNBB Nordeste 2 ser\u00e1 realizada de 27 a 29 de setembro inspirada pelo tema \u201cHabitar a fragilidade como lugar teol\u00f3gico e pastoral\u201d. Com o lema \u201cBasta-te a minha gra\u00e7a, pois \u00e9 na fraqueza que a for\u00e7a se plenifica\u201d (2Cor 12,9), o encontro, que volta a ser totalmente presencial, dever\u00e1 [&hellip;]<\/p>\n","protected":false},"author":1,"featured_media":75332,"comment_status":"open","ping_status":"closed","sticky":false,"template":"","format":"standard","meta":{"footnotes":""},"categories":[7],"tags":[],"class_list":["post-75331","post","type-post","status-publish","format-standard","has-post-thumbnail","hentry","category-cnbb"],"_links":{"self":[{"href":"https:\/\/catolicanet.net\/wp-cnet\/wp-json\/wp\/v2\/posts\/75331","targetHints":{"allow":["GET"]}}],"collection":[{"href":"https:\/\/catolicanet.net\/wp-cnet\/wp-json\/wp\/v2\/posts"}],"about":[{"href":"https:\/\/catolicanet.net\/wp-cnet\/wp-json\/wp\/v2\/types\/post"}],"author":[{"embeddable":true,"href":"https:\/\/catolicanet.net\/wp-cnet\/wp-json\/wp\/v2\/users\/1"}],"replies":[{"embeddable":true,"href":"https:\/\/catolicanet.net\/wp-cnet\/wp-json\/wp\/v2\/comments?post=75331"}],"version-history":[{"count":1,"href":"https:\/\/catolicanet.net\/wp-cnet\/wp-json\/wp\/v2\/posts\/75331\/revisions"}],"predecessor-version":[{"id":75333,"href":"https:\/\/catolicanet.net\/wp-cnet\/wp-json\/wp\/v2\/posts\/75331\/revisions\/75333"}],"wp:featuredmedia":[{"embeddable":true,"href":"https:\/\/catolicanet.net\/wp-cnet\/wp-json\/wp\/v2\/media\/75332"}],"wp:attachment":[{"href":"https:\/\/catolicanet.net\/wp-cnet\/wp-json\/wp\/v2\/media?parent=75331"}],"wp:term":[{"taxonomy":"category","embeddable":true,"href":"https:\/\/catolicanet.net\/wp-cnet\/wp-json\/wp\/v2\/categories?post=75331"},{"taxonomy":"post_tag","embeddable":true,"href":"https:\/\/catolicanet.net\/wp-cnet\/wp-json\/wp\/v2\/tags?post=75331"}],"curies":[{"name":"wp","href":"https:\/\/api.w.org\/{rel}","templated":true}]}}