{"id":75275,"date":"2022-08-15T10:04:59","date_gmt":"2022-08-15T13:04:59","guid":{"rendered":"https:\/\/catolicanet.net\/wp-cnet\/?p=75275"},"modified":"2022-08-15T16:06:10","modified_gmt":"2022-08-15T19:06:10","slug":"geracao-miau-au-au","status":"publish","type":"post","link":"https:\/\/catolicanet.net\/wp-cnet\/geracao-miau-au-au\/","title":{"rendered":"GERA\u00c7\u00c3O MIAU AU AU"},"content":{"rendered":"<p style=\"text-align: justify;\">\u00a0\u00a0\u00a0\u00a0\u00a0\u00a0\u00a0\u00a0\u00a0\u00a0\u00a0 Mais uma Semana da Fam\u00edlia do s\u00e9culo XXI. Mais um Dia dos Pais. Pais e fam\u00edlias que pensam dez vezes mais antes de optar pela gera\u00e7\u00e3o de filhos. Pais e fam\u00edlias que preferem a ado\u00e7\u00e3o de pets \u00e0 responsabilidade de gerar ou criar uma crian\u00e7a, mesmo que esta j\u00e1 esteja dispon\u00edvel nas g\u00f4ndolas de creches ou orfanatos. As baias e raias do mundo animal s\u00e3o mais atraentes e menos trabalhosas do que dar escola, vestimentas, alimenta\u00e7\u00e3o e teto a um semelhante sem certificado de conduta, respeito, gratid\u00e3o futura. O c\u00e3o ladra, o gato arranha, mas n\u00e3o reclamam direitos. Nem possuem deveres.<\/p>\n<p style=\"text-align: justify;\">\u00a0\u00a0\u00a0\u00a0\u00a0\u00a0\u00a0\u00a0\u00a0\u00a0\u00a0 Mesmo assim, me preocupo. O que ser\u00e1 das gera\u00e7\u00f5es futuras, quando o que hoje temos s\u00e3o pais e m\u00e3es constituindo fam\u00edlias que ladram e miam, que dispensam preocupa\u00e7\u00f5es morais, psicol\u00f3gicas, culturais, que s\u00f3 reclamam com o olhar carente de cuidados, mas n\u00e3o proclamam seus ais e gemidos recalcados? O que ser\u00e1 desses herdeiros sem heran\u00e7a, sem continuidade gen\u00e9tica? Ou j\u00e1 existem testamentos que legitimem a sucess\u00e3o de bens e patrim\u00f4nios para nossos animais de estima\u00e7\u00e3o? J\u00e1 pensou no absurdo de uma situa\u00e7\u00e3o empresarial gerida por um CEO legitimamente empossado pelo direito de heran\u00e7a que sua condi\u00e7\u00e3o de \u201cfilho ou filha\u201d transfere a um simples pet. Ou pela possibilidade de algum louco \u201cregistrar\u201d seus animais com o sobrenome da fam\u00edlia? Exageros \u00e0 parte, voltemos \u00e0 realidade.<\/p>\n<p style=\"text-align: justify;\">\u00a0\u00a0\u00a0\u00a0\u00a0\u00a0\u00a0\u00a0\u00a0\u00a0\u00a0 A dignidade humana n\u00e3o se iguala \u00e0 vida animal. Apesar disso, o vazio que se observa na constitui\u00e7\u00e3o familiar de nossos dias est\u00e1 invertendo muitos valores. Muitos de nossos estimados companheiros de jornada existencial, destitu\u00eddos de suas condi\u00e7\u00f5es racionais, est\u00e3o sendo tratados e alimentados com mais dignidade que grande maioria dos nossos semelhantes. Conhecemos bem essa situa\u00e7\u00e3o. Refletir sobre ela \u00e9 quase um suic\u00eddio social, pois ser\u00e3o muitas as vozes contr\u00e1rias a qualquer argumenta\u00e7\u00e3o mais moderada. Pais e fam\u00edlias do s\u00e9culo XXI expandem suas afetividades com uma grave distor\u00e7\u00e3o paterno-maternal totalmente fora do conceito familiar. At\u00e9 onde ir\u00e1 essa nova gera\u00e7\u00e3o multirracial? Ou multirracional? Ou irracional mesmo?<\/p>\n<p style=\"text-align: justify;\">\u00a0\u00a0\u00a0\u00a0\u00a0\u00a0\u00a0\u00a0\u00a0\u00a0\u00a0 Precisamos dosar nossos impulsos afetivos. Criar e adotar animais sempre foi e sempre ser\u00e1 uma virtude civilizat\u00f3ria e at\u00e9 digna de louvores. Mas fazer destes os substitutos de filhos e filhas apenas por quest\u00f5es de conforto, conveni\u00eancia patrimonial ou mesmo incerteza quanto \u00e0s frustra\u00e7\u00f5es na responsabilidade de educar e ou manter certa linhagem moral, intelectual, religiosa&#8230; convenhamos! \u2013 \u00e9 o c\u00famulo das nossas cegueiras e vaidades pessoais. Chamar um c\u00e3o de filho \u00e9 pior que ignorar uma crian\u00e7a abandonada nesse mundo c\u00e3o. Pagaremos caro por essa invers\u00e3o de par\u00e2metros familiares. Um igual n\u00e3o pode ser diferente na sua dignidade, inferior no trato de respeito a seus direitos que chamamos acertadamente como humanos. Um igual \u00e9 sangue nosso, herdeiro que clama e merece prioritariamente seus afetos, seu carinho, seu amor&#8230;<\/p>\n<p style=\"text-align: justify;\">\u00a0\u00a0\u00a0\u00a0\u00a0\u00a0\u00a0\u00a0\u00a0\u00a0\u00a0 Falei mais do que devia. Algu\u00e9m j\u00e1 foi bem mais corajoso e objetivo. \u201cN\u00e3o vim trazer a paz, mas a divis\u00e3o\u201d, disse Jesus.\u00a0 A gera\u00e7\u00e3o dos nossos dias j\u00e1 n\u00e3o se reconhece como fam\u00edlia. A doutrina coloca as rela\u00e7\u00f5es familiares no seu devido eixo, mas constata: \u201cPois, daqui em diante, numa fam\u00edlia de cinco pessoas, tr\u00eas ficar\u00e3o divididas contra duas e duas contra tr\u00eas\u201d (Lc 12,52). Enquanto isso, uma igreja ao lado de minha casa, colocou um sistema de alarme com o som de v\u00e1rios c\u00e3es a latirem. Seus vigias j\u00e1 n\u00e3o mais s\u00e3o os anjos; nem reais s\u00e3o&#8230;\u00a0 Cuidado, os c\u00e3es est\u00e3o soltos. E eu aqui, gastando meu latim!<\/p>\n","protected":false},"excerpt":{"rendered":"<p>\u00a0\u00a0\u00a0\u00a0\u00a0\u00a0\u00a0\u00a0\u00a0\u00a0\u00a0 Mais uma Semana da Fam\u00edlia do s\u00e9culo XXI. Mais um Dia dos Pais. Pais e fam\u00edlias que pensam dez vezes mais antes de optar pela gera\u00e7\u00e3o de filhos. Pais e fam\u00edlias que preferem a ado\u00e7\u00e3o de pets \u00e0 responsabilidade de gerar ou criar uma crian\u00e7a, mesmo que esta j\u00e1 esteja dispon\u00edvel nas g\u00f4ndolas de [&hellip;]<\/p>\n","protected":false},"author":17,"featured_media":55826,"comment_status":"open","ping_status":"closed","sticky":false,"template":"","format":"standard","meta":{"footnotes":""},"categories":[9],"tags":[],"class_list":["post-75275","post","type-post","status-publish","format-standard","has-post-thumbnail","hentry","category-artigos"],"_links":{"self":[{"href":"https:\/\/catolicanet.net\/wp-cnet\/wp-json\/wp\/v2\/posts\/75275","targetHints":{"allow":["GET"]}}],"collection":[{"href":"https:\/\/catolicanet.net\/wp-cnet\/wp-json\/wp\/v2\/posts"}],"about":[{"href":"https:\/\/catolicanet.net\/wp-cnet\/wp-json\/wp\/v2\/types\/post"}],"author":[{"embeddable":true,"href":"https:\/\/catolicanet.net\/wp-cnet\/wp-json\/wp\/v2\/users\/17"}],"replies":[{"embeddable":true,"href":"https:\/\/catolicanet.net\/wp-cnet\/wp-json\/wp\/v2\/comments?post=75275"}],"version-history":[{"count":1,"href":"https:\/\/catolicanet.net\/wp-cnet\/wp-json\/wp\/v2\/posts\/75275\/revisions"}],"predecessor-version":[{"id":75276,"href":"https:\/\/catolicanet.net\/wp-cnet\/wp-json\/wp\/v2\/posts\/75275\/revisions\/75276"}],"wp:featuredmedia":[{"embeddable":true,"href":"https:\/\/catolicanet.net\/wp-cnet\/wp-json\/wp\/v2\/media\/55826"}],"wp:attachment":[{"href":"https:\/\/catolicanet.net\/wp-cnet\/wp-json\/wp\/v2\/media?parent=75275"}],"wp:term":[{"taxonomy":"category","embeddable":true,"href":"https:\/\/catolicanet.net\/wp-cnet\/wp-json\/wp\/v2\/categories?post=75275"},{"taxonomy":"post_tag","embeddable":true,"href":"https:\/\/catolicanet.net\/wp-cnet\/wp-json\/wp\/v2\/tags?post=75275"}],"curies":[{"name":"wp","href":"https:\/\/api.w.org\/{rel}","templated":true}]}}