{"id":75272,"date":"2022-08-15T10:03:00","date_gmt":"2022-08-15T13:03:00","guid":{"rendered":"https:\/\/catolicanet.net\/wp-cnet\/?p=75272"},"modified":"2022-08-15T16:04:32","modified_gmt":"2022-08-15T19:04:32","slug":"200-anos-de-independencia-do-brasil","status":"publish","type":"post","link":"https:\/\/catolicanet.net\/wp-cnet\/200-anos-de-independencia-do-brasil\/","title":{"rendered":"200 anos de independ\u00eancia do Brasil"},"content":{"rendered":"<p style=\"text-align: center;\"><strong>7 de setembro de 1822 \u2013 7 de setembro de 2022.<\/strong><\/p>\n<p style=\"text-align: justify;\">Entre o final do s\u00e9culo XVIII (ano 1701 a 1800) e in\u00edcio do s\u00e9culo XIX (ano 1801 a 1900), o absolutismo e o mercantilismo come\u00e7aram a entrar em crise e decad\u00eancia em grande parte da Europa ocidental. Eram sinais de que um novo tempo estava por nascer no qual a ind\u00fastria, o livre com\u00e9rcio e a luta pela igualdade de direitos passaram a caracterizar essa nova fase da hist\u00f3ria.<\/p>\n<p style=\"text-align: justify;\">Nesse per\u00edodo ocorreram acontecimentos que refletiram na Am\u00e9rica espanhola e tamb\u00e9m na Am\u00e9rica portuguesa. Em 1776, as col\u00f4nias inglesas, denominadas de Treze Col\u00f4nias, declararam a independ\u00eancia em rela\u00e7\u00e3o \u00e0 Inglaterra originando assim os Estados Unidos da Am\u00e9rica; em 1807 a Inglaterra aboliu a escravid\u00e3o; em 1791 os escravos de S\u00e3o Domingos promoveram v\u00e1rias revoltas que conduziram \u00e0 independ\u00eancia do Haiti. Essa rebeli\u00e3o correspondia com os acontecimentos da Revolu\u00e7\u00e3o Francesa nas col\u00f4nias americanas e entre 1794 a 1802 a escravid\u00e3o foi extinta em todas as col\u00f4nias francesas.<\/p>\n<p style=\"text-align: justify;\">No Brasil, o Primeiro Reinado (1822-1831) corresponde ao primeiro per\u00edodo da monarquia instalada no Brasil, per\u00edodo este em que o Brasil foi governado por Dom Pedro I e deixando posteriormente o trono em favor de seu filho. A independ\u00eancia do Brasil foi colocada em pr\u00e1tica pelas elites dominantes que estavam mais preocupadas com o fortalecimento pol\u00edtico e social delas do que com a melhoria da condi\u00e7\u00e3o social das camadas populares.<\/p>\n<p style=\"text-align: justify;\">Com a declara\u00e7\u00e3o de independ\u00eancia certas prov\u00edncias n\u00e3o aceitaram se desligar do governo portugu\u00eas. Houve resist\u00eancia na Bahia, Piau\u00ed, Maranh\u00e3o, Par\u00e1 (norte e nordeste) e na Prov\u00edncia Cisplatina (sul). Assim ocorreram as guerras de independ\u00eancia entre brasileiros e portugueses. O governo brasileiro organizou-se militarmente e pelo uso das armas imp\u00f4s ao Maranh\u00e3o e ao Par\u00e1 a aceita\u00e7\u00e3o da independ\u00eancia e da unidade territorial do Imp\u00e9rio.<\/p>\n<p style=\"text-align: justify;\">O fracasso dos governos regenciais ficou evidenciado nessas revoltas sociais com car\u00e1ter separatistas que ocorreram em algumas prov\u00edncias no Brasil. As elites perceberam a necessidade urgente de restabelecer a ordem e garantir um novo rumo pol\u00edtico para o pa\u00eds. O per\u00edodo regencial chegou ao fim com o chamado Golpe da Maioridade (1840). De acordo com a Constitui\u00e7\u00e3o de 1824, o herdeiro do trono s\u00f3 poderia assumir o governo com 18 anos de idade. Contudo, os liberais anteciparam a maioridade de D. Pedro II que foi conduzido ao poder no ano de 1840.<\/p>\n<p style=\"text-align: justify;\">A importante e vitoriosa participa\u00e7\u00e3o das Mulheres na Independ\u00eancia do Brasil. Em 7 de setembro de 1822, \u00e0s margens do riacho Ipiranga, Dom Pedro I proclamou a Independ\u00eancia do Brasil, que at\u00e9 ent\u00e3o era uma Col\u00f4nia de Portugal. E a participa\u00e7\u00e3o das mulheres foi significativa e decisiva na luta pela consolida\u00e7\u00e3o da independ\u00eancia. Jamais podemos esquecer quatro mulheres por suas bravuras e intelectualidades: A Princesa Maria Leopoldina, a abadessa Joana Ang\u00e9lica, Maria Felipa, l\u00edder de mulheres negras e \u00edndios e Maria Quit\u00e9ria, fingiu-se de homem e passou a se chamar soldado Medeiros, participando em in\u00fameros combates pela consolida\u00e7\u00e3o da independ\u00eancia, na cidade de Salvador.<\/p>\n<p style=\"text-align: justify;\">Em 13 de agosto de 1822, Dom Pedro I nomeou sua esposa,\u00a0Dona Maria Leopoldina da \u00c1ustria, Chefe de Estado e Princesa Regente interina do Brasil. Fez isso porque precisava partir em viagem \u00e0 prov\u00edncia de S\u00e3o Paulo a fim de resolver por l\u00e1 alguns conflitos pol\u00edticos que poderiam inviabilizar o processo de Independ\u00eancia. Dom Pedro I permaneceria em S\u00e3o Paulo at\u00e9 5 de setembro. Entretanto, o clima nas Cortes, em Lisboa, j\u00e1 estava bastante tenso, sobretudo ap\u00f3s Dom Pedro I ter se recusado a voltar para o pa\u00eds natal. Ap\u00f3s receberem mais um ultimato, Dona Leopoldina, na condi\u00e7\u00e3o de chefe pol\u00edtico interino, convocou o Conselho de Estado no Rio de Janeiro e \u201cassinou, em\u00a02 de setembro, um\u00a0decreto declarando o Brasil oficialmente independente de Portugal\u201d.<\/p>\n<p style=\"text-align: justify;\">Ainda continua o grito da independ\u00eancia contra a cultura de morte e proclamando o dom glorioso da vida pela dignidade da pessoa humana, pela igualdade social, pela sa\u00fade f\u00edsica, emocional, mental, pelo estado de direito, pela liberdade democr\u00e1tica e pela fraternidade em prol do bem de todos.<\/p>\n<p style=\"text-align: justify;\">Prof. Dr. In\u00e1cio Jos\u00e9 do Vale, especialista no ensino de Filosofia e Sociologia pelo Centro Universit\u00e1rio Dr. Edmundo Ulson \u2013 Araras-SP.<\/p>\n<p style=\"text-align: justify;\">P\u00f3s-graduado em Psicologia nas Organiza\u00e7\u00f5es com Habilita\u00e7\u00e3o em Doc\u00eancia no Ensino Superior pela Faculdade Educamais de S\u00e3o Paulo-SP.<\/p>\n<p style=\"text-align: justify;\">Psicologia, Educa\u00e7\u00e3o e Desenvolvimento pela Faculdade Metropolitana do Estado de S\u00e3o Paulo-SP.<\/p>\n<p style=\"text-align: justify;\">Doutorado em Psican\u00e1lise Cl\u00ednica pela Escola de Psican\u00e1lise da Sociedade Brasileira de Psican\u00e1lise Contempor\u00e2nea. Rio de Janeiro-RJ. Cadastrada na Organiza\u00e7\u00e3o das Na\u00e7\u00f5es Unidas \u2013 (ONU).<\/p>\n","protected":false},"excerpt":{"rendered":"<p>7 de setembro de 1822 \u2013 7 de setembro de 2022. Entre o final do s\u00e9culo XVIII (ano 1701 a 1800) e in\u00edcio do s\u00e9culo XIX (ano 1801 a 1900), o absolutismo e o mercantilismo come\u00e7aram a entrar em crise e decad\u00eancia em grande parte da Europa ocidental. Eram sinais de que um novo tempo [&hellip;]<\/p>\n","protected":false},"author":16,"featured_media":55822,"comment_status":"open","ping_status":"closed","sticky":false,"template":"","format":"standard","meta":{"footnotes":""},"categories":[9],"tags":[],"class_list":["post-75272","post","type-post","status-publish","format-standard","has-post-thumbnail","hentry","category-artigos"],"_links":{"self":[{"href":"https:\/\/catolicanet.net\/wp-cnet\/wp-json\/wp\/v2\/posts\/75272","targetHints":{"allow":["GET"]}}],"collection":[{"href":"https:\/\/catolicanet.net\/wp-cnet\/wp-json\/wp\/v2\/posts"}],"about":[{"href":"https:\/\/catolicanet.net\/wp-cnet\/wp-json\/wp\/v2\/types\/post"}],"author":[{"embeddable":true,"href":"https:\/\/catolicanet.net\/wp-cnet\/wp-json\/wp\/v2\/users\/16"}],"replies":[{"embeddable":true,"href":"https:\/\/catolicanet.net\/wp-cnet\/wp-json\/wp\/v2\/comments?post=75272"}],"version-history":[{"count":1,"href":"https:\/\/catolicanet.net\/wp-cnet\/wp-json\/wp\/v2\/posts\/75272\/revisions"}],"predecessor-version":[{"id":75273,"href":"https:\/\/catolicanet.net\/wp-cnet\/wp-json\/wp\/v2\/posts\/75272\/revisions\/75273"}],"wp:featuredmedia":[{"embeddable":true,"href":"https:\/\/catolicanet.net\/wp-cnet\/wp-json\/wp\/v2\/media\/55822"}],"wp:attachment":[{"href":"https:\/\/catolicanet.net\/wp-cnet\/wp-json\/wp\/v2\/media?parent=75272"}],"wp:term":[{"taxonomy":"category","embeddable":true,"href":"https:\/\/catolicanet.net\/wp-cnet\/wp-json\/wp\/v2\/categories?post=75272"},{"taxonomy":"post_tag","embeddable":true,"href":"https:\/\/catolicanet.net\/wp-cnet\/wp-json\/wp\/v2\/tags?post=75272"}],"curies":[{"name":"wp","href":"https:\/\/api.w.org\/{rel}","templated":true}]}}