{"id":75260,"date":"2022-08-14T09:55:18","date_gmt":"2022-08-14T12:55:18","guid":{"rendered":"https:\/\/catolicanet.net\/wp-cnet\/?p=75260"},"modified":"2022-08-15T15:56:33","modified_gmt":"2022-08-15T18:56:33","slug":"veio-trazer-o-evangelho-ao-mundo","status":"publish","type":"post","link":"https:\/\/catolicanet.net\/wp-cnet\/veio-trazer-o-evangelho-ao-mundo\/","title":{"rendered":"Veio trazer o Evangelho ao mundo"},"content":{"rendered":"<p style=\"text-align: justify;\">\u00a0\u00a0\u00a0\u00a0\u00a0\u00a0\u00a0\u00a0 Estamos celebrando o Vig\u00e9simo Domingo do Tempo Comum. A Palavra de Deus para este domingo nos leva a refletir sobre como assumir a miss\u00e3o que o Senhor nos confia. Os profetas quase sempre passam por muitas prova\u00e7\u00f5es para levar adiante sua miss\u00e3o.<\/p>\n<p style=\"text-align: justify;\">\u00a0\u00a0\u00a0\u00a0\u00a0\u00a0\u00a0\u00a0 Na primeira leitura \u2013 Jr 38,4-6.8-10 \u2013 o profeta Jeremias anunciava sua profecia em tempo de crise e acabou sendo lan\u00e7ado num po\u00e7o seco, mas com muita lama! Condenado a morrer \u00e0 m\u00edngua: de sede e fome, nas trevas e no ar viciado e mal fedido! O profeta Jeremias sonhava com uma vida familiar: Tinha sua terra, sua casa de moradia e foi convocado para a profecia junto a um povo, que o pr\u00f3prio Deus o preveniu que n\u00e3o haveria de escut\u00e1-lo! Exerceu sua profecia inutilmente. Morreu sem converter a ningu\u00e9m! Mas morreu fiel \u00e0 sua miss\u00e3o prof\u00e9tica at\u00e9 o fim de sua vida: Morreu no ex\u00edlio (Egito), sepultado num po\u00e7o enchido de pedras! Nas condi\u00e7\u00f5es do profeta Jeremias, n\u00f3s os crist\u00e3os e sacerdotes de hoje, ser\u00edamos capazes de derramar o nosso pr\u00f3prio sangue por Jesus Cristo e por sua Igreja?<\/p>\n<p style=\"text-align: justify;\">Na segunda leitura \u2013 Hb, 12,1-4 \u2013 \u201cEmpenhemo-nos, com perseveran\u00e7a no combate que nos \u00e9 proposto, com os olhos fixos em Jesus, que em n\u00f3s come\u00e7a e completa a obra da f\u00e9!\u201d Lutemos contra o pecado, mesmo que nos custe o pre\u00e7o do pr\u00f3prio sangue! A segunda leitura fala da import\u00e2ncia de levar uma vida digna depois do encontro com o Senhor Jesus. O crist\u00e3o, a exemplo de um atleta, deve correr em dire\u00e7\u00e3o \u00e0 vida plena, sem medir esfor\u00e7os, exercitando-se a cada dia para chegar \u00e0 vit\u00f3ria, que consiste em assemelhar-se a Cristo. Jesus nunca buscou o caminho mais f\u00e1cil ou mais agrad\u00e1vel para realizar sua miss\u00e3o. Na segunda Leitura (Carta aos Hebreus), o autor lamenta a falta de m\u00e1rtires: \u201cV\u00f3s n\u00e3o resististes at\u00e9 o sangue na luta contra o pecado!\u201d Ser\u00e1 que, n\u00f3s sacerdotes e leigos cat\u00f3licos ser\u00edamos capazes de resistir at\u00e9 o derramamento do pr\u00f3prio sangue na viv\u00eancia de nossa f\u00e9 em Jesus Cristo?<\/p>\n<p style=\"text-align: justify;\">No Evangelho \u2013 Lc 12,49-53 \u2013 Jesus diz no evangelho que n\u00e3o veio para trazer a paz, mas a luta contra o pecado. \u00c9 um combate de vida ou morte!. \u00c9 tempo de defini\u00e7\u00e3o, mesmo ao pre\u00e7o de divis\u00e3o familiar: pai contra filho ou filho contra o pr\u00f3prio pai. Neste Evangelho, Jesus mais uma vez nos mostra o seu amor, convidando-nos a conhecer sua miss\u00e3o em meio \u00e0s alegrias e dificuldades. Jesus veio nos trazer o Esp\u00edrito Santo, o Esp\u00edrito de amor, o Consolador, Aquele que nos ensina todas as coisas.<\/p>\n<p style=\"text-align: justify;\">Jesus nos deixa o exemplo: Ele que \u00e9 o Rei se fez pequeno quando pediu a Jo\u00e3o Batista para o batizar, batismo esse que nos d\u00e1 for\u00e7a em meio ao combate espiritual, onde a carne e o esp\u00edrito conseguem vivenciar dentro de uma fraternidade de amor e paz. Ap\u00f3s o batismo, somos chamados a vivenciar os frutos do Ressuscitado para que possamos ter uma vida plena e cheia do Esp\u00edrito Santo.<\/p>\n<p style=\"text-align: justify;\">Jesus era consciente de que um efeito (ainda que n\u00e3o desejado) do seu trabalho ia ser causa de divis\u00e3o entre os partid\u00e1rios do imobilismo e os que lutam por um mundo novo. Por isso inflamou a ira dos funcion\u00e1rios do templo e de todos os que se consideravam donos da verdade. O fogo da Palavra de Deus n\u00e3o era para funcion\u00e1rios l\u00fagubres saturados de doutrinas e sedentos de poder. A paz de Jesus \u00e9 um fogo purificador que n\u00e3o se confunde com a \u201cPax Romana\u201d, aquela paz que Roma (e qualquer imp\u00e9rio) se esfor\u00e7a por proclamar. Esta \u00e9 s\u00f3 uma tranquilidade institucional que garante a vantagem dos opressores sobre os oprimidos, do imp\u00e9rio sobre os subalternos, da injusti\u00e7a sobre o direito. O fogo purificador de Jesus faz amadurecer os mensageiros, os disc\u00edpulos, os profetas, os ap\u00f3stolos. O destino deles, como o do mestre, \u00e9 sair ao encontro da obscuridade com um clar\u00e3o que p\u00f5e \u00e0s claras tudo o que a ordem atual esconde.<\/p>\n<p style=\"text-align: justify;\">\u00a0\u00a0\u00a0\u00a0\u00a0\u00a0\u00a0\u00a0 Podemos resumir que o Senhor Jesus Cristo se refere a espada por ser um instrumento cortante e que na qual a sua vinda causar\u00e1 separa\u00e7\u00e3o em muitas pessoas, n\u00e3o porque Ele quer, mas pela op\u00e7\u00e3o de cada um em segui-lo como Senhor e Salvador.<\/p>\n<p style=\"text-align: justify;\">Pai, que o batismo de Jesus, por sua morte de cruz, purifique-me de todo pecado e de toda maldade, como um fogo ardente, abrindo o meu cora\u00e7\u00e3o totalmente para ti.<\/p>\n","protected":false},"excerpt":{"rendered":"<p>\u00a0\u00a0\u00a0\u00a0\u00a0\u00a0\u00a0\u00a0 Estamos celebrando o Vig\u00e9simo Domingo do Tempo Comum. A Palavra de Deus para este domingo nos leva a refletir sobre como assumir a miss\u00e3o que o Senhor nos confia. Os profetas quase sempre passam por muitas prova\u00e7\u00f5es para levar adiante sua miss\u00e3o. \u00a0\u00a0\u00a0\u00a0\u00a0\u00a0\u00a0\u00a0 Na primeira leitura \u2013 Jr 38,4-6.8-10 \u2013 o profeta Jeremias anunciava [&hellip;]<\/p>\n","protected":false},"author":5,"featured_media":55819,"comment_status":"open","ping_status":"closed","sticky":false,"template":"","format":"standard","meta":{"footnotes":""},"categories":[9],"tags":[],"class_list":["post-75260","post","type-post","status-publish","format-standard","has-post-thumbnail","hentry","category-artigos"],"_links":{"self":[{"href":"https:\/\/catolicanet.net\/wp-cnet\/wp-json\/wp\/v2\/posts\/75260","targetHints":{"allow":["GET"]}}],"collection":[{"href":"https:\/\/catolicanet.net\/wp-cnet\/wp-json\/wp\/v2\/posts"}],"about":[{"href":"https:\/\/catolicanet.net\/wp-cnet\/wp-json\/wp\/v2\/types\/post"}],"author":[{"embeddable":true,"href":"https:\/\/catolicanet.net\/wp-cnet\/wp-json\/wp\/v2\/users\/5"}],"replies":[{"embeddable":true,"href":"https:\/\/catolicanet.net\/wp-cnet\/wp-json\/wp\/v2\/comments?post=75260"}],"version-history":[{"count":1,"href":"https:\/\/catolicanet.net\/wp-cnet\/wp-json\/wp\/v2\/posts\/75260\/revisions"}],"predecessor-version":[{"id":75261,"href":"https:\/\/catolicanet.net\/wp-cnet\/wp-json\/wp\/v2\/posts\/75260\/revisions\/75261"}],"wp:featuredmedia":[{"embeddable":true,"href":"https:\/\/catolicanet.net\/wp-cnet\/wp-json\/wp\/v2\/media\/55819"}],"wp:attachment":[{"href":"https:\/\/catolicanet.net\/wp-cnet\/wp-json\/wp\/v2\/media?parent=75260"}],"wp:term":[{"taxonomy":"category","embeddable":true,"href":"https:\/\/catolicanet.net\/wp-cnet\/wp-json\/wp\/v2\/categories?post=75260"},{"taxonomy":"post_tag","embeddable":true,"href":"https:\/\/catolicanet.net\/wp-cnet\/wp-json\/wp\/v2\/tags?post=75260"}],"curies":[{"name":"wp","href":"https:\/\/api.w.org\/{rel}","templated":true}]}}