{"id":75250,"date":"2022-08-15T09:48:41","date_gmt":"2022-08-15T12:48:41","guid":{"rendered":"https:\/\/catolicanet.net\/wp-cnet\/?p=75250"},"modified":"2022-08-15T15:49:43","modified_gmt":"2022-08-15T18:49:43","slug":"rezar-esta-ladainha-te-dara-paz-pelo-passado-e-pelo-futuro","status":"publish","type":"post","link":"https:\/\/catolicanet.net\/wp-cnet\/rezar-esta-ladainha-te-dara-paz-pelo-passado-e-pelo-futuro\/","title":{"rendered":"Rezar esta ladainha te dar\u00e1 paz pelo passado e pelo futuro"},"content":{"rendered":"<h2 class=\"subtitle\" style=\"text-align: justify;\">Afaste a ansiedade agora mesmo com esta ora\u00e7\u00e3o!<\/h2>\n<p style=\"text-align: justify;\">Muitas coisas podem deixar-nos desconfort\u00e1veis na nossa vida: dificuldades nas rela\u00e7\u00f5es, preocupa\u00e7\u00f5es com o passado ou com o futuro. A paz de Cristo \u00e9 tudo que precisamos. Rezar esta ladainha pode ajud\u00e1-lo(a) a conseguir a verdadeira paz de Jesus:<\/p>\n<div class=\"wp-block-aleteia-heading3\" style=\"text-align: justify;\">\n<h3>Ladainha da Confian\u00e7a<\/h3>\n<\/div>\n<p style=\"text-align: justify;\">De acreditar que eu deva ganhar o Vosso amor,<\/p>\n<p style=\"text-align: justify;\"><strong>Livrai-me, Jesus.<\/strong><\/p>\n<p style=\"text-align: justify;\">Do medo de n\u00e3o ser digno de amor,<\/p>\n<p style=\"text-align: justify;\"><strong>Livrai-me, Jesus.<\/strong><\/p>\n<div id=\"aleteia-welcome\" style=\"text-align: justify;\"><\/div>\n<div class=\"nativo-inread\" style=\"text-align: justify;\"><\/div>\n<p style=\"text-align: justify;\">Da falsa seguran\u00e7a de que eu tenho o que \u00e9 necess\u00e1rio,<\/p>\n<p style=\"text-align: justify;\"><strong>Livrai-me, Jesus.<\/strong><\/p>\n<p style=\"text-align: justify;\">Do medo de que confiar em V\u00f3s me deixe mais indigente,<\/p>\n<p style=\"text-align: justify;\"><strong>Livrai-me, Jesus.<\/strong><\/p>\n<p style=\"text-align: justify;\">De qualquer suspeita sobre as vossas palavras e as vossas promessas,<\/p>\n<p style=\"text-align: justify;\"><strong>Livrai-me, Jesus.<\/strong><\/p>\n<p style=\"text-align: justify;\">De rejei\u00e7\u00e3o a depender de V\u00f3s como uma crian\u00e7a,<\/p>\n<p style=\"text-align: justify;\"><strong>Livrai-me, Jesus.<\/strong><\/p>\n<p style=\"text-align: justify;\">Da recusa e relut\u00e2ncia a aceitar Vossa vontade,<\/p>\n<p style=\"text-align: justify;\"><strong>Livrai-me, Jesus.<\/strong><\/p>\n<p style=\"text-align: justify;\">Da ansiedade diante do futuro,<\/p>\n<p style=\"text-align: justify;\"><strong>Livrai-me, Jesus.<\/strong><\/p>\n<p style=\"text-align: justify;\">Do ressentimento ou excessiva preocupa\u00e7\u00e3o com o passado,<\/p>\n<p style=\"text-align: justify;\"><strong>Livrai-me, Jesus.<\/strong><\/p>\n<p style=\"text-align: justify;\">Da busca incessante por mim mesmo no momento presente,<\/p>\n<p style=\"text-align: justify;\"><strong>Livrai-me, Jesus.<\/strong><\/p>\n<p style=\"text-align: justify;\">De n\u00e3o crer no vosso amor e na vossa presen\u00e7a,<\/p>\n<p style=\"text-align: justify;\"><strong>Livrai-me, Jesus.<\/strong><\/p>\n<p style=\"text-align: justify;\">Do medo de ser chamado a dar mais do que tenho,<\/p>\n<p style=\"text-align: justify;\"><strong>Livrai-me, Jesus.<\/strong><\/p>\n<p style=\"text-align: justify;\">De acreditar que a minha vida n\u00e3o tenha significado ou valor,<\/p>\n<p style=\"text-align: justify;\"><strong>Livrai-me, Jesus.<\/strong><\/p>\n<p style=\"text-align: justify;\">De temer o que o amor exige,<\/p>\n<p style=\"text-align: justify;\"><strong>Livrai-me, Jesus.<\/strong><\/p>\n<p style=\"text-align: justify;\">Do des\u00e2nimo,<\/p>\n<p style=\"text-align: justify;\"><strong>Livrai-me, Jesus.<\/strong><\/p>\n<p style=\"text-align: justify;\">V\u00f3s estais sempre comigo, me sustentais e me amais.<\/p>\n<p style=\"text-align: justify;\"><strong>Jesus, eu confio em V\u00f3s!<\/strong><\/p>\n<p style=\"text-align: justify;\">Vosso amor \u00e9 mais profundo que os meus pecados e minhas quedas e me transforma.<\/p>\n<p style=\"text-align: justify;\"><strong>Jesus, eu confio em V\u00f3s!<\/strong><\/p>\n<p style=\"text-align: justify;\">N\u00e3o saber o que me espera amanh\u00e3 \u00e9 um convite a confiar em V\u00f3s.<\/p>\n<p style=\"text-align: justify;\"><strong>Jesus, eu confio em V\u00f3s!<\/strong><\/p>\n<p style=\"text-align: justify;\">Estais comigo no meu sofrimento.<\/p>\n<p style=\"text-align: justify;\"><strong>Jesus, eu confio em V\u00f3s!<\/strong><\/p>\n<p style=\"text-align: justify;\">Meu sofrimento, unido ao vosso, dar\u00e1 frutos nesta vida e na pr\u00f3xima.<\/p>\n<p style=\"text-align: justify;\"><strong>Jesus, eu confio em V\u00f3s!<\/strong><\/p>\n<p style=\"text-align: justify;\">N\u00e3o me deixareis \u00f3rf\u00e3o: estais presente na vossa Igreja.<\/p>\n<p style=\"text-align: justify;\"><strong>Jesus, eu confio em V\u00f3s!<\/strong><\/p>\n<p style=\"text-align: justify;\">Vosso projeto \u00e9 melhor que qualquer outra coisa.<\/p>\n<p style=\"text-align: justify;\"><strong>Jesus, eu confio em V\u00f3s!<\/strong><\/p>\n<p style=\"text-align: justify;\">Sempre me ouvis e, na vossa bondade, me respondeis.<\/p>\n<p style=\"text-align: justify;\"><strong>Jesus, eu confio em V\u00f3s!<\/strong><\/p>\n<p style=\"text-align: justify;\">Dai-me gra\u00e7a de aceitar o perd\u00e3o e de perdoar os outros.<\/p>\n<p style=\"text-align: justify;\"><strong>Jesus, eu confio em V\u00f3s!<\/strong><\/p>\n<p style=\"text-align: justify;\">Dai-me a for\u00e7a de que preciso para fazer o que me \u00e9 confiado.<\/p>\n<p style=\"text-align: justify;\"><strong>Jesus, eu confio em V\u00f3s!<\/strong><\/p>\n<p style=\"text-align: justify;\">Minha vida \u00e9 um dom.<\/p>\n<p style=\"text-align: justify;\"><strong>Jesus, eu confio em V\u00f3s!<\/strong><\/p>\n<p style=\"text-align: justify;\">V\u00f3s me ensinareis a confiar em V\u00f3s.<\/p>\n<p style=\"text-align: justify;\"><strong>Jesus, eu confio em V\u00f3s!<\/strong><\/p>\n<p style=\"text-align: justify;\">V\u00f3s sois o meu Senhor e meu Deus.<\/p>\n<p style=\"text-align: justify;\"><strong>Jesus, eu confio em V\u00f3s!<\/strong><\/p>\n<p style=\"text-align: justify;\">Eu sou vosso amado.<\/p>\n<p style=\"text-align: justify;\"><strong>Jesus, eu confio em V\u00f3s!<\/strong><\/p>\n","protected":false},"excerpt":{"rendered":"<p>Afaste a ansiedade agora mesmo com esta ora\u00e7\u00e3o! Muitas coisas podem deixar-nos desconfort\u00e1veis na nossa vida: dificuldades nas rela\u00e7\u00f5es, preocupa\u00e7\u00f5es com o passado ou com o futuro. A paz de Cristo \u00e9 tudo que precisamos. Rezar esta ladainha pode ajud\u00e1-lo(a) a conseguir a verdadeira paz de Jesus: Ladainha da Confian\u00e7a De acreditar que eu deva [&hellip;]<\/p>\n","protected":false},"author":1,"featured_media":75251,"comment_status":"open","ping_status":"closed","sticky":false,"template":"","format":"standard","meta":{"footnotes":""},"categories":[4],"tags":[],"class_list":["post-75250","post","type-post","status-publish","format-standard","has-post-thumbnail","hentry","category-cotidiano"],"_links":{"self":[{"href":"https:\/\/catolicanet.net\/wp-cnet\/wp-json\/wp\/v2\/posts\/75250","targetHints":{"allow":["GET"]}}],"collection":[{"href":"https:\/\/catolicanet.net\/wp-cnet\/wp-json\/wp\/v2\/posts"}],"about":[{"href":"https:\/\/catolicanet.net\/wp-cnet\/wp-json\/wp\/v2\/types\/post"}],"author":[{"embeddable":true,"href":"https:\/\/catolicanet.net\/wp-cnet\/wp-json\/wp\/v2\/users\/1"}],"replies":[{"embeddable":true,"href":"https:\/\/catolicanet.net\/wp-cnet\/wp-json\/wp\/v2\/comments?post=75250"}],"version-history":[{"count":1,"href":"https:\/\/catolicanet.net\/wp-cnet\/wp-json\/wp\/v2\/posts\/75250\/revisions"}],"predecessor-version":[{"id":75252,"href":"https:\/\/catolicanet.net\/wp-cnet\/wp-json\/wp\/v2\/posts\/75250\/revisions\/75252"}],"wp:featuredmedia":[{"embeddable":true,"href":"https:\/\/catolicanet.net\/wp-cnet\/wp-json\/wp\/v2\/media\/75251"}],"wp:attachment":[{"href":"https:\/\/catolicanet.net\/wp-cnet\/wp-json\/wp\/v2\/media?parent=75250"}],"wp:term":[{"taxonomy":"category","embeddable":true,"href":"https:\/\/catolicanet.net\/wp-cnet\/wp-json\/wp\/v2\/categories?post=75250"},{"taxonomy":"post_tag","embeddable":true,"href":"https:\/\/catolicanet.net\/wp-cnet\/wp-json\/wp\/v2\/tags?post=75250"}],"curies":[{"name":"wp","href":"https:\/\/api.w.org\/{rel}","templated":true}]}}