{"id":75246,"date":"2022-08-15T09:46:55","date_gmt":"2022-08-15T12:46:55","guid":{"rendered":"https:\/\/catolicanet.net\/wp-cnet\/?p=75246"},"modified":"2022-08-15T15:48:08","modified_gmt":"2022-08-15T18:48:08","slug":"existe-algum-indicio-real-de-que-nossa-senhora-foi-assunta-aos-ceus","status":"publish","type":"post","link":"https:\/\/catolicanet.net\/wp-cnet\/existe-algum-indicio-real-de-que-nossa-senhora-foi-assunta-aos-ceus\/","title":{"rendered":"Existe algum ind\u00edcio real de que Nossa Senhora foi assunta aos c\u00e9us?"},"content":{"rendered":"<h2 class=\"subtitle\" style=\"text-align: justify;\">Ou o dogma da Assun\u00e7\u00e3o se baseia &#8220;somente&#8221; em premissas teol\u00f3gicas?<\/h2>\n<p style=\"text-align: justify;\">AIgreja celebra no dia 15 de agosto a solenidade da Assun\u00e7\u00e3o de Nossa Senhora, uma data que comemora a sua gloriosa subida ao c\u00e9u. Acontece que o dogma da Assun\u00e7\u00e3o s\u00f3 foi proclamado em 1950 e a data da celebra\u00e7\u00e3o \u00e9 relativamente nova, muito embora tenha ra\u00edzes j\u00e1 nos primeiros s\u00e9culos da hist\u00f3ria da Igreja.<\/p>\n<p style=\"text-align: justify;\">Que ra\u00edzes, afinal, s\u00e3o essas? Existe algum ind\u00edcio real de que Nossa Senhora foi assunta aos c\u00e9us? Ou ser\u00e1 que o dogma da Assun\u00e7\u00e3o se baseia \u201csomente\u201d em premissas teol\u00f3gicas?<\/p>\n<p style=\"text-align: justify;\">Alguns dados importantes:<\/p>\n<ul style=\"text-align: justify;\">\n<li>A Assun\u00e7\u00e3o de Nossa Senhora j\u00e1 era celebrada nos primeiros s\u00e9culos da Igreja, evocando a cren\u00e7a de que Deus a elevou em corpo e alma ao c\u00e9u ao final da sua vida terrena.<\/li>\n<li>A prop\u00f3sito do que signifique exatamente esse \u201cfinal da vida terrena\u201d, existiu ao longo dos s\u00e9culos a discuss\u00e3o sobre se Maria teria morrido ou sido elevada aos c\u00e9us em vida.<\/li>\n<li>Diante do mist\u00e9rio, as igrejas orientais preferem utilizar a express\u00e3o \u201cDormi\u00e7\u00e3o de Maria\u201d: para eles, Nossa Senhora havia dormido, n\u00e3o morrido, e assim foi assunta sem passar pela morte.<\/li>\n<li>A Igreja, de fato, n\u00e3o especifica formalmente se Maria morreu do ponto de vista biol\u00f3gico. O dogma da Assun\u00e7\u00e3o, promulgado em 1\u00ba de novembro de 1950 mediante a constitui\u00e7\u00e3o apost\u00f3lica Munificentissimus Deus, do Papa Pio XII, afirma que \u201ca Imaculada M\u00e3e de Deus, a sempre Virgem Maria, terminado o curso da vida terrestre, foi assunta em corpo e alma \u00e0 gl\u00f3ria celestial\u201d.<\/li>\n<li>O pe. Jos\u00e9 Antonio Fortea, exorcista espanhol mundialmente conhecido,\u00a0<a href=\"https:\/\/www.acidigital.com\/noticias\/solenidade-da-assuncao-a-virgem-maria-morreu-padre-fortea-responde-37259\" target=\"_blank\" rel=\"noreferrer noopener\">afirma<\/a>\u00a0que esta ambiguidade na constitui\u00e7\u00e3o apost\u00f3lica \u00e9 proposital: \u201cN\u00e3o foi coincid\u00eancia; foi expressamente desejada. Como n\u00e3o havia unanimidade nesse tema e o que os dogmas expressam \u00e9 a f\u00e9, optaram por deix\u00e1-lo amb\u00edguo. A Igreja n\u00e3o se op\u00f4s \u00e0s pessoas que disseram uma coisa nem \u00e0s que disseram outra, sem chegar nunca a esclarecer o tema\u201d.<\/li>\n<li>O Papa S\u00e3o Jo\u00e3o Paulo II, por exemplo, considerava que Nossa Senhora morreu, sim, antes de ser assunta. Na catequese de 25 de junho de 1997, ele afirmou: \u201c[O Papa Pio XII] n\u00e3o quis negar o fato da morte; apenas n\u00e3o julgou oportuno afirmar solenemente a morte da M\u00e3e de Deus, como verdade que devesse ser admitida por todos os crentes. Refletindo sobre o destino de Maria e sobre a sua rela\u00e7\u00e3o com o Filho divino, parece leg\u00edtimo responder afirmativamente: dado que Cristo morreu, seria dif\u00edcil afirmar o contr\u00e1rio no que concerne \u00e0 M\u00e3e\u201d.<\/li>\n<li>O Catecismo da Igreja Cat\u00f3lica, em seu n\u00famero 966, refor\u00e7a o que \u00e9 essencial a respeito da Assun\u00e7\u00e3o: \u201cA Assun\u00e7\u00e3o da Sant\u00edssima Virgem constitui uma participa\u00e7\u00e3o singular na Ressurrei\u00e7\u00e3o do seu Filho e uma antecipa\u00e7\u00e3o da Ressurrei\u00e7\u00e3o dos demais crist\u00e3os\u201d.<\/li>\n<li>Entendida a ess\u00eancia do dogma, n\u00e3o deixa de ser interessante compreender o seu nascimento. De acordo com S\u00e3o Jo\u00e3o Damasceno, o imperador romano Marciano solicitou, durante o Conc\u00edlio de Calced\u00f4nia, no ano 451, que fosse buscado o corpo de Maria, M\u00e3e de Deus. No entanto, o bispo de Jerusal\u00e9m, S\u00e3o Juvenal, explicou que \u201cMaria morreu na presen\u00e7a de todos os ap\u00f3stolos, mas o seu t\u00famulo, quando aberto a pedido de S\u00e3o Tom\u00e9, foi encontrado vazio; os ap\u00f3stolos assim conclu\u00edram que o corpo tinha sido levado ao c\u00e9u\u201d.<\/li>\n<li>A cren\u00e7a na Assun\u00e7\u00e3o de Maria se tornou uma tradi\u00e7\u00e3o cada vez mais estendida, bem como mat\u00e9ria de frequente medita\u00e7\u00e3o nos escritos dos santos ao longo dos s\u00e9culos. Cabe ressaltar, a prop\u00f3sito, o uso consagrado da voz passiva: Maria n\u00e3o ascendeu ao c\u00e9u como Jesus, que o fez pelo pr\u00f3prio poder, mas sim foi assunta, enfatizando-se que ela foi elevada ao c\u00e9u pelo poder de Deus.<\/li>\n<li>Somente depois do transcurso de mais de mil e novecentos anos desde o tempo dos ap\u00f3stolos \u00e9 que a Igreja considerou que havia suficiente embasamento para que o\u00a0<a href=\"https:\/\/pt.aleteia.org\/2018\/04\/13\/os-4-dogmas-sobre-nossa-senhora\/\" target=\"_blank\" rel=\"noreferrer noopener\">dogma da Assun\u00e7\u00e3o<\/a>\u00a0pudesse finalmente ser decretado. A declara\u00e7\u00e3o do Papa Pio XII em 1950 \u00e9 enf\u00e1tica:<\/li>\n<\/ul>\n<blockquote class=\"wp-block-quote has-text-align-center\"><p>\u201cCom a autoridade de nosso Senhor Jesus Cristo, dos bem-aventurados ap\u00f3stolos S\u00e3o Pedro e S\u00e3o Paulo e com a nossa, pronunciamos, declaramos e definimos ser dogma divinamente revelado que: a imaculada M\u00e3e de Deus, a sempre virgem Maria, terminado o curso da vida terrestre, foi assunta em corpo e alma \u00e0 gl\u00f3ria celestial\u201d.<\/p><\/blockquote>\n<p style=\"text-align: justify;\">O decreto foi aprovado de antem\u00e3o pelas dioceses do mundo inteiro e se baseia no exame de s\u00e9culos de pensamento crist\u00e3o e escritos de santos que d\u00e3o um testemunho praticamente universal da Assun\u00e7\u00e3o.<\/p>\n","protected":false},"excerpt":{"rendered":"<p>Ou o dogma da Assun\u00e7\u00e3o se baseia &#8220;somente&#8221; em premissas teol\u00f3gicas? AIgreja celebra no dia 15 de agosto a solenidade da Assun\u00e7\u00e3o de Nossa Senhora, uma data que comemora a sua gloriosa subida ao c\u00e9u. Acontece que o dogma da Assun\u00e7\u00e3o s\u00f3 foi proclamado em 1950 e a data da celebra\u00e7\u00e3o \u00e9 relativamente nova, muito [&hellip;]<\/p>\n","protected":false},"author":1,"featured_media":75247,"comment_status":"open","ping_status":"closed","sticky":false,"template":"","format":"standard","meta":{"footnotes":""},"categories":[4],"tags":[],"class_list":["post-75246","post","type-post","status-publish","format-standard","has-post-thumbnail","hentry","category-cotidiano"],"_links":{"self":[{"href":"https:\/\/catolicanet.net\/wp-cnet\/wp-json\/wp\/v2\/posts\/75246","targetHints":{"allow":["GET"]}}],"collection":[{"href":"https:\/\/catolicanet.net\/wp-cnet\/wp-json\/wp\/v2\/posts"}],"about":[{"href":"https:\/\/catolicanet.net\/wp-cnet\/wp-json\/wp\/v2\/types\/post"}],"author":[{"embeddable":true,"href":"https:\/\/catolicanet.net\/wp-cnet\/wp-json\/wp\/v2\/users\/1"}],"replies":[{"embeddable":true,"href":"https:\/\/catolicanet.net\/wp-cnet\/wp-json\/wp\/v2\/comments?post=75246"}],"version-history":[{"count":1,"href":"https:\/\/catolicanet.net\/wp-cnet\/wp-json\/wp\/v2\/posts\/75246\/revisions"}],"predecessor-version":[{"id":75248,"href":"https:\/\/catolicanet.net\/wp-cnet\/wp-json\/wp\/v2\/posts\/75246\/revisions\/75248"}],"wp:featuredmedia":[{"embeddable":true,"href":"https:\/\/catolicanet.net\/wp-cnet\/wp-json\/wp\/v2\/media\/75247"}],"wp:attachment":[{"href":"https:\/\/catolicanet.net\/wp-cnet\/wp-json\/wp\/v2\/media?parent=75246"}],"wp:term":[{"taxonomy":"category","embeddable":true,"href":"https:\/\/catolicanet.net\/wp-cnet\/wp-json\/wp\/v2\/categories?post=75246"},{"taxonomy":"post_tag","embeddable":true,"href":"https:\/\/catolicanet.net\/wp-cnet\/wp-json\/wp\/v2\/tags?post=75246"}],"curies":[{"name":"wp","href":"https:\/\/api.w.org\/{rel}","templated":true}]}}