{"id":75226,"date":"2022-08-15T09:33:23","date_gmt":"2022-08-15T12:33:23","guid":{"rendered":"https:\/\/catolicanet.net\/wp-cnet\/?p=75226"},"modified":"2022-08-15T15:34:47","modified_gmt":"2022-08-15T18:34:47","slug":"semana-nacional-da-familia-completa-30-anos-de-evangelizacao-conheca-um-video-memoria-desta-historia","status":"publish","type":"post","link":"https:\/\/catolicanet.net\/wp-cnet\/semana-nacional-da-familia-completa-30-anos-de-evangelizacao-conheca-um-video-memoria-desta-historia\/","title":{"rendered":"SEMANA NACIONAL DA FAM\u00cdLIA COMPLETA 30 ANOS DE EVANGELIZA\u00c7\u00c3O; CONHE\u00c7A UM V\u00cdDEO MEM\u00d3RIA DESTA HIST\u00d3RIA"},"content":{"rendered":"<div class=\"col-12 mt-5\">\n<p style=\"text-align: justify;\">Com o tema \u201c<em>Amor Familiar, voca\u00e7\u00e3o e caminho de santidade<\/em>\u201d, a Igreja Cat\u00f3lica no Brasil celebra, a partir deste domingo (14), Dia dos Pais, a Semana Nacional da Fam\u00edlia. Nesta edi\u00e7\u00e3o, a s\u00e9rie de encontros propostos pela Pastoral Familiar completa 30 anos evangelizando as fam\u00edlias do Brasil. A aprova\u00e7\u00e3o da Confer\u00eancia Nacional dos Bispos do Brasil (CNBB) para a celebra\u00e7\u00e3o em todo o pa\u00eds foi em 1992.<\/p>\n<\/div>\n<div class=\"col-12 mt-5 teste\" style=\"text-align: justify;\">\n<p>\u201c\u00c9 tempo favor\u00e1vel para comemorar, celebrar e agradecer a Deus por esta caminhada e hist\u00f3ria t\u00e3o bonita e profunda que mudou o rosto da Pastoral Familiar em todo o Brasil\u201d, destacou o bispo de Rio Grande (RS) e presidente da Comiss\u00e3o Episcopal para a Vida e a Fam\u00edlia da Confer\u00eancia Nacional dos Bispos do Brasil (CNBB), dom Ricardo Hoepers.<\/p>\n<blockquote><p>\u201cA Semana Nacional da Fam\u00edlia \u00e9 um momento forte de f\u00e9, de ora\u00e7\u00e3o e de muita a\u00e7\u00e3o, muito trabalho. Os agentes da Pastoral Familiar se dedicam de corpo e alma, mas os frutos s\u00e3o espirituais, gra\u00e7as abundantes que Deus distribui gra\u00e7as ao amor, carinho e dedica\u00e7\u00e3o de cada agente da Pastoral Familiar, cada casal, por cada fam\u00edlia conquistada neste per\u00edodo\u201d, completou dom Ricardo.<\/p><\/blockquote>\n<\/div>\n<h3 style=\"text-align: justify;\">Mem\u00f3ria dos 30 anos da Semana Nacional da Fam\u00edlia<\/h3>\n<p style=\"text-align: justify;\">Assumida nacionalmente pela Confer\u00eancia Nacional dos Bispos do Brasil (CNBB) em 1992, a Semana Nacional da Fam\u00edlia completa 30 de evangeliza\u00e7\u00e3o e promo\u00e7\u00e3o da voca\u00e7\u00e3o familiar. Para marcar este momento, a Comiss\u00e3o Nacional da Pastoral Familiar (CNPF) fez uma mem\u00f3ria dessa trajet\u00f3ria. Participa\u00e7\u00e3o especial no v\u00eddeo-mem\u00f3ria de Laureci Ferreira e irm\u00e3 Fernanda Balan.<\/p>\n<p><iframe loading=\"lazy\" title=\"30 anos da Semana Nacional da Fam\u00edlia\" width=\"696\" height=\"392\" src=\"https:\/\/www.youtube.com\/embed\/H-9Q-wJTp9o?feature=oembed\" frameborder=\"0\" allow=\"accelerometer; autoplay; clipboard-write; encrypted-media; gyroscope; picture-in-picture\" allowfullscreen><\/iframe><\/p>\n","protected":false},"excerpt":{"rendered":"<p>Com o tema \u201cAmor Familiar, voca\u00e7\u00e3o e caminho de santidade\u201d, a Igreja Cat\u00f3lica no Brasil celebra, a partir deste domingo (14), Dia dos Pais, a Semana Nacional da Fam\u00edlia. Nesta edi\u00e7\u00e3o, a s\u00e9rie de encontros propostos pela Pastoral Familiar completa 30 anos evangelizando as fam\u00edlias do Brasil. A aprova\u00e7\u00e3o da Confer\u00eancia Nacional dos Bispos do [&hellip;]<\/p>\n","protected":false},"author":1,"featured_media":75227,"comment_status":"open","ping_status":"closed","sticky":false,"template":"","format":"standard","meta":{"footnotes":""},"categories":[7,13],"tags":[],"class_list":["post-75226","post","type-post","status-publish","format-standard","has-post-thumbnail","hentry","category-cnbb","category-featured"],"_links":{"self":[{"href":"https:\/\/catolicanet.net\/wp-cnet\/wp-json\/wp\/v2\/posts\/75226","targetHints":{"allow":["GET"]}}],"collection":[{"href":"https:\/\/catolicanet.net\/wp-cnet\/wp-json\/wp\/v2\/posts"}],"about":[{"href":"https:\/\/catolicanet.net\/wp-cnet\/wp-json\/wp\/v2\/types\/post"}],"author":[{"embeddable":true,"href":"https:\/\/catolicanet.net\/wp-cnet\/wp-json\/wp\/v2\/users\/1"}],"replies":[{"embeddable":true,"href":"https:\/\/catolicanet.net\/wp-cnet\/wp-json\/wp\/v2\/comments?post=75226"}],"version-history":[{"count":1,"href":"https:\/\/catolicanet.net\/wp-cnet\/wp-json\/wp\/v2\/posts\/75226\/revisions"}],"predecessor-version":[{"id":75228,"href":"https:\/\/catolicanet.net\/wp-cnet\/wp-json\/wp\/v2\/posts\/75226\/revisions\/75228"}],"wp:featuredmedia":[{"embeddable":true,"href":"https:\/\/catolicanet.net\/wp-cnet\/wp-json\/wp\/v2\/media\/75227"}],"wp:attachment":[{"href":"https:\/\/catolicanet.net\/wp-cnet\/wp-json\/wp\/v2\/media?parent=75226"}],"wp:term":[{"taxonomy":"category","embeddable":true,"href":"https:\/\/catolicanet.net\/wp-cnet\/wp-json\/wp\/v2\/categories?post=75226"},{"taxonomy":"post_tag","embeddable":true,"href":"https:\/\/catolicanet.net\/wp-cnet\/wp-json\/wp\/v2\/tags?post=75226"}],"curies":[{"name":"wp","href":"https:\/\/api.w.org\/{rel}","templated":true}]}}