{"id":75209,"date":"2022-08-11T09:36:58","date_gmt":"2022-08-11T12:36:58","guid":{"rendered":"https:\/\/catolicanet.net\/wp-cnet\/?p=75209"},"modified":"2022-08-11T13:43:19","modified_gmt":"2022-08-11T16:43:19","slug":"se-voce-esta-deprimido-experimente-esta-oracao-do-padre-pio","status":"publish","type":"post","link":"https:\/\/catolicanet.net\/wp-cnet\/se-voce-esta-deprimido-experimente-esta-oracao-do-padre-pio\/","title":{"rendered":"Se voc\u00ea est\u00e1 deprimido, experimente esta ora\u00e7\u00e3o do Padre Pio"},"content":{"rendered":"<h2 class=\"subtitle\" style=\"text-align: justify;\">Esta \u00e9 uma ora\u00e7\u00e3o poderosa que vai ajudar todos aqueles que estiverem passando por um momento de melancolia ou tristeza no cora\u00e7\u00e3o<\/h2>\n<p style=\"text-align: justify;\">\u201cIde o mais longe poss\u00edvel e Deus levar-vos-\u00e1 at\u00e9 ao fim\u201d, diz um ditado popular. Uma frase que tem uma resson\u00e2ncia especial quando se est\u00e1 a passar por uma depress\u00e3o e a escurid\u00e3o \u00e9 intensa. Este per\u00edodo \u00e9 ainda mais dif\u00edcil de ultrapassar quando se est\u00e1 sozinho(a). Para n\u00e3o afundar e sucumbir \u00e0s ondas de desespero, o mais importante \u00e9 n\u00e3o virar as costas a Deus. Este \u00e9 o significado desta ora\u00e7\u00e3o do Padre Pio.<\/p>\n<blockquote class=\"wp-block-quote\"><p>Fica Senhor comigo, pois preciso da Tua presen\u00e7a para n\u00e3o te esquecer.<br \/>\nSabes qu\u00e3o facilmente posso te abandonar.<\/p>\n<p>Fica Senhor comigo, porque sou fraco e preciso da Tua for\u00e7a para n\u00e3o cair.<br \/>\nFica Senhor comigo, porque \u00e9s minha vida, e sem Ti perco o fervor.<br \/>\nFica Senhor comigo, porque \u00e9s minha luz, e sem Ti reina a escurid\u00e3o.<\/p>\n<p>Fica Senhor comigo, para me mostrar Tua vontade.<br \/>\nFica Senhor comigo, para que ou\u00e7a Tua voz e te siga.<br \/>\nFica Senhor comigo, pois desejo amar-te e permanecer sempre em tua companhia.<\/p>\n<p>Fica Senhor comigo, se queres que te seja fiel.<br \/>\nFica Senhor comigo, porque, por mais pobre que seja minha alma, quero que se transforme num lugar de consola\u00e7\u00e3o para Ti, um ninho de amor.<\/p>\n<div id=\"aleteia-welcome\"><\/div>\n<p>Fica comigo, Jesus, pois se faz tarde e o dia chega ao fim; a vida passa, e a morte, o julgamento e a eternidade se aproximam. Preciso de Ti para renovar minhas energias e n\u00e3o parar no caminho. Est\u00e1 ficando tarde, a morte avan\u00e7a e eu tenho medo da escurid\u00e3o, das tenta\u00e7\u00f5es, da falta de f\u00e9, da cruz, das tristezas.<\/p>\n<p>Oh, quanto preciso de Ti, meu Jesus, nesta noite de ex\u00edlio!<\/p>\n<p>Fica comigo nesta noite, Jesus, pois ao longo da vida, com todos os seus perigos, eu preciso de Ti. Faze, Senhor, que te reconhe\u00e7a como te reconheceram teus disc\u00edpulos ao partir do p\u00e3o, a fim de que a Comunh\u00e3o Eucar\u00edstica seja a luz a dissipar a escurid\u00e3o,a for\u00e7a a me sustentar, a \u00fanica alegria do meu cora\u00e7\u00e3o.<\/p>\n<p>Fica comigo, Senhor, porque na hora da morte quero estar unido a Ti, se n\u00e3o pela Comunh\u00e3o, ao menos pela gra\u00e7a e pelo amor!<\/p>\n<p>Fica comigo, Jesus. N\u00e3o pe\u00e7o consola\u00e7\u00f5es divinas, porque n\u00e3o \u00e0s mere\u00e7o, mas apenas o presente da tua presen\u00e7a, ah, isso sim eu te suplico!<\/p>\n<p>Fica Senhor comigo, pois \u00e9 s\u00f3 a Ti que procuro o Teu amor, a Tua gra\u00e7a, a Tua vontade, o Teu cora\u00e7\u00e3o, o Teu Esp\u00edrito, porque te amo, e a \u00fanica recompensa que te pe\u00e7o \u00e9 poder amar-te sempre mais.<\/p>\n<p>Como este amor resoluto, desejo amar-te de todo o cora\u00e7\u00e3o enquanto estiver na terra, para continuar a te amar perfeitamente por toda a eternidade.<\/p>\n<p>Am\u00e9m<\/p><\/blockquote>\n","protected":false},"excerpt":{"rendered":"<p>Esta \u00e9 uma ora\u00e7\u00e3o poderosa que vai ajudar todos aqueles que estiverem passando por um momento de melancolia ou tristeza no cora\u00e7\u00e3o \u201cIde o mais longe poss\u00edvel e Deus levar-vos-\u00e1 at\u00e9 ao fim\u201d, diz um ditado popular. Uma frase que tem uma resson\u00e2ncia especial quando se est\u00e1 a passar por uma depress\u00e3o e a escurid\u00e3o [&hellip;]<\/p>\n","protected":false},"author":1,"featured_media":75210,"comment_status":"open","ping_status":"closed","sticky":false,"template":"","format":"standard","meta":{"footnotes":""},"categories":[4],"tags":[],"class_list":["post-75209","post","type-post","status-publish","format-standard","has-post-thumbnail","hentry","category-cotidiano"],"_links":{"self":[{"href":"https:\/\/catolicanet.net\/wp-cnet\/wp-json\/wp\/v2\/posts\/75209","targetHints":{"allow":["GET"]}}],"collection":[{"href":"https:\/\/catolicanet.net\/wp-cnet\/wp-json\/wp\/v2\/posts"}],"about":[{"href":"https:\/\/catolicanet.net\/wp-cnet\/wp-json\/wp\/v2\/types\/post"}],"author":[{"embeddable":true,"href":"https:\/\/catolicanet.net\/wp-cnet\/wp-json\/wp\/v2\/users\/1"}],"replies":[{"embeddable":true,"href":"https:\/\/catolicanet.net\/wp-cnet\/wp-json\/wp\/v2\/comments?post=75209"}],"version-history":[{"count":1,"href":"https:\/\/catolicanet.net\/wp-cnet\/wp-json\/wp\/v2\/posts\/75209\/revisions"}],"predecessor-version":[{"id":75211,"href":"https:\/\/catolicanet.net\/wp-cnet\/wp-json\/wp\/v2\/posts\/75209\/revisions\/75211"}],"wp:featuredmedia":[{"embeddable":true,"href":"https:\/\/catolicanet.net\/wp-cnet\/wp-json\/wp\/v2\/media\/75210"}],"wp:attachment":[{"href":"https:\/\/catolicanet.net\/wp-cnet\/wp-json\/wp\/v2\/media?parent=75209"}],"wp:term":[{"taxonomy":"category","embeddable":true,"href":"https:\/\/catolicanet.net\/wp-cnet\/wp-json\/wp\/v2\/categories?post=75209"},{"taxonomy":"post_tag","embeddable":true,"href":"https:\/\/catolicanet.net\/wp-cnet\/wp-json\/wp\/v2\/tags?post=75209"}],"curies":[{"name":"wp","href":"https:\/\/api.w.org\/{rel}","templated":true}]}}