{"id":75189,"date":"2022-08-11T09:21:23","date_gmt":"2022-08-11T12:21:23","guid":{"rendered":"https:\/\/catolicanet.net\/wp-cnet\/?p=75189"},"modified":"2022-08-11T13:22:48","modified_gmt":"2022-08-11T16:22:48","slug":"de-forma-hibrida-bispos-do-conselho-episcopal-de-pastoral-do-parana-realizaram-segunda-reuniao-do-ano","status":"publish","type":"post","link":"https:\/\/catolicanet.net\/wp-cnet\/de-forma-hibrida-bispos-do-conselho-episcopal-de-pastoral-do-parana-realizaram-segunda-reuniao-do-ano\/","title":{"rendered":"DE FORMA H\u00cdBRIDA, BISPOS DO CONSELHO EPISCOPAL DE PASTORAL DO PARAN\u00c1 REALIZARAM SEGUNDA REUNI\u00c3O DO ANO"},"content":{"rendered":"<p style=\"text-align: justify;\">O Conselho Episcopal de Pastoral do Regional Sul 2 da CNBB realizou a segunda reuni\u00e3o do ano nessa ter\u00e7a-feira, 9 de agosto, de forma h\u00edbrida. Esse conselho se re\u00fane duas vezes por ano e \u00e9 formado pelos bispos da presid\u00eancia\u202fdo Regional, por um bispo representante de cada Prov\u00edncia Eclesi\u00e1stica e um bispo da Igreja Cat\u00f3lica do rito Ucraniano.<\/p>\n<div class=\"wp-block-image\">\n<p style=\"text-align: justify;\">Um dos principais assuntos em\u00a0pauta na reuni\u00e3o foi a prepara\u00e7\u00e3o para a 42\u00aa Assembleia do Povo de Deus, que ser\u00e1 realizada entre os dias 23 a\u00a025 de setembro, simultaneamente, nas quatro prov\u00edncias eclesi\u00e1sticas do Paran\u00e1 (Curitiba, Maring\u00e1, Cascavel e Londrina). Cada prov\u00edncia far\u00e1 a organiza\u00e7\u00e3o local, mantendo o mesmo tema e as mesmas quest\u00f5es a serem partilhadas. Neste ano, estima-se a participa\u00e7\u00e3o de mais de 700 pessoas ao todo.<\/p>\n<div class=\"wp-block-image\"><a href=\"https:\/\/cnbbs2.org.br\/2022\/08\/de-forma-hibrida-bispos-do-conselho-episcopal-de-pastoral-do-parana-realizaram-segunda-reuniao-anual\/\" target=\"_blank\" rel=\"noopener\">Confira a not\u00edcia na \u00edntegra.\u00a0<\/a><\/div>\n<\/div>\n","protected":false},"excerpt":{"rendered":"<p>O Conselho Episcopal de Pastoral do Regional Sul 2 da CNBB realizou a segunda reuni\u00e3o do ano nessa ter\u00e7a-feira, 9 de agosto, de forma h\u00edbrida. Esse conselho se re\u00fane duas vezes por ano e \u00e9 formado pelos bispos da presid\u00eancia\u202fdo Regional, por um bispo representante de cada Prov\u00edncia Eclesi\u00e1stica e um bispo da Igreja Cat\u00f3lica [&hellip;]<\/p>\n","protected":false},"author":1,"featured_media":75190,"comment_status":"open","ping_status":"closed","sticky":false,"template":"","format":"standard","meta":{"footnotes":""},"categories":[7],"tags":[],"class_list":["post-75189","post","type-post","status-publish","format-standard","has-post-thumbnail","hentry","category-cnbb"],"_links":{"self":[{"href":"https:\/\/catolicanet.net\/wp-cnet\/wp-json\/wp\/v2\/posts\/75189","targetHints":{"allow":["GET"]}}],"collection":[{"href":"https:\/\/catolicanet.net\/wp-cnet\/wp-json\/wp\/v2\/posts"}],"about":[{"href":"https:\/\/catolicanet.net\/wp-cnet\/wp-json\/wp\/v2\/types\/post"}],"author":[{"embeddable":true,"href":"https:\/\/catolicanet.net\/wp-cnet\/wp-json\/wp\/v2\/users\/1"}],"replies":[{"embeddable":true,"href":"https:\/\/catolicanet.net\/wp-cnet\/wp-json\/wp\/v2\/comments?post=75189"}],"version-history":[{"count":1,"href":"https:\/\/catolicanet.net\/wp-cnet\/wp-json\/wp\/v2\/posts\/75189\/revisions"}],"predecessor-version":[{"id":75191,"href":"https:\/\/catolicanet.net\/wp-cnet\/wp-json\/wp\/v2\/posts\/75189\/revisions\/75191"}],"wp:featuredmedia":[{"embeddable":true,"href":"https:\/\/catolicanet.net\/wp-cnet\/wp-json\/wp\/v2\/media\/75190"}],"wp:attachment":[{"href":"https:\/\/catolicanet.net\/wp-cnet\/wp-json\/wp\/v2\/media?parent=75189"}],"wp:term":[{"taxonomy":"category","embeddable":true,"href":"https:\/\/catolicanet.net\/wp-cnet\/wp-json\/wp\/v2\/categories?post=75189"},{"taxonomy":"post_tag","embeddable":true,"href":"https:\/\/catolicanet.net\/wp-cnet\/wp-json\/wp\/v2\/tags?post=75189"}],"curies":[{"name":"wp","href":"https:\/\/api.w.org\/{rel}","templated":true}]}}