{"id":75118,"date":"2022-08-07T09:29:54","date_gmt":"2022-08-07T12:29:54","guid":{"rendered":"https:\/\/catolicanet.net\/wp-cnet\/?p=75118"},"modified":"2022-08-09T13:14:24","modified_gmt":"2022-08-09T16:14:24","slug":"encarar-a-missao","status":"publish","type":"post","link":"https:\/\/catolicanet.net\/wp-cnet\/encarar-a-missao\/","title":{"rendered":"Encarar a miss\u00e3o"},"content":{"rendered":"<p style=\"text-align: justify;\">A vida, por si, j\u00e1 \u00e9 uma perfeita miss\u00e3o, um compromisso bem introjetado na exist\u00eancia hist\u00f3rica. A natureza da cria\u00e7\u00e3o colocou em nossas m\u00e3os a preserva\u00e7\u00e3o do que foi criado. \u00c9 como um existir, trabalhado e constru\u00eddo com nossas pr\u00f3prias m\u00e3os. Mas tamb\u00e9m um forte enfrentamento daqueles obst\u00e1culos que concorrem com tudo que perturba a serenidade, a paz e falsifica os princ\u00edpios do bem.<\/p>\n<p style=\"text-align: justify;\">Na identidade da miss\u00e3o est\u00e1 a exig\u00eancia de den\u00fancia das injusti\u00e7as da classe dominante e impiedosa. Foi justamente isto que fizeram os profetas b\u00edblicos, porque assumiram, de forma radical, a miss\u00e3o que a eles foi confiada, levando em considera\u00e7\u00e3o o que estava acontecendo de destrui\u00e7\u00e3o da ordem social. Esta n\u00e3o \u00e9 uma miss\u00e3o t\u00e3o f\u00e1cil, porque causa situa\u00e7\u00e3o de impopularidade.<\/p>\n<p style=\"text-align: justify;\">Ao encarar uma miss\u00e3o na sociedade, a vontade \u00e9 de passar por caminhos mais f\u00e1ceis, sem sacrif\u00edcio e totalmente suaves. Mas isto n\u00e3o \u00e9 o que vemos na pr\u00e1tica concreta de Jesus, quando levou \u00e0 plenitude a miss\u00e3o que lhe foi confiada. O caminho foi duro, cheio de sofrimento, mas assumido com determina\u00e7\u00e3o e coragem. Podemos dizer que sem sacrif\u00edcio \u00e9 imposs\u00edvel construir um mundo melhor.<\/p>\n<p style=\"text-align: justify;\">A miss\u00e3o concreta de uma lideran\u00e7a comunit\u00e1ria sup\u00f5e apresenta\u00e7\u00e3o de bons projetos. \u00c9 justamente um dos detalhes que deve ser olhado durante uma campanha eleitoral. A autenticidade e o perfil de um candidato est\u00e3o, em parte, ligados \u00e0 sua capacidade de apresentar aquilo que pretende realizar numa poss\u00edvel gest\u00e3o, com projetos simples e poss\u00edveis de serem cumpridos.<\/p>\n<p style=\"text-align: justify;\">Neste cen\u00e1rio de elei\u00e7\u00f5es nacionais, todos os eleitores s\u00e3o convidados a ter um olhar retrospectivo sobre o hist\u00f3rico de vida dos candidatos, principalmente de quem j\u00e1 exerceu algum cargo p\u00fablico. Muitos prometem apenas para enganar, porque depois descartam o cumprimento do que foi prometido. Esse \u00e9 um dos momentos em que os eleitores precisam agir com responsabilidade, para o bem comum.<\/p>\n<p style=\"text-align: justify;\">Estamos numa cultura pol\u00edtica contra a vida do povo. Muitos pol\u00edticos carreiristas, mais preocupados com seus pr\u00f3prios interesses econ\u00f4micos do que com a vida das pessoas mais sofridas. \u00c9 hora de superar as paix\u00f5es partid\u00e1rias e eliminar quem n\u00e3o contribui com o bem p\u00fablico, com o bem do pa\u00eds. O voto \u00e9 um instrumento poderoso, mas tem que ser dado com liberdade e responsabilidade.<\/p>\n","protected":false},"excerpt":{"rendered":"<p>A vida, por si, j\u00e1 \u00e9 uma perfeita miss\u00e3o, um compromisso bem introjetado na exist\u00eancia hist\u00f3rica. A natureza da cria\u00e7\u00e3o colocou em nossas m\u00e3os a preserva\u00e7\u00e3o do que foi criado. \u00c9 como um existir, trabalhado e constru\u00eddo com nossas pr\u00f3prias m\u00e3os. Mas tamb\u00e9m um forte enfrentamento daqueles obst\u00e1culos que concorrem com tudo que perturba a [&hellip;]<\/p>\n","protected":false},"author":11,"featured_media":55820,"comment_status":"open","ping_status":"closed","sticky":false,"template":"","format":"standard","meta":{"footnotes":""},"categories":[9],"tags":[],"class_list":["post-75118","post","type-post","status-publish","format-standard","has-post-thumbnail","hentry","category-artigos"],"_links":{"self":[{"href":"https:\/\/catolicanet.net\/wp-cnet\/wp-json\/wp\/v2\/posts\/75118","targetHints":{"allow":["GET"]}}],"collection":[{"href":"https:\/\/catolicanet.net\/wp-cnet\/wp-json\/wp\/v2\/posts"}],"about":[{"href":"https:\/\/catolicanet.net\/wp-cnet\/wp-json\/wp\/v2\/types\/post"}],"author":[{"embeddable":true,"href":"https:\/\/catolicanet.net\/wp-cnet\/wp-json\/wp\/v2\/users\/11"}],"replies":[{"embeddable":true,"href":"https:\/\/catolicanet.net\/wp-cnet\/wp-json\/wp\/v2\/comments?post=75118"}],"version-history":[{"count":1,"href":"https:\/\/catolicanet.net\/wp-cnet\/wp-json\/wp\/v2\/posts\/75118\/revisions"}],"predecessor-version":[{"id":75119,"href":"https:\/\/catolicanet.net\/wp-cnet\/wp-json\/wp\/v2\/posts\/75118\/revisions\/75119"}],"wp:featuredmedia":[{"embeddable":true,"href":"https:\/\/catolicanet.net\/wp-cnet\/wp-json\/wp\/v2\/media\/55820"}],"wp:attachment":[{"href":"https:\/\/catolicanet.net\/wp-cnet\/wp-json\/wp\/v2\/media?parent=75118"}],"wp:term":[{"taxonomy":"category","embeddable":true,"href":"https:\/\/catolicanet.net\/wp-cnet\/wp-json\/wp\/v2\/categories?post=75118"},{"taxonomy":"post_tag","embeddable":true,"href":"https:\/\/catolicanet.net\/wp-cnet\/wp-json\/wp\/v2\/tags?post=75118"}],"curies":[{"name":"wp","href":"https:\/\/api.w.org\/{rel}","templated":true}]}}