{"id":75082,"date":"2022-08-09T10:09:43","date_gmt":"2022-08-09T13:09:43","guid":{"rendered":"https:\/\/catolicanet.net\/wp-cnet\/?p=75082"},"modified":"2022-08-09T12:11:41","modified_gmt":"2022-08-09T15:11:41","slug":"telegrama-do-papa-pela-morte-do-sabio-irmao-tomko","status":"publish","type":"post","link":"https:\/\/catolicanet.net\/wp-cnet\/telegrama-do-papa-pela-morte-do-sabio-irmao-tomko\/","title":{"rendered":"Telegrama do Papa pela morte do &#8220;s\u00e1bio irm\u00e3o&#8221; Tomko"},"content":{"rendered":"<figure class=\"article__image\"><span class=\"didascalia_img\">Cardeal Jozef Tomko\u00a0 (Jozef Bartkovjak SJ)<\/span><\/figure>\n<div class=\"article__meta audioInside\" data-mediatype=\"\">\n<div class=\"article__subTitle\" style=\"text-align: justify;\">Francisco expressa suas condol\u00eancias pela morte do cardeal eslovaco, lembrando-o como um homem &#8220;sustentado por uma f\u00e9 profunda e um olhar clarividente&#8221; que &#8220;serviu ao Evangelho e \u00e0 Igreja com humildade e abnega\u00e7\u00e3o&#8221;.<\/div>\n<div class=\"title__separator\" style=\"text-align: justify;\"><\/div>\n<div class=\"article__text \">\n<p style=\"text-align: justify;\"><b>Vatican News<\/b><\/p>\n<p style=\"text-align: justify;\">&#8220;Apreciado e s\u00e1bio irm\u00e3o&#8221;, \u00e9 como o Papa Francisco, num telegrama endere\u00e7ado a dom Bernard Bober, arcebispo de Ko\u00dfice, expressa suas condol\u00eancias pela morte, aos 98 anos, do cardeal Jozep Tomko, prefeito em\u00e9rito da Congrega\u00e7\u00e3o para a Evangeliza\u00e7\u00e3o dos Povos e do Pontif\u00edcia Comiss\u00e3o para os Congressos Eucar\u00edsticos Internacionais, um &#8220;luto que atingiu toda a comunidade eclesial e a na\u00e7\u00e3o eslovaca&#8221;.<\/p>\n<div style=\"text-align: justify;\">\n<div class=\"article__embed article__embed--unwrap article__embed--dark\">\n<div class=\"article__innerTitle\">Ou\u00e7a e compartilhe<\/div>\n<div>\n<!--[if lt IE 9]><script>document.createElement('audio');<\/script><![endif]-->\n<audio class=\"wp-audio-shortcode\" id=\"audio-75082-1\" preload=\"none\" style=\"width: 100%;\" controls=\"controls\"><source type=\"audio\/mpeg\" src=\"https:\/\/media.vaticannews.va\/media\/audio\/s1\/2022\/08\/09\/11\/136669791_F136669791.mp3?_=1\" \/><a href=\"https:\/\/media.vaticannews.va\/media\/audio\/s1\/2022\/08\/09\/11\/136669791_F136669791.mp3\">https:\/\/media.vaticannews.va\/media\/audio\/s1\/2022\/08\/09\/11\/136669791_F136669791.mp3<\/a><\/audio>\n<\/div>\n<\/div>\n<\/div>\n<p style=\"text-align: justify;\">Tomko faleceu nesta manh\u00e3 de segunda-feira em seu apartamento em Roma. Ap\u00f3s ser internado no Policl\u00ednico Gemelli em 25 de junho devido a uma les\u00e3o \u00e0 v\u00e9rtebra cervical, ele passou seis semanas no hospital e desde s\u00e1bado, 6 de agosto, continuou seu tratamento em casa com a assist\u00eancia de um enfermeiro do Vaticano. O funeral ser\u00e1 realizado no dia 11 de agosto na Bas\u00edlica de S\u00e3o Pedro, \u00e0s 11h, no Altar da C\u00e1tedra. O sepultamento ter\u00e1 lugar ap\u00f3s o funeral em Roma, na Catedral de Santa Isabel em Ko\u00dfice, na arquidiocese de sua cidade natal.<\/p>\n<h2 style=\"text-align: justify;\">&#8220;F\u00e9 profunda e olhar clarividente\u201d<\/h2>\n<p style=\"text-align: justify;\">Francisco lembrou como o cardeal foi &#8220;sustentado por uma f\u00e9 profunda e um olhar clarividente&#8221; e como ele serviu &#8220;com humildade e abnega\u00e7\u00e3o ao Evangelho e \u00e0 Igreja&#8221;.<\/p>\n<p style=\"text-align: justify;\">&#8220;Penso com gratid\u00e3o ao seu longo e fecundo trabalho na Santa S\u00e9 como um colaborador diligente e prudente de meus antecessores&#8221;. &#8220;Penso tamb\u00e9m em seu esp\u00edrito orante que o viu, numa idade j\u00e1 avan\u00e7ada, permanecer ass\u00edduo na di\u00e1ria recita\u00e7\u00e3o noturna do Ter\u00e7o na Pra\u00e7a de S\u00e3o Pedro&#8221;.<\/p>\n<p style=\"text-align: justify;\">Precisamente atrav\u00e9s desta ora\u00e7\u00e3o mariana, o cardeal Tomko deu aos peregrinos e turistas \u2013 recorda o Papa no telegrama &#8211; um &#8220;belo e p\u00fablico testemunho de amor \u00e0 Sant\u00edssima Virgem&#8221;. A gratid\u00e3o do Papa vai, finalmente, \u00e0s Irm\u00e3s da Miseric\u00f3rdia de S\u00e3o Vicente de Paulo-Satma&#8217;rok que &#8211; sublinha o Pont\u00edfice -, &#8220;cuidaram dele com todo cuidado&#8221;.<\/p>\n<h2 style=\"text-align: justify;\">Compromisso nos S\u00ednodos<\/h2>\n<p style=\"text-align: justify;\">Dom Tomko era o cardeal mais idoso do Col\u00e9gio dos Cardeais. Forma\u00e7\u00e3o teol\u00f3gica em Bratislava e Roma, no Pontif\u00edcio Ateneu Lateranense e na Pontif\u00edcia Universidade Gregoriana. Ele tinha tr\u00eas l\u00e1ureas: Teologia, Direito Can\u00f4nico e Ci\u00eancias Sociais. Ordenado sacerdote em 12 de mar\u00e7o de 1949, durante quinze anos (1950 a 1965) foi vice-reitor do Pontif\u00edcio Col\u00e9gio Nepomuceno em Roma e do Internato adjacente para sacerdotes provenientes de v\u00e1rios pa\u00edses, incluindo pa\u00edses de miss\u00e3o e da Am\u00e9rica Latina. Jo\u00e3o Paulo II lhe conferiu a ordena\u00e7\u00e3o episcopal em 15 de setembro de 1979. Durante seis anos ele foi Secret\u00e1rio Geral do S\u00ednodo dos Bispos, dando-lhe um impulso e dinamismo consider\u00e1veis. Em particular, ele editou o volume &#8220;O S\u00ednodo dos Bispos, natureza, m\u00e9todo, perspectivas&#8221;.<\/p>\n<h2 style=\"text-align: justify;\">Dimens\u00e3o ecum\u00eanica e atividade cultural<\/h2>\n<p style=\"text-align: justify;\">Tomko se distinguiu por seu compromisso no campo do ecumenismo. Em 1972, ele fez parte da delega\u00e7\u00e3o da Santa S\u00e9 \u00e0 Federa\u00e7\u00e3o Luterana Mundial e ao Conselho Ecum\u00eanico de Igrejas em Genebra. Ele tamb\u00e9m foi membro da Comiss\u00e3o Conjunta Cat\u00f3lico-Luterana Reformada sobre a Teologia do Matrim\u00f4nio. Ele se dedicou ao estudo profundo de quest\u00f5es relativas \u00e0 vida consagrada, \u00e0 justi\u00e7a e \u00e0 paz, e aos leigos. Ele nunca deixou de exercer a pastoral direta em numerosas par\u00f3quias em Roma e na diocese de Porto-Santa Rufina. Seu trabalho cultural inclui a co-funda\u00e7\u00e3o de uma revista religiosa e do Instituto dos Santos Cirilo e Met\u00f3dio em Roma, e v\u00e1rias publica\u00e7\u00f5es sobre teologia e direito, hist\u00f3ria e espiritualidade.<\/p>\n<h2 style=\"text-align: justify;\">\u00c0 frente da Congrega\u00e7\u00e3o para a Evangeliza\u00e7\u00e3o dos Povos<\/h2>\n<p style=\"text-align: justify;\">Seus muitos encontros e visitas a v\u00e1rios pa\u00edses junto com as Assembleias Sinodais permitiram ao cardeal adquirir um profundo conhecimento da realidade de muitas Igrejas particulares, e experimentar sua colegialidade efetiva e afetiva. Em 1985 ele foi nomeado pr\u00f3-prefeito da Congrega\u00e7\u00e3o para a Evangeliza\u00e7\u00e3o dos Povos, ent\u00e3o prefeito por dezesseis anos. No mesmo ano, ele foi criado cardeal. Ele tamb\u00e9m assumiu o t\u00edtulo de Grande Chanceler da Pontif\u00edcia Universidade Urbaniana. De 2001 a 2007, o cardeal Tomko foi presidente da Pontif\u00edcia Comiss\u00e3o para os Congressos Eucar\u00edsticos Internacionais.<\/p>\n<h2 style=\"text-align: justify;\">O Col\u00e9gio dos Cardeais<\/h2>\n<p style=\"text-align: justify;\">Com a morte de Tomko, o Col\u00e9gio de Cardeais \u00e9 agora composto por 206 cardeais, dos quais 116 s\u00e3o eleitores e 90 n\u00e3o-eleitores. O cardeal mais idoso \u00e9 agora Alexandre do Nascimento, arcebispo em\u00e9rito de Luanda (Angola), que completou 97 anos em 1\u00ba de mar\u00e7o.<\/p>\n<\/div>\n<\/div>\n","protected":false},"excerpt":{"rendered":"<p>Cardeal Jozef Tomko\u00a0 (Jozef Bartkovjak SJ) Francisco expressa suas condol\u00eancias pela morte do cardeal eslovaco, lembrando-o como um homem &#8220;sustentado por uma f\u00e9 profunda e um olhar clarividente&#8221; que &#8220;serviu ao Evangelho e \u00e0 Igreja com humildade e abnega\u00e7\u00e3o&#8221;. Vatican News &#8220;Apreciado e s\u00e1bio irm\u00e3o&#8221;, \u00e9 como o Papa Francisco, num telegrama endere\u00e7ado a dom [&hellip;]<\/p>\n","protected":false},"author":1,"featured_media":75083,"comment_status":"open","ping_status":"closed","sticky":false,"template":"","format":"standard","meta":{"footnotes":""},"categories":[3],"tags":[],"class_list":["post-75082","post","type-post","status-publish","format-standard","has-post-thumbnail","hentry","category-vaticano"],"_links":{"self":[{"href":"https:\/\/catolicanet.net\/wp-cnet\/wp-json\/wp\/v2\/posts\/75082","targetHints":{"allow":["GET"]}}],"collection":[{"href":"https:\/\/catolicanet.net\/wp-cnet\/wp-json\/wp\/v2\/posts"}],"about":[{"href":"https:\/\/catolicanet.net\/wp-cnet\/wp-json\/wp\/v2\/types\/post"}],"author":[{"embeddable":true,"href":"https:\/\/catolicanet.net\/wp-cnet\/wp-json\/wp\/v2\/users\/1"}],"replies":[{"embeddable":true,"href":"https:\/\/catolicanet.net\/wp-cnet\/wp-json\/wp\/v2\/comments?post=75082"}],"version-history":[{"count":1,"href":"https:\/\/catolicanet.net\/wp-cnet\/wp-json\/wp\/v2\/posts\/75082\/revisions"}],"predecessor-version":[{"id":75084,"href":"https:\/\/catolicanet.net\/wp-cnet\/wp-json\/wp\/v2\/posts\/75082\/revisions\/75084"}],"wp:featuredmedia":[{"embeddable":true,"href":"https:\/\/catolicanet.net\/wp-cnet\/wp-json\/wp\/v2\/media\/75083"}],"wp:attachment":[{"href":"https:\/\/catolicanet.net\/wp-cnet\/wp-json\/wp\/v2\/media?parent=75082"}],"wp:term":[{"taxonomy":"category","embeddable":true,"href":"https:\/\/catolicanet.net\/wp-cnet\/wp-json\/wp\/v2\/categories?post=75082"},{"taxonomy":"post_tag","embeddable":true,"href":"https:\/\/catolicanet.net\/wp-cnet\/wp-json\/wp\/v2\/tags?post=75082"}],"curies":[{"name":"wp","href":"https:\/\/api.w.org\/{rel}","templated":true}]}}