{"id":74984,"date":"2022-08-01T09:42:45","date_gmt":"2022-08-01T12:42:45","guid":{"rendered":"https:\/\/catolicanet.net\/wp-cnet\/?p=74984"},"modified":"2022-08-01T13:45:51","modified_gmt":"2022-08-01T16:45:51","slug":"sao-francisco-e-a-porciuncula-saiba-como-obter-a-indulgencia-plenaria-hoje-e-amanha-2","status":"publish","type":"post","link":"https:\/\/catolicanet.net\/wp-cnet\/sao-francisco-e-a-porciuncula-saiba-como-obter-a-indulgencia-plenaria-hoje-e-amanha-2\/","title":{"rendered":"S\u00e3o Francisco e a Porci\u00fancula: Saiba como obter a indulg\u00eancia plen\u00e1ria hoje e amanh\u00e3"},"content":{"rendered":"<p style=\"text-align: justify;\">Todos os anos, os fi\u00e9is que visitarem uma\u00a0igreja\u00a0franciscana em qualquer lugar do mundo desde o meio-dia de hoje e todo o dia 2 de agosto, poder\u00e3o obter a chamada indulg\u00eancia plen\u00e1ria da Porci\u00fancula.<\/p>\n<p style=\"text-align: justify;\">Para isto, al\u00e9m da visita, as condi\u00e7\u00f5es habituais de confiss\u00e3o sacramental, comunh\u00e3o eucar\u00edstica e a ora\u00e7\u00e3o pelas inten\u00e7\u00f5es do papa.<\/p>\n<p style=\"text-align: justify;\">Em declara\u00e7\u00f5es para o Grupo\u00a0ACI, o irm\u00e3o Gonzalo Cateriano, ex-provincial dos franciscanos capuchinos no Peru, ressaltou o &#8220;grande desejo de s\u00e3o Francisco de Assis de que todas as almas se salvem&#8221; e que os fi\u00e9is &#8220;com piedade e devo\u00e7\u00e3o&#8221; recebam a indulg\u00eancia cumprindo as disposi\u00e7\u00f5es da Igreja.<\/p>\n<p style=\"text-align: justify;\">O frade assinalou que &#8220;antigamente era muito dif\u00edcil que a Igreja concedesse indulg\u00eancias&#8221; j\u00e1 que s\u00f3 se obtinham em peregrina\u00e7\u00e3o a alguns lugares como Terra Santa e, portanto, foi um grande presente que s\u00e3o Francisco obteve por seu amor \u00e0s almas.<\/p>\n<p style=\"text-align: justify;\">&#8220;Agora o Perd\u00e3o de Assis pode-se obter em todas as igrejas franciscanas do mundo desde a v\u00e9spera da festa central&#8221;, pontuou.<\/p>\n<p style=\"text-align: justify;\">A concess\u00e3o da Indulg\u00eancia da Porci\u00fancula se deu em 1216, quando s\u00e3o Francisco partiu para Perusa junto de outro frade para ver o Papa Hon\u00f3rio III, depois de uma apari\u00e7\u00e3o do pr\u00f3prio Cristo e da Virgem rodeados de anjos na capela de Santa Maria dos Anjos, em Assis.<\/p>\n<p style=\"text-align: justify;\">Nesta apari\u00e7\u00e3o, o santo pediu ao Senhor que concedesse uma indulg\u00eancia a quantos visitassem a Igreja dedicada \u00e0 Virgem sob a devo\u00e7\u00e3o de Nossa Senhora dos Anjos. O Senhor aceitou e ordenou que se dirigisse a Perusa, para obter do papa o favor desejado. O pont\u00edfice concedeu a gra\u00e7a.<\/p>\n<p style=\"text-align: justify;\">Em 1966 o papa Pablo VI publicou a carta apost\u00f3lica &#8220;Sacrosancta Portiunculae ecclesia&#8221; com ocasi\u00e3o do 750\u00ba anivers\u00e1rio da concess\u00e3o da indulg\u00eancia da Porci\u00fancula, onde expressou que &#8220;a institui\u00e7\u00e3o desta indulg\u00eancia seja celebrada de maneira que verdadeiramente a Porci\u00fancula seja aquele lugar santo onde se consegue o perd\u00e3o total e se faz est\u00e1vel a paz com Deus&#8221;.<\/p>\n<p style=\"text-align: justify;\">Al\u00e9m disto, referindo-se \u00e0s peregrina\u00e7\u00f5es que os fi\u00e9is realizam para o lugar, indicou: &#8220;Queira Deus que a peregrina\u00e7\u00e3o, transmitida durante s\u00e9culos, \u00e0 igreja da Porci\u00fancula, que Nosso mesmo Predecessor Jo\u00e3o XXIII empreendeu com \u00e2nimo piedoso, n\u00e3o termine mas que cres\u00e7a continuamente a multid\u00e3o de fi\u00e9is que acodem ali ao encontro com Cristo rico em miseric\u00f3rdia e com sua M\u00e3e, que intercede sempre perante ele&#8221;.<\/p>\n<p style=\"text-align: justify;\">A pequena igreja conhecida como Porci\u00fancula que s\u00e3o Francisco de Assis dedicou a Santa Maria dos Anjos, encontra-se dentro da grande Bas\u00edlica que leva o mesmo nome desta devo\u00e7\u00e3o mariana. A bas\u00edlica data dos s\u00e9culos XVI e XVII.<\/p>\n<p style=\"text-align: justify;\">Esta igreja foi a segunda morada do santo e de seus primeiros irm\u00e3os, assim como o lugar onde na tarde de 3 de outubro de 1226, s\u00e3o Francisco morreu. Este tamb\u00e9m foi o lugar, onde no\u00a0domingo de Ramos\u00a0de 1211 S\u00e3o Francisco recebeu a consagra\u00e7\u00e3o da santa Clara, dando origem \u00e0 ordem das clarissas.<\/p>\n","protected":false},"excerpt":{"rendered":"<p>Todos os anos, os fi\u00e9is que visitarem uma\u00a0igreja\u00a0franciscana em qualquer lugar do mundo desde o meio-dia de hoje e todo o dia 2 de agosto, poder\u00e3o obter a chamada indulg\u00eancia plen\u00e1ria da Porci\u00fancula. Para isto, al\u00e9m da visita, as condi\u00e7\u00f5es habituais de confiss\u00e3o sacramental, comunh\u00e3o eucar\u00edstica e a ora\u00e7\u00e3o pelas inten\u00e7\u00f5es do papa. Em declara\u00e7\u00f5es [&hellip;]<\/p>\n","protected":false},"author":1,"featured_media":74985,"comment_status":"open","ping_status":"closed","sticky":false,"template":"","format":"standard","meta":{"footnotes":""},"categories":[4,13],"tags":[],"class_list":["post-74984","post","type-post","status-publish","format-standard","has-post-thumbnail","hentry","category-cotidiano","category-featured"],"_links":{"self":[{"href":"https:\/\/catolicanet.net\/wp-cnet\/wp-json\/wp\/v2\/posts\/74984","targetHints":{"allow":["GET"]}}],"collection":[{"href":"https:\/\/catolicanet.net\/wp-cnet\/wp-json\/wp\/v2\/posts"}],"about":[{"href":"https:\/\/catolicanet.net\/wp-cnet\/wp-json\/wp\/v2\/types\/post"}],"author":[{"embeddable":true,"href":"https:\/\/catolicanet.net\/wp-cnet\/wp-json\/wp\/v2\/users\/1"}],"replies":[{"embeddable":true,"href":"https:\/\/catolicanet.net\/wp-cnet\/wp-json\/wp\/v2\/comments?post=74984"}],"version-history":[{"count":1,"href":"https:\/\/catolicanet.net\/wp-cnet\/wp-json\/wp\/v2\/posts\/74984\/revisions"}],"predecessor-version":[{"id":74986,"href":"https:\/\/catolicanet.net\/wp-cnet\/wp-json\/wp\/v2\/posts\/74984\/revisions\/74986"}],"wp:featuredmedia":[{"embeddable":true,"href":"https:\/\/catolicanet.net\/wp-cnet\/wp-json\/wp\/v2\/media\/74985"}],"wp:attachment":[{"href":"https:\/\/catolicanet.net\/wp-cnet\/wp-json\/wp\/v2\/media?parent=74984"}],"wp:term":[{"taxonomy":"category","embeddable":true,"href":"https:\/\/catolicanet.net\/wp-cnet\/wp-json\/wp\/v2\/categories?post=74984"},{"taxonomy":"post_tag","embeddable":true,"href":"https:\/\/catolicanet.net\/wp-cnet\/wp-json\/wp\/v2\/tags?post=74984"}],"curies":[{"name":"wp","href":"https:\/\/api.w.org\/{rel}","templated":true}]}}