{"id":74922,"date":"2022-07-29T10:12:58","date_gmt":"2022-07-29T13:12:58","guid":{"rendered":"https:\/\/catolicanet.net\/wp-cnet\/?p=74922"},"modified":"2022-07-29T18:15:07","modified_gmt":"2022-07-29T21:15:07","slug":"cnbb-e-ajuda-a-igreja-que-sofre-promovem-a-jornada-de-oracao-e-missao-pelos-cristaos-perseguidos-no-proximo-1o-de-agosto","status":"publish","type":"post","link":"https:\/\/catolicanet.net\/wp-cnet\/cnbb-e-ajuda-a-igreja-que-sofre-promovem-a-jornada-de-oracao-e-missao-pelos-cristaos-perseguidos-no-proximo-1o-de-agosto\/","title":{"rendered":"CNBB E AJUDA \u00c0 IGREJA QUE SOFRE PROMOVEM A JORNADA DE ORA\u00c7\u00c3O E MISS\u00c3O PELOS CRIST\u00c3OS PERSEGUIDOS NO PR\u00d3XIMO 1\u00ba DE AGOSTO"},"content":{"rendered":"<p style=\"text-align: justify;\">No pr\u00f3ximo dia 1\u00ba de agosto, a Confer\u00eancia Nacional dos Bispos do Brasil (CNBB), por meio de sua Comiss\u00e3o Episcopal Pastoral para a A\u00e7\u00e3o Mission\u00e1ria e Coopera\u00e7\u00e3o Intereclesial, em parceria com a Ajuda a Igreja que Sofre (ACN) no Brasil, promovem o\u00a0 Dia de Ora\u00e7\u00e3o e Miss\u00e3o pelos Crist\u00e3os Perseguidos.<\/p>\n<p style=\"text-align: justify;\">A discrimina\u00e7\u00e3o e a persegui\u00e7\u00e3o com base na cren\u00e7a religiosa s\u00e3o um fen\u00f4meno crescente em todo o mundo.\u00a0A liberdade religiosa \u00e9 violada em quase um ter\u00e7o dos pa\u00edses do mundo (31,6%), onde vivem dois ter\u00e7os (67%) da popula\u00e7\u00e3o mundial \u2013 aproximadamente 5,2 bilh\u00f5es de pessoas. Por tr\u00e1s dos conflitos mais violentos do mundo est\u00e3o aqueles que manipulam a religi\u00e3o na busca pelo poder, seja ele pol\u00edtico, econ\u00f4mico ou social.<\/p>\n<p style=\"text-align: justify;\">N\u00e3o h\u00e1 somente uma religi\u00e3o que seja perseguida ou mesmo manipulada. Dependendo da localidade, uma se sobressai como alvo de ataques que v\u00e3o desde frases discriminat\u00f3rias a atos de viol\u00eancia gratuita e sem sentido. Mas, no geral,\u00a0os crist\u00e3os ainda se mant\u00e9m no topo das estat\u00edsticas como o grupo religioso mais perseguido e odiado do mundo.<\/p>\n<p style=\"text-align: justify;\"><strong>Conhe\u00e7a o v\u00eddeo motivador do Dia de Ora\u00e7\u00e3o e Miss\u00e3o:<\/strong><\/p>\n<div class=\"ast-oembed-container\" style=\"text-align: justify;\">\n<p><iframe loading=\"lazy\" title=\"Jornadas de Ora\u00e7\u00e3o e Miss\u00e3o pelos Crist\u00e3os Perseguidos\" width=\"696\" height=\"392\" src=\"https:\/\/www.youtube.com\/embed\/GAyHh5zV4to?feature=oembed\" frameborder=\"0\" allow=\"accelerometer; autoplay; clipboard-write; encrypted-media; gyroscope; picture-in-picture\" allowfullscreen><\/iframe><\/p>\n<\/div>\n<p style=\"text-align: justify;\">\n<h3 style=\"text-align: justify;\">Dia de Ora\u00e7\u00e3o pelos Crist\u00e3os Perseguidos<\/h3>\n<p style=\"text-align: justify;\">O gesto de ora\u00e7\u00e3o continua no pr\u00f3ximo dia\u00a0<strong>6 de agosto, data na qual se celebra a 8\u00aa edi\u00e7\u00e3o do \u2018Dia de Ora\u00e7\u00e3o pelos Crist\u00e3os Perseguidos\u2019<\/strong>. Com o apoio da Confer\u00eancia Nacional dos Bispos do Brasil (CNBB), a ACN, sigla em ingl\u00eas para Ajuda \u00e0 Igreja que Sofre, promove essa iniciativa convidando todas as par\u00f3quias e comunidades crist\u00e3s do pa\u00eds a participarem. Rezar \u00e9 dizer que nos importamos e que estamos ao lado dos irm\u00e3os que pagam um alto pre\u00e7o por acreditarem em Jesus.<\/p>\n<div class=\"fusion-layout-column fusion_builder_column fusion-builder-column-7 fusion_builder_column_1_6 1_6 fusion-flex-column fusion-no-small-visibility fusion-no-medium-visibility\">\n<div class=\"fusion-column-wrapper fusion-flex-justify-content-center fusion-content-layout-column\">\n<div class=\"fusion-text fusion-text-10 fusion-animated\" data-animationtype=\"fadeInLeft\" data-animationduration=\"1.4\" data-animationoffset=\"top-into-view\">\n<p class=\"rotate\" style=\"text-align: justify;\">O\u00a0<a href=\"https:\/\/www.vaticannews.va\/pt\/igreja\/news\/2022-07\/dia-de-oracao-pelos-cristaos-perseguidos-2022-brasil.html\" target=\"_blank\" rel=\"noopener\"><strong>Dia de Ora\u00e7\u00e3o pelos Crist\u00e3os Perseguidos<\/strong><\/a>\u00a0ocorre anualmente no dia 6 de agosto em refer\u00eancia \u00e0 mesma noite de agosto de 2014, quando milhares de crist\u00e3os fugiram do norte do Iraque, expulsos pelos extremistas do grupo Estado Isl\u00e2mico. A regi\u00e3o concentrava 25% dos crist\u00e3os do pa\u00eds e tamb\u00e9m reunia algumas minorias mu\u00e7ulmanas amea\u00e7adas. A fuga ocorreu \u00e0 noite, com milhares de pessoas caminhando pelas estradas em dire\u00e7\u00e3o \u00e0s cidades curdas de Erbil e Dohuk. \u201cCerca de 100 mil crist\u00e3os, aterrorizados e em p\u00e2nico, fugiram de suas casas sem nada, somente com as roupas do corpo, a p\u00e9, rumo \u00e0s cidades curdas. Entre eles havia doentes, idosos, crian\u00e7as e mulheres gr\u00e1vidas, precisando de \u00e1gua, comida, medicamentos e um lugar para ficar\u201d, declarou na ocasi\u00e3o o Patriarca Louis Raphael Sako, chefe da Igreja Cat\u00f3lica Caldeia.<\/p>\n<p style=\"text-align: justify;\"><strong>Saiba mais:\u00a0<\/strong><br \/>\n<a href=\"https:\/\/www.cnbb.org.br\/cnbb-e-ajuda-a-igreja-que-sofre-acn-promovem-dia-6-de-agosto-a-8a-edicao-do-dia-de-oracao-pelos-cristaos-perseguidos\/\">CNBB e Ajuda \u00e0 Igreja que sofre (ACN) promovem, dia 6 de agosto, a 8\u00aa edi\u00e7\u00e3o do \u201cDia de Ora\u00e7\u00e3o pelos Crist\u00e3os Perseguidos\u201d \u2013 CNBB<\/a><\/p>\n<\/div>\n<\/div>\n<\/div>\n","protected":false},"excerpt":{"rendered":"<p>No pr\u00f3ximo dia 1\u00ba de agosto, a Confer\u00eancia Nacional dos Bispos do Brasil (CNBB), por meio de sua Comiss\u00e3o Episcopal Pastoral para a A\u00e7\u00e3o Mission\u00e1ria e Coopera\u00e7\u00e3o Intereclesial, em parceria com a Ajuda a Igreja que Sofre (ACN) no Brasil, promovem o\u00a0 Dia de Ora\u00e7\u00e3o e Miss\u00e3o pelos Crist\u00e3os Perseguidos. A discrimina\u00e7\u00e3o e a persegui\u00e7\u00e3o [&hellip;]<\/p>\n","protected":false},"author":1,"featured_media":74923,"comment_status":"open","ping_status":"closed","sticky":false,"template":"","format":"standard","meta":{"footnotes":""},"categories":[7,13],"tags":[],"class_list":["post-74922","post","type-post","status-publish","format-standard","has-post-thumbnail","hentry","category-cnbb","category-featured"],"_links":{"self":[{"href":"https:\/\/catolicanet.net\/wp-cnet\/wp-json\/wp\/v2\/posts\/74922","targetHints":{"allow":["GET"]}}],"collection":[{"href":"https:\/\/catolicanet.net\/wp-cnet\/wp-json\/wp\/v2\/posts"}],"about":[{"href":"https:\/\/catolicanet.net\/wp-cnet\/wp-json\/wp\/v2\/types\/post"}],"author":[{"embeddable":true,"href":"https:\/\/catolicanet.net\/wp-cnet\/wp-json\/wp\/v2\/users\/1"}],"replies":[{"embeddable":true,"href":"https:\/\/catolicanet.net\/wp-cnet\/wp-json\/wp\/v2\/comments?post=74922"}],"version-history":[{"count":1,"href":"https:\/\/catolicanet.net\/wp-cnet\/wp-json\/wp\/v2\/posts\/74922\/revisions"}],"predecessor-version":[{"id":74924,"href":"https:\/\/catolicanet.net\/wp-cnet\/wp-json\/wp\/v2\/posts\/74922\/revisions\/74924"}],"wp:featuredmedia":[{"embeddable":true,"href":"https:\/\/catolicanet.net\/wp-cnet\/wp-json\/wp\/v2\/media\/74923"}],"wp:attachment":[{"href":"https:\/\/catolicanet.net\/wp-cnet\/wp-json\/wp\/v2\/media?parent=74922"}],"wp:term":[{"taxonomy":"category","embeddable":true,"href":"https:\/\/catolicanet.net\/wp-cnet\/wp-json\/wp\/v2\/categories?post=74922"},{"taxonomy":"post_tag","embeddable":true,"href":"https:\/\/catolicanet.net\/wp-cnet\/wp-json\/wp\/v2\/tags?post=74922"}],"curies":[{"name":"wp","href":"https:\/\/api.w.org\/{rel}","templated":true}]}}