{"id":74801,"date":"2022-07-27T09:44:16","date_gmt":"2022-07-27T12:44:16","guid":{"rendered":"https:\/\/catolicanet.net\/wp-cnet\/?p=74801"},"modified":"2022-07-27T15:46:28","modified_gmt":"2022-07-27T18:46:28","slug":"papa-a-igreja-precisa-de-cura-com-jesus-concretizar-a-revolucao-do-amor","status":"publish","type":"post","link":"https:\/\/catolicanet.net\/wp-cnet\/papa-a-igreja-precisa-de-cura-com-jesus-concretizar-a-revolucao-do-amor\/","title":{"rendered":"Papa: a Igreja precisa de cura. Com Jesus, concretizar a &#8220;revolu\u00e7\u00e3o do amor&#8221;"},"content":{"rendered":"<p>Peregrina\u00e7\u00e3o do Papa ao Lago de Santa Ana<\/p>\n<div class=\"article__subTitle\" style=\"text-align: justify;\">&#8220;Todos n\u00f3s, como Igreja, precisamos de cura: ser curados da tenta\u00e7\u00e3o de nos fecharmos em n\u00f3s mesmos, de escolhermos a defesa da institui\u00e7\u00e3o em vez da busca da verdade, de preferirmos o poder mundano ao servi\u00e7o evang\u00e9lico\u201d: palavras do Papa ao realizar um dos gestos mais simb\u00f3licos de sua visita ao Canad\u00e1, presidindo \u00e0 peregrina\u00e7\u00e3o ao Lago de Santa Ana.<\/div>\n<div class=\"title__separator\" style=\"text-align: justify;\"><\/div>\n<div class=\"article__text \">\n<p style=\"text-align: justify;\"><b>Vatican News \u2013 Bianca Fraccalvieri<\/b><\/p>\n<p style=\"text-align: justify;\">Na tarde desta ter\u00e7a-feira, o Papa Francisco realizou uma das etapas mais significativas de sua viagem apost\u00f3lica ao Canad\u00e1: a peregrina\u00e7\u00e3o ao lago de Santa Ana, a cerca de 70 Km de Edmonton.<\/p>\n<div style=\"text-align: justify;\">\n<div class=\"article__embed article__embed--unwrap article__embed--dark\">\n<div class=\"article__innerTitle\">Ou\u00e7a a reportagem completa com a voz do Papa Francisco<\/div>\n<div>\n<!--[if lt IE 9]><script>document.createElement('audio');<\/script><![endif]-->\n<audio class=\"wp-audio-shortcode\" id=\"audio-74801-1\" preload=\"none\" style=\"width: 100%;\" controls=\"controls\"><source type=\"audio\/mpeg\" src=\"https:\/\/media.vaticannews.va\/media\/audio\/s1\/2022\/07\/27\/10\/136655931_F136655931.mp3?_=1\" \/><a href=\"https:\/\/media.vaticannews.va\/media\/audio\/s1\/2022\/07\/27\/10\/136655931_F136655931.mp3\">https:\/\/media.vaticannews.va\/media\/audio\/s1\/2022\/07\/27\/10\/136655931_F136655931.mp3<\/a><\/audio>\n<\/div>\n<\/div>\n<\/div>\n<p style=\"text-align: justify;\">No dia em que a Igreja celebra a mem\u00f3ria lit\u00fargica dos av\u00f3s de Jesus, o Pont\u00edfice presidiu \u00e0 Liturgia da Palavra no local que \u00e9 meta de uma tradicional peregrina\u00e7\u00e3o cat\u00f3lica desde o final do s\u00e9culo XIX. Todos os anos, milhares de peregrinos oriundos do norte dos Estados Unidos e do Canad\u00e1 se dirigem ao lago para se banharem nas \u00e1guas consideradas sagradas e milagrosas.<\/p>\n<p style=\"text-align: justify;\">Os povos nativos o denominaram \u201cLago de Deus\u201d e \u201cLago do Esp\u00edrito\u201d, mas foi um sacerdote cat\u00f3lico, dos Oblatos de Maria Imaculada, a estabelecer a primeira miss\u00e3o e batizar o local como \u201cLago de Santa Ana\u201d. A primeira peregrina\u00e7\u00e3o foi organizada pelo Oblatos em 1889 e desde ent\u00e3o, na semana do dia 26 de julho, festa de Santa Ana, se tornou um dos encontros mais importantes da regi\u00e3o.<\/p>\n<p style=\"text-align: justify;\">A igreja original foi destru\u00edda por um inc\u00eandio em 1928 e reconstru\u00edda em 2009. Ali, o Pont\u00edfice foi acolhido pelo p\u00e1roco, pelo sacerdote encarregado das peregrina\u00e7\u00f5es e por alguns fi\u00e9is. A bordo de um ve\u00edculo el\u00e9trico, Francisco passou ao lado da imagem de Santa Ana, acompanhado pelos sons tradicionais dos tambores. \u00c0s margens do lago, fez o sinal da cruz direcionado aos pontos cardeais, segundo o costume ind\u00edgena, e aben\u00e7oou as \u00e1guas do lago.<\/p>\n<h2 style=\"text-align: justify;\">Revolu\u00e7\u00e3o sem mortos nem feridos<\/h2>\n<p style=\"text-align: justify;\">Em sua homilia, o Papa evocou outro lago, que nos remete \u00e0s \u201cfontes da f\u00e9\u201d, que \u00e9 o Mar da Galileia, onde Jesus pregou o Reino de Deus. Mas n\u00e3o s\u00f3, ali o Mestre anunciou algo revolucion\u00e1rio: \u00aboferecei a outra face, amai os inimigos\u00bb. O lago \u201ctornou-se a sede de um inaudito\u00a0<i>an\u00fancio de fraternidade<\/i>; de uma revolu\u00e7\u00e3o sem mortos nem feridos, a revolu\u00e7\u00e3o do amor\u201d.<\/p>\n<p style=\"text-align: justify;\">Por isso, as \u00e1guas de Santa Ana nos recordam que \u201ca fraternidade \u00e9 verdadeira se une os distantes, que a mensagem de unidade que o C\u00e9u envia \u00e0 terra n\u00e3o teme as diferen\u00e7as e convida-nos \u00e0 comunh\u00e3o, a recome\u00e7ar juntos, porque todos somos peregrinos a caminho\u201d.<\/p>\n<p style=\"text-align: justify;\">\u00c0s margens do lago, o Pont\u00edfice levou &#8220;a nossa aridez e as nossas fadigas&#8221;, os traumas das viol\u00eancias sofridas pelos nossos irm\u00e3os e irm\u00e3s ind\u00edgenas e os terr\u00edveis efeitos da coloniza\u00e7\u00e3o, a dor indel\u00e9vel de tantas fam\u00edlias, av\u00f3s e crian\u00e7as.<\/p>\n<h2 style=\"text-align: justify;\">M\u00e3es e av\u00f3s ajudam a sarar as feridas<\/h2>\n<p style=\"text-align: justify;\">Francisco fez uma men\u00e7\u00e3o ao papel vital das mulheres nas comunidades ind\u00edgenas e recordou de sua pr\u00f3pria av\u00f3, de quem recebeu o primeiro an\u00fancio da f\u00e9 e aprendeu como se transmite o Evangelho, mediante a ternura e a sabedoria da vida. \u201cSim, porque as m\u00e3es e as av\u00f3s ajudam a sarar as feridas do cora\u00e7\u00e3o.\u201d<\/p>\n<p style=\"text-align: justify;\">Se na Am\u00e9rica Latina foi Nossa Senhora de Guadalupe que transmitiu a reta f\u00e9 aos ind\u00edgenas durante \u201ca trag\u00e9dia da conquista\u201d, no Canad\u00e1 esta &#8220;incultura\u00e7\u00e3o materna&#8221; deu-se por obra de Santa Ana, unindo a beleza das tradi\u00e7\u00f5es ind\u00edgenas \u00e0 da f\u00e9 e plasmando-as com a sabedoria de uma av\u00f3, que \u00e9 m\u00e3e duas vezes.<\/p>\n<p style=\"text-align: justify;\">De fato, a dor da comunidade ind\u00edgena \u00e9 porque as av\u00f3s ind\u00edgenas foram impedidas de transmitir a f\u00e9 na sua l\u00edngua e na sua cultura. &#8220;Uma trag\u00e9dia&#8221;, definiu o Papa.<\/p>\n<p style=\"text-align: justify;\">Por isso, todos n\u00f3s, como Igreja, precisamos de cura: precisamos \u201cser curados da tenta\u00e7\u00e3o de nos fecharmos em n\u00f3s mesmos, de escolhermos a defesa da institui\u00e7\u00e3o em vez da busca da verdade, de preferirmos o poder mundano ao servi\u00e7o evang\u00e9lico\u201d.<\/p>\n<h2 style=\"text-align: justify;\">O clamor dos \u00faltimos<\/h2>\n<p style=\"text-align: justify;\">\u00c9 hora tamb\u00e9m de ouvir os gritos dos \u00faltimos: o clamor dos idosos, que correm o risco de morrer sozinhos, o grito de adolescentes, que delegam a sua liberdade a um celular ou \u00e0s depend\u00eancias. E nos questionar: somos capazes de responder a esses gritos? Ao grito das periferias e dos ind\u00edgenas.<\/p>\n<p style=\"text-align: justify;\">\u201cQueridos irm\u00e3os e irm\u00e3s ind\u00edgenas, vim como peregrino tamb\u00e9m para lhes dizer qu\u00e3o preciosos s\u00e3o para mim e para a Igreja. Desejo que a Igreja esteja t\u00e3o unida. Que o Senhor nos ajude a avan\u00e7ar no processo de cura, rumo a um futuro sempre mais sadio e renovado.\u201d<\/p>\n<\/div>\n","protected":false},"excerpt":{"rendered":"<p>Peregrina\u00e7\u00e3o do Papa ao Lago de Santa Ana &#8220;Todos n\u00f3s, como Igreja, precisamos de cura: ser curados da tenta\u00e7\u00e3o de nos fecharmos em n\u00f3s mesmos, de escolhermos a defesa da institui\u00e7\u00e3o em vez da busca da verdade, de preferirmos o poder mundano ao servi\u00e7o evang\u00e9lico\u201d: palavras do Papa ao realizar um dos gestos mais simb\u00f3licos [&hellip;]<\/p>\n","protected":false},"author":1,"featured_media":74802,"comment_status":"open","ping_status":"closed","sticky":false,"template":"","format":"standard","meta":{"footnotes":""},"categories":[3],"tags":[],"class_list":["post-74801","post","type-post","status-publish","format-standard","has-post-thumbnail","hentry","category-vaticano"],"_links":{"self":[{"href":"https:\/\/catolicanet.net\/wp-cnet\/wp-json\/wp\/v2\/posts\/74801","targetHints":{"allow":["GET"]}}],"collection":[{"href":"https:\/\/catolicanet.net\/wp-cnet\/wp-json\/wp\/v2\/posts"}],"about":[{"href":"https:\/\/catolicanet.net\/wp-cnet\/wp-json\/wp\/v2\/types\/post"}],"author":[{"embeddable":true,"href":"https:\/\/catolicanet.net\/wp-cnet\/wp-json\/wp\/v2\/users\/1"}],"replies":[{"embeddable":true,"href":"https:\/\/catolicanet.net\/wp-cnet\/wp-json\/wp\/v2\/comments?post=74801"}],"version-history":[{"count":1,"href":"https:\/\/catolicanet.net\/wp-cnet\/wp-json\/wp\/v2\/posts\/74801\/revisions"}],"predecessor-version":[{"id":74803,"href":"https:\/\/catolicanet.net\/wp-cnet\/wp-json\/wp\/v2\/posts\/74801\/revisions\/74803"}],"wp:featuredmedia":[{"embeddable":true,"href":"https:\/\/catolicanet.net\/wp-cnet\/wp-json\/wp\/v2\/media\/74802"}],"wp:attachment":[{"href":"https:\/\/catolicanet.net\/wp-cnet\/wp-json\/wp\/v2\/media?parent=74801"}],"wp:term":[{"taxonomy":"category","embeddable":true,"href":"https:\/\/catolicanet.net\/wp-cnet\/wp-json\/wp\/v2\/categories?post=74801"},{"taxonomy":"post_tag","embeddable":true,"href":"https:\/\/catolicanet.net\/wp-cnet\/wp-json\/wp\/v2\/tags?post=74801"}],"curies":[{"name":"wp","href":"https:\/\/api.w.org\/{rel}","templated":true}]}}