{"id":74797,"date":"2022-07-27T09:22:43","date_gmt":"2022-07-27T12:22:43","guid":{"rendered":"https:\/\/catolicanet.net\/wp-cnet\/?p=74797"},"modified":"2022-07-27T15:43:42","modified_gmt":"2022-07-27T18:43:42","slug":"papa-francisco-chega-hoje-a-quebec","status":"publish","type":"post","link":"https:\/\/catolicanet.net\/wp-cnet\/papa-francisco-chega-hoje-a-quebec\/","title":{"rendered":"Papa Francisco chega hoje a Quebec"},"content":{"rendered":"<figure class=\"article__image\" style=\"text-align: justify;\"><span class=\"didascalia_img\">Papa Francisco &#8211; Santa Messa no Commonwealth Stadium\u00a0 (Vatican Media)<\/span><\/figure>\n<div class=\"article__meta audioInside\" data-mediatype=\"\">\n<div class=\"article__subTitle\" style=\"text-align: justify;\">Quarto dia do Santo Padre em terras canadenses; hoje encontro com a governadora-geral do Canad\u00e1 e com o primeiro-ministro canadense, com as autoridades civis, representantes das popula\u00e7\u00f5es ind\u00edgenas e com o corpo diplom\u00e1tico.<\/div>\n<div class=\"title__separator\" style=\"text-align: justify;\"><\/div>\n<div class=\"article__text \">\n<p style=\"text-align: justify;\">Silvonei Jos\u00e9 \u2013 Quebec \u2013 Vatican News<\/p>\n<p style=\"text-align: justify;\">Depois de se despedir dos fi\u00e9is de Edmonton o Papa Francisco se transfere nesta quarta-feira para Quebec onde se encontrar\u00e1 no dia de hoje, quarto dia em terras canadenses, com a governadora geral do Canad\u00e1 na \u201cCidadela de Qu\u00e9bec\u201d, senhora Mary May Simon. Ap\u00f3s a visita de cortesia no mesmo local o encontro com o primeiro-ministro canadense senhor Justin Trudeau e com as autoridades civis, representantes das popula\u00e7\u00f5es ind\u00edgenas e com o corpo diplom\u00e1tico.<\/p>\n<div style=\"text-align: justify;\">\n<div class=\"article__embed article__embed--unwrap article__embed--dark\">\n<div class=\"article__innerTitle\">Ou\u00e7a e compartilhe<\/div>\n<div>\n<!--[if lt IE 9]><script>document.createElement('audio');<\/script><![endif]-->\n<audio class=\"wp-audio-shortcode\" id=\"audio-74797-1\" preload=\"none\" style=\"width: 100%;\" controls=\"controls\"><source type=\"audio\/mpeg\" src=\"https:\/\/media.vaticannews.va\/media\/audio\/s1\/2022\/07\/27\/03\/136655691_F136655691.mp3?_=1\" \/><a href=\"https:\/\/media.vaticannews.va\/media\/audio\/s1\/2022\/07\/27\/03\/136655691_F136655691.mp3\">https:\/\/media.vaticannews.va\/media\/audio\/s1\/2022\/07\/27\/03\/136655691_F136655691.mp3<\/a><\/audio>\n<\/div>\n<\/div>\n<\/div>\n<p style=\"text-align: justify;\">No aeroporto da cidade o Papa Francisco, depois de percorrer 3.116 Km em pouco mais de 4 horas de voo, ser\u00e1 acolhido no meio da tarde por cinco autoridades locais.<\/p>\n<p style=\"text-align: justify;\">A Cidade de Quebec (531.902 habitantes), capital da prov\u00edncia de Quebec \u00e9 a segunda cidade mais populosa do leste do Canad\u00e1, depois de Montreal. Est\u00e1 situada \u00e0s margens do majestoso rio S\u00e3o Louren\u00e7o e desempenha um papel em grande parte administrativo no pa\u00eds. Declarada Patrim\u00f4nio Mundial pela UNESCO em 1985, \u00e9 uma cidade de car\u00e1ter europeu, francesa em sua arquitetura, e est\u00e1 entre as cidades mais antigas da Am\u00e9rica do Norte. Fundada em 1608 pelo explorador franc\u00eas Samuel de Champlain, sua hist\u00f3ria, entretanto, come\u00e7ou j\u00e1 no s\u00e9culo 16, com a chegada do explorador Jacques Cartier. O centro urbano, Quebec, deriva de uma palavra ind\u00edgena que significa &#8220;onde o rio se estreita&#8221;. Ao longo dos s\u00e9culos sofreu ocupa\u00e7\u00f5es francesas e brit\u00e2nicas e o ataque de tropas revolucion\u00e1rias dos Estados Unidos contra os brit\u00e2nicos em 1775, em uma tentativa de anexar a prov\u00edncia, posteriormente, todo o Canad\u00e1, aos nascentes Estados Unidos da Am\u00e9rica. Ass\u00e9dio ao qual conseguiu resistir. No s\u00e9culo 20, a cidade tornou-se oficialmente a capital da prov\u00edncia de Quebec.<\/p>\n<p style=\"text-align: justify;\">\u201cLa basse-ville\u201d, a cidade baixa, a antiga \u00e1rea ao longo das margens do rio, local de nascimento da Am\u00e9rica do Norte francesa, preserva sua arquitetura colonial e fortifica\u00e7\u00f5es h\u00e1 mais de 400 anos. As paredes com seus port\u00f5es ainda intactos mostram seu passado como uma fortaleza militar. A Cidadela fortificada, constru\u00edda a partir de 1820 pelas tropas brit\u00e2nicas para se defenderem de ataques externos, hoje abriga o 22\u00ba Regimento Real e seu Museu e, desde 1872, a resid\u00eancia do governador-geral.<\/p>\n<p style=\"text-align: justify;\">A governadora-geral do Canad\u00e1, senhora Mary May Simon, nasceu em Quebec, em 1947, \u00e9 filha de um ingl\u00eas, comerciante de peles e de uma mulher Inuk.<\/p>\n<p style=\"text-align: justify;\">Ela \u00e9 membro da Comiss\u00e3o de Implementa\u00e7\u00e3o da Nunavut e codiretora e secret\u00e1ria da Comiss\u00e3o Real dos Povos Abor\u00edgenes. De 1994 a 2003, ela serviu como Embaixadora para Assuntos Circumpolares, tornando-se a primeira Inuk a ocupar este cargo. De 1999 a 2001 foi embaixadora do Canad\u00e1 na Dinamarca. A partir de 2006, ela serviu dois mandatos como presidente do Inuit Tapiriit Kanatami, comprometida com a promo\u00e7\u00e3o dos direitos dos Inu\u00edtes. Em 26 de julho de 2021, ela se tornou a primeira l\u00edder ind\u00edgena a ser empossada como governadora-geral do Canad\u00e1. A senhora Simon \u00e9 casada e tem tr\u00eas filhos. Mary Simon \u00e9 a 30\u00aa governadora-geral do Canad\u00e1.<\/p>\n<p style=\"text-align: justify;\">O Papa Francisco em seu primeiro discurso em terras canadenses fez o seu\u00a0<i>\u201cpedido de perd\u00e3o pelo mal cometido por tantos crist\u00e3os contra os povos ind\u00edgenas\u201d.\u00a0<\/i>E foi sobre este pedido que Mary Simon emitiu\u00a0entre outras coisas a seguinte declara\u00e7\u00e3o:<\/p>\n<p style=\"text-align: justify;\"><i>\u201cHoje, os sobreviventes, suas fam\u00edlias e comunidades em todo o pa\u00eds ouviram Sua Santidade o Papa Francisco se desculpar, expressando palavras de profunda tristeza, arrependimento e horror pelo abuso sofrido no sistema escolar residencial\u201d.<\/i><\/p>\n<p style=\"text-align: justify;\"><i>\u201cAo longo dos anos, meses e semanas que levaram a este momento hist\u00f3rico, as comunidades ind\u00edgenas n\u00e3o mostraram nada al\u00e9m de bravura, coragem e resili\u00eancia enquanto buscavam um pedido de desculpas significativo. Hoje foi um dia que nos moveu para frente, dando voz aos sobreviventes que podem ajud\u00e1-los a se curar\u201d.\u00a0<\/i><\/p>\n<p style=\"text-align: justify;\">O Papa Francisco visita a diocese de Quebec que foi criada em 1\u00ba de outubro de 1674 tornando-se arquidiocese em 12 de janeiro de 1819. Possui 35.180 km2 e 1.304.605 habitantes, dos quais 989.869 s\u00e3o cat\u00f3licos. Possui 40 par\u00f3quias, 290 sacerdotes diocesanos (3 ordenados no \u00faltimo ano); 162 sacerdotes diocesanos regulares; 77 di\u00e1conos permanentes; 9 seminaristas dos cursos filos\u00f3fico e teol\u00f3gico; 418 membros de institutos religiosos masculinos; 1.676 membros de institutos religiosos femininos; 6 institutos educacionais; 3.937 batismos no \u00faltimo ano. O atual arcebispo de Quebec desde 2011 \u00e9 o cardeal G\u00e9rald Cyprien Lacroix, do Instituto Secular Pio X. Foi criado cardeal pelo Papa Francisco no Consist\u00f3rio de 22 de fevereiro de 2014.<\/p>\n<p style=\"text-align: justify;\">O Papa pernoitar\u00e1 hoje na sede do Arcebispado de Quebec onde jantar\u00e1 em privado.<\/p>\n<p style=\"text-align: justify;\">Amanh\u00e3, quinta-feira, o primeiro compromisso \u00e9 a visita ao Santu\u00e1rio Nacional de Sant\u2019Ana de Beaupr\u00e9 e a Santa Missa. Cerca de 70% dos fi\u00e9is que participar\u00e3o da celebra\u00e7\u00e3o no interior da Bas\u00edlica, e fora dela, s\u00e3o ind\u00edgenas. A celebra\u00e7\u00e3o ser\u00e1 em franc\u00eas e latim.<\/p>\n<p style=\"text-align: justify;\">No final do dia o Papa se dirigir\u00e1 \u00e0 Catedral de Qu\u00e9bec onde presidir\u00e1 as V\u00e9speras com os bispos, sacerdotes, di\u00e1conos, consagrados, seminaristas e agentes pastorais.<\/p>\n<p style=\"text-align: justify;\">A Catedral de Queb\u00e9c, localizada onde se erguia a primeira capela constru\u00edda por Champlain em 1633, foi edificada em 1647 sob o nome de Notre-Dame da Paz.<\/p>\n<p style=\"text-align: justify;\">Em 1664, tornou-se a primeira igreja paroquial ao norte do M\u00e9xico e foi dedicada a Nossa Senhora da Imaculada Concei\u00e7\u00e3o. Em 1674, assumiu o t\u00edtulo de Catedral, ap\u00f3s a nomea\u00e7\u00e3o de S\u00e3o Francisco de Laval como primeiro bispo da nova diocese da cidade de Quebec. Duzentos anos mais tarde, Pio IX elevou-a \u00e0 Bas\u00edlica.<\/p>\n<p style=\"text-align: justify;\">De Quebec, no Canad\u00e1, para a R\u00e1dio Vaticano, Silvonei Jos\u00e9<\/p>\n<\/div>\n<\/div>\n","protected":false},"excerpt":{"rendered":"<p>Papa Francisco &#8211; Santa Messa no Commonwealth Stadium\u00a0 (Vatican Media) Quarto dia do Santo Padre em terras canadenses; hoje encontro com a governadora-geral do Canad\u00e1 e com o primeiro-ministro canadense, com as autoridades civis, representantes das popula\u00e7\u00f5es ind\u00edgenas e com o corpo diplom\u00e1tico. Silvonei Jos\u00e9 \u2013 Quebec \u2013 Vatican News Depois de se despedir dos [&hellip;]<\/p>\n","protected":false},"author":1,"featured_media":74798,"comment_status":"open","ping_status":"closed","sticky":false,"template":"","format":"standard","meta":{"footnotes":""},"categories":[13,3],"tags":[],"class_list":["post-74797","post","type-post","status-publish","format-standard","has-post-thumbnail","hentry","category-featured","category-vaticano"],"_links":{"self":[{"href":"https:\/\/catolicanet.net\/wp-cnet\/wp-json\/wp\/v2\/posts\/74797","targetHints":{"allow":["GET"]}}],"collection":[{"href":"https:\/\/catolicanet.net\/wp-cnet\/wp-json\/wp\/v2\/posts"}],"about":[{"href":"https:\/\/catolicanet.net\/wp-cnet\/wp-json\/wp\/v2\/types\/post"}],"author":[{"embeddable":true,"href":"https:\/\/catolicanet.net\/wp-cnet\/wp-json\/wp\/v2\/users\/1"}],"replies":[{"embeddable":true,"href":"https:\/\/catolicanet.net\/wp-cnet\/wp-json\/wp\/v2\/comments?post=74797"}],"version-history":[{"count":1,"href":"https:\/\/catolicanet.net\/wp-cnet\/wp-json\/wp\/v2\/posts\/74797\/revisions"}],"predecessor-version":[{"id":74799,"href":"https:\/\/catolicanet.net\/wp-cnet\/wp-json\/wp\/v2\/posts\/74797\/revisions\/74799"}],"wp:featuredmedia":[{"embeddable":true,"href":"https:\/\/catolicanet.net\/wp-cnet\/wp-json\/wp\/v2\/media\/74798"}],"wp:attachment":[{"href":"https:\/\/catolicanet.net\/wp-cnet\/wp-json\/wp\/v2\/media?parent=74797"}],"wp:term":[{"taxonomy":"category","embeddable":true,"href":"https:\/\/catolicanet.net\/wp-cnet\/wp-json\/wp\/v2\/categories?post=74797"},{"taxonomy":"post_tag","embeddable":true,"href":"https:\/\/catolicanet.net\/wp-cnet\/wp-json\/wp\/v2\/tags?post=74797"}],"curies":[{"name":"wp","href":"https:\/\/api.w.org\/{rel}","templated":true}]}}