{"id":74768,"date":"2022-07-26T09:51:25","date_gmt":"2022-07-26T12:51:25","guid":{"rendered":"https:\/\/catolicanet.net\/wp-cnet\/?p=74768"},"modified":"2022-07-26T15:53:52","modified_gmt":"2022-07-26T18:53:52","slug":"animacao-biblica-da-pastoral-e-tematica-do-primeiro-dia-de-seminario-nacional","status":"publish","type":"post","link":"https:\/\/catolicanet.net\/wp-cnet\/animacao-biblica-da-pastoral-e-tematica-do-primeiro-dia-de-seminario-nacional\/","title":{"rendered":"ANIMA\u00c7\u00c3O B\u00cdBLICA DA PASTORAL \u00c9 TEM\u00c1TICA DO PRIMEIRO DIA DE SEMIN\u00c1RIO NACIONAL"},"content":{"rendered":"<p style=\"text-align: justify;\"><span data-contrast=\"auto\">O primeiro dia do\u00a0<a href=\"https:\/\/www.cnbb.org.br\/seminario-nacional-sobre-a-animacao-biblica-da-pastoral\/\">Semin\u00e1rio Nacional de Anima\u00e7\u00e3o B\u00edblica da Pastoral (ABP)<\/a>, promovido pela Comiss\u00e3o para a Anima\u00e7\u00e3o B\u00edblico-Catequ\u00e9tica da CNBB, aconteceu na segunda-feira, 25, e abordou a tem\u00e1tica\u00a0<strong>\u201cA Anima\u00e7\u00e3o B\u00edblica da Pastoral\u201d<\/strong>. A sauda\u00e7\u00e3o aos participantes foi feita pelo presidente da Comiss\u00e3o, dom Jos\u00e9 Ant\u00f4nio Peruzzo.\u00a0<\/span><\/p>\n<p style=\"text-align: justify;\">Na ocasi\u00e3o, dom Peruzzo salientou o quanto a Palavra de Deus move e comove sensibilidades, pessoas e disc\u00edpulos. \u201cFa\u00e7o votos que esse dias de estudos sejam tamb\u00e9m dias de intimidade com a Palavra, sejam tamb\u00e9m dias de experi\u00eancias comunit\u00e1rias, de partilhas, de esperan\u00e7as, de descobertas das ternuras de Deus que se tornaram letra na Sagrada Escritura\u201d, disse dom Peruzzo.<\/p>\n<blockquote><p>\u201cQue esses dias de estudos sejam tamb\u00e9m tra\u00e7os de santidade de disc\u00edpulos que querem se deixar ensinar por seu Senhor\u201d, finalizou.<\/p><\/blockquote>\n<p style=\"text-align: justify;\">Na sequ\u00eancia, o bispo auxiliar de Belo Horizonte (MG) e referencial da Anima\u00e7\u00e3o B\u00edblico-Catequ\u00e9tica no regional Leste 2, dom Joel Maria dos Santos, realizou um momento de ora\u00e7\u00e3o\/espiritualidade com os participantes.<\/p>\n<p style=\"text-align: justify;\">Em seguida, o<span data-contrast=\"auto\">\u00a0padre D\u00e9cio Walker falou sobre o que \u00e9 a Anima\u00e7\u00e3o B\u00edblica da Pastoral (ABP). E a\u00a0<\/span><span data-contrast=\"auto\">Mariana Ven\u00e2ncio, assessora da Comiss\u00e3o para a Anima\u00e7\u00e3o B\u00edblico-Catequ\u00e9tica, abordou a tem\u00e1tica sobre os c\u00edrculos b\u00edblicos e as experi\u00eancias contempor\u00e2neas.\u00a0<\/span><\/p>\n<p style=\"text-align: justify;\">Acompanhe o Semin\u00e1rio na \u00edntegra em:<\/p>\n<p><iframe loading=\"lazy\" title=\"Semin\u00e1rio de Anima\u00e7\u00e3o B\u00edblica da Pastoral - Primeiro Dia\" width=\"696\" height=\"392\" src=\"https:\/\/www.youtube.com\/embed\/SQJUCIhcunE?feature=oembed\" frameborder=\"0\" allow=\"accelerometer; autoplay; clipboard-write; encrypted-media; gyroscope; picture-in-picture\" allowfullscreen><\/iframe><\/p>\n<h3 style=\"text-align: justify;\"><b><span data-contrast=\"auto\">Programa\u00e7\u00e3o<\/span><\/b><strong>\u00a0dos dias 26 e 27 de julho<\/strong><\/h3>\n<p style=\"text-align: justify;\"><span data-contrast=\"auto\">No segundo dia, 26 de julho, a tem\u00e1tica ser\u00e1 a\u00a0<\/span><span data-contrast=\"auto\">ABP e o M\u00eas da B\u00edblia 2022. Neste dia ser\u00e3o aprofundados o \u201censinamento da Lei em Josu\u00e9 a forma\u00e7\u00e3o b\u00edblica hoje\u201d, al\u00e9m da tem\u00e1tica da \u201chospitalidade da Terra e as hospitalidades de hoje\u201d, com o professor Altamir Andrade.<\/span><span data-ccp-props=\"{&quot;201341983&quot;:0,&quot;335551550&quot;:6,&quot;335551620&quot;:6,&quot;335559739&quot;:160,&quot;335559740&quot;:259}\">\u00a0<\/span><\/p>\n<div class=\"ast-oembed-container\" style=\"text-align: justify;\">\n<p><iframe loading=\"lazy\" title=\"Semin\u00e1rio de Anima\u00e7\u00e3o B\u00edblica da Pastoral - Segundo Dia\" width=\"696\" height=\"392\" src=\"https:\/\/www.youtube.com\/embed\/OBUZCsEPOCk?feature=oembed\" frameborder=\"0\" allow=\"accelerometer; autoplay; clipboard-write; encrypted-media; gyroscope; picture-in-picture\" allowfullscreen><\/iframe><\/p>\n<\/div>\n<p style=\"text-align: justify;\"><span data-contrast=\"auto\">J\u00e1 no \u00faltimo dia, 27 de julho, ser\u00e3o aprofundadas as tem\u00e1ticas do \u201c<\/span><span data-contrast=\"auto\">Cerco de Jeric\u00f3: diversidade de abordagens do texto b\u00edblico no cen\u00e1rio atual\u201d, com a professora Patr\u00edcia Zaganin e \u201cAs guerras pela reconquista da Terra Prometida: como compreender hoje?\u201d, com o professor Ildo Perondi.\u00a0<\/span><span data-ccp-props=\"{&quot;201341983&quot;:0,&quot;335551550&quot;:6,&quot;335551620&quot;:6,&quot;335559739&quot;:160,&quot;335559740&quot;:259}\">\u00a0<\/span><\/p>\n<div class=\"ast-oembed-container\">\n<p><iframe loading=\"lazy\" title=\"Semin\u00e1rio de Anima\u00e7\u00e3o B\u00edblica da Pastoral - Terceiro Dia\" width=\"696\" height=\"392\" src=\"https:\/\/www.youtube.com\/embed\/SHKsjsrwKlA?feature=oembed\" frameborder=\"0\" allow=\"accelerometer; autoplay; clipboard-write; encrypted-media; gyroscope; picture-in-picture\" allowfullscreen><\/iframe><\/p>\n<\/div>\n<p>&nbsp;<\/p>\n","protected":false},"excerpt":{"rendered":"<p>O primeiro dia do\u00a0Semin\u00e1rio Nacional de Anima\u00e7\u00e3o B\u00edblica da Pastoral (ABP), promovido pela Comiss\u00e3o para a Anima\u00e7\u00e3o B\u00edblico-Catequ\u00e9tica da CNBB, aconteceu na segunda-feira, 25, e abordou a tem\u00e1tica\u00a0\u201cA Anima\u00e7\u00e3o B\u00edblica da Pastoral\u201d. A sauda\u00e7\u00e3o aos participantes foi feita pelo presidente da Comiss\u00e3o, dom Jos\u00e9 Ant\u00f4nio Peruzzo.\u00a0 Na ocasi\u00e3o, dom Peruzzo salientou o quanto a Palavra [&hellip;]<\/p>\n","protected":false},"author":1,"featured_media":74769,"comment_status":"open","ping_status":"closed","sticky":false,"template":"","format":"standard","meta":{"footnotes":""},"categories":[7],"tags":[],"class_list":["post-74768","post","type-post","status-publish","format-standard","has-post-thumbnail","hentry","category-cnbb"],"_links":{"self":[{"href":"https:\/\/catolicanet.net\/wp-cnet\/wp-json\/wp\/v2\/posts\/74768","targetHints":{"allow":["GET"]}}],"collection":[{"href":"https:\/\/catolicanet.net\/wp-cnet\/wp-json\/wp\/v2\/posts"}],"about":[{"href":"https:\/\/catolicanet.net\/wp-cnet\/wp-json\/wp\/v2\/types\/post"}],"author":[{"embeddable":true,"href":"https:\/\/catolicanet.net\/wp-cnet\/wp-json\/wp\/v2\/users\/1"}],"replies":[{"embeddable":true,"href":"https:\/\/catolicanet.net\/wp-cnet\/wp-json\/wp\/v2\/comments?post=74768"}],"version-history":[{"count":1,"href":"https:\/\/catolicanet.net\/wp-cnet\/wp-json\/wp\/v2\/posts\/74768\/revisions"}],"predecessor-version":[{"id":74770,"href":"https:\/\/catolicanet.net\/wp-cnet\/wp-json\/wp\/v2\/posts\/74768\/revisions\/74770"}],"wp:featuredmedia":[{"embeddable":true,"href":"https:\/\/catolicanet.net\/wp-cnet\/wp-json\/wp\/v2\/media\/74769"}],"wp:attachment":[{"href":"https:\/\/catolicanet.net\/wp-cnet\/wp-json\/wp\/v2\/media?parent=74768"}],"wp:term":[{"taxonomy":"category","embeddable":true,"href":"https:\/\/catolicanet.net\/wp-cnet\/wp-json\/wp\/v2\/categories?post=74768"},{"taxonomy":"post_tag","embeddable":true,"href":"https:\/\/catolicanet.net\/wp-cnet\/wp-json\/wp\/v2\/tags?post=74768"}],"curies":[{"name":"wp","href":"https:\/\/api.w.org\/{rel}","templated":true}]}}