{"id":74764,"date":"2022-07-26T09:49:48","date_gmt":"2022-07-26T12:49:48","guid":{"rendered":"https:\/\/catolicanet.net\/wp-cnet\/?p=74764"},"modified":"2022-07-26T15:50:50","modified_gmt":"2022-07-26T18:50:50","slug":"cnbb-lancara-texto-base-do-ano-vocacional-apos-missa-de-abertura-do-mes-vocacional","status":"publish","type":"post","link":"https:\/\/catolicanet.net\/wp-cnet\/cnbb-lancara-texto-base-do-ano-vocacional-apos-missa-de-abertura-do-mes-vocacional\/","title":{"rendered":"CNBB LAN\u00c7AR\u00c1 TEXTO-BASE DO ANO VOCACIONAL AP\u00d3S MISSA DE ABERTURA DO M\u00caS VOCACIONAL"},"content":{"rendered":"<p style=\"text-align: justify;\"><span data-contrast=\"auto\">No pr\u00f3ximo dia 1\u00ba de agosto ser\u00e1 celebrada a missa de abertura do m\u00eas vocacional, comemorado em agosto. A celebra\u00e7\u00e3o<\/span><span data-contrast=\"auto\">\u00a0ser\u00e1 presidida pelo bispo de Novo Hamburgo (RS) e presidente da Comiss\u00e3o para os Minist\u00e9rios Ordenados e a Vida Consagrada da CNBB, dom Jo\u00e3o Francisco Salm, \u00e0s 19h, direto da capela da sede da CNBB, em Bras\u00edlia (DF).<\/span><\/p>\n<p style=\"text-align: justify;\"><span data-contrast=\"auto\">A missa contar\u00e1 com transmiss\u00e3o das emissoras de televis\u00e3o de inspira\u00e7\u00e3o cat\u00f3lica (TV Nazar\u00e9, TV Rede S\u00e9culo 21 e TV Horizonte) e tamb\u00e9m das redes sociais da CNBB\u00a0 (<a href=\"https:\/\/www.youtube.com\/c\/CNBBNacional\" target=\"_blank\" rel=\"noopener\">Youtube<\/a>\u00a0e\u00a0<a href=\"https:\/\/www.facebook.com\/cnbbnacional\" target=\"_blank\" rel=\"noopener\">Facebook<\/a>) e da Confer\u00eancia dos Religiosos do Brasil, a CRB Nacional (<a href=\"https:\/\/www.youtube.com\/c\/Comunica%C3%A7%C3%A3oCRBNacional\" target=\"_blank\" rel=\"noopener\">Youtube<\/a>\u00a0e\u00a0<a href=\"https:\/\/www.facebook.com\/CRBNACIONAL\/\" target=\"_blank\" rel=\"noopener\">Facebook<\/a>).\u00a0<\/span><\/p>\n<p style=\"text-align: justify;\"><span data-contrast=\"auto\"><img loading=\"lazy\" decoding=\"async\" class=\"alignleft wp-image-918877  lazyloaded\" src=\"https:\/\/eadn-wc02-718006.nxedge.io\/cdn\/wp-content\/uploads\/2022\/07\/Prancheta-4-1-1024x541.png\" sizes=\"auto, (max-width: 443px) 100vw, 443px\" srcset=\"https:\/\/eadn-wc02-718006.nxedge.io\/cdn\/wp-content\/uploads\/2022\/07\/Prancheta-4-1-1024x541.png 1024w, https:\/\/eadn-wc02-718006.nxedge.io\/cdn\/wp-content\/uploads\/2022\/07\/Prancheta-4-1-300x159.png 300w, https:\/\/eadn-wc02-718006.nxedge.io\/cdn\/wp-content\/uploads\/2022\/07\/Prancheta-4-1-768x406.png 768w, https:\/\/eadn-wc02-718006.nxedge.io\/cdn\/wp-content\/uploads\/2022\/07\/Prancheta-4-1-500x264.png 500w, https:\/\/eadn-wc02-718006.nxedge.io\/cdn\/wp-content\/uploads\/2022\/07\/Prancheta-4-1.png 1203w\" alt=\"\" width=\"443\" height=\"234\" data-srcset=\"https:\/\/eadn-wc02-718006.nxedge.io\/cdn\/wp-content\/uploads\/2022\/07\/Prancheta-4-1-1024x541.png 1024w, https:\/\/eadn-wc02-718006.nxedge.io\/cdn\/wp-content\/uploads\/2022\/07\/Prancheta-4-1-300x159.png 300w, https:\/\/eadn-wc02-718006.nxedge.io\/cdn\/wp-content\/uploads\/2022\/07\/Prancheta-4-1-768x406.png 768w, https:\/\/eadn-wc02-718006.nxedge.io\/cdn\/wp-content\/uploads\/2022\/07\/Prancheta-4-1-500x264.png 500w, https:\/\/eadn-wc02-718006.nxedge.io\/cdn\/wp-content\/uploads\/2022\/07\/Prancheta-4-1.png 1203w\" data-src=\"https:\/\/eadn-wc02-718006.nxedge.io\/cdn\/wp-content\/uploads\/2022\/07\/Prancheta-4-1-1024x541.png\" data-sizes=\"(max-width: 443px) 100vw, 443px\" \/><\/span><\/p>\n<p style=\"text-align: justify;\"><span data-contrast=\"auto\">Logo ap\u00f3s a missa, a partir das 21h, ser\u00e1 lan\u00e7ado em uma live\u00a0<a href=\"https:\/\/www.edicoescnbb.com.br\/3o-ano-vocacional-do-brasil-2022-2023-texto-base\" target=\"_blank\" rel=\"noopener\">o texto base do 3\u00b0 ano vocacional do Brasil, que tem como tema \u201cVoca\u00e7\u00e3o:\u00a0 Gra\u00e7a e Miss\u00e3o\u201d<\/a>.<\/span><\/p>\n<p style=\"text-align: justify;\"><span data-contrast=\"auto\">O bate-papo contar\u00e1 com a participa\u00e7\u00e3o da irm\u00e3 Maristela Ganassini, do\u00a0<\/span>Setor Juventude e Voca\u00e7\u00f5es da CRB<span data-contrast=\"auto\">; do referencial da Pastoral Vocacional, dom Jos\u00e9 Albuquerque e do presidente da Comiss\u00e3o para os Minist\u00e9rios Ordenados e a Vida Consagrada da CNBB, dom Jo\u00e3o Francisco Salm. A transmiss\u00e3o ser\u00e1 pelas redes sociais da CNBB, Edi\u00e7\u00f5es CNBB e Confer\u00eancia dos Religiosos do Brasil (CRB).\u00a0<\/span><\/p>\n<p style=\"text-align: justify;\"><span data-contrast=\"auto\">Tamb\u00e9m durante o m\u00eas de agosto ser\u00e3o realizados encontros on-line inspirados no tema do m\u00eas vocacional. A iniciativa \u00e9 promovida pelo Servi\u00e7o de Anima\u00e7\u00e3o Vocacional\/Pastoral Vocacional e acontecer\u00e1 sempre aos s\u00e1bados, \u00e0s 10h, com diversas forma\u00e7\u00f5es, com o objetivo de promover reflex\u00e3o e intera\u00e7\u00e3o vocacional. A transmiss\u00e3o ser\u00e1 pelas redes sociais da pastoral vocacional. As inscri\u00e7\u00f5es podem ser feitas no site: mesvocacional.rogate.org.br\/.<\/span><\/p>\n<p style=\"text-align: justify;\"><img loading=\"lazy\" decoding=\"async\" class=\"aligncenter wp-image-919194 size-full lazyloaded\" src=\"https:\/\/eadn-wc02-718006.nxedge.io\/cdn\/wp-content\/uploads\/2022\/07\/horavocacionalinscricao-1024x267-1.jpg\" sizes=\"auto, (max-width: 1024px) 100vw, 1024px\" srcset=\"https:\/\/eadn-wc02-718006.nxedge.io\/cdn\/wp-content\/uploads\/2022\/07\/horavocacionalinscricao-1024x267-1.jpg 1024w, https:\/\/eadn-wc02-718006.nxedge.io\/cdn\/wp-content\/uploads\/2022\/07\/horavocacionalinscricao-1024x267-1-300x78.jpg 300w, https:\/\/eadn-wc02-718006.nxedge.io\/cdn\/wp-content\/uploads\/2022\/07\/horavocacionalinscricao-1024x267-1-768x200.jpg 768w, https:\/\/eadn-wc02-718006.nxedge.io\/cdn\/wp-content\/uploads\/2022\/07\/horavocacionalinscricao-1024x267-1-500x130.jpg 500w\" alt=\"\" width=\"1024\" height=\"267\" data-srcset=\"https:\/\/eadn-wc02-718006.nxedge.io\/cdn\/wp-content\/uploads\/2022\/07\/horavocacionalinscricao-1024x267-1.jpg 1024w, https:\/\/eadn-wc02-718006.nxedge.io\/cdn\/wp-content\/uploads\/2022\/07\/horavocacionalinscricao-1024x267-1-300x78.jpg 300w, https:\/\/eadn-wc02-718006.nxedge.io\/cdn\/wp-content\/uploads\/2022\/07\/horavocacionalinscricao-1024x267-1-768x200.jpg 768w, https:\/\/eadn-wc02-718006.nxedge.io\/cdn\/wp-content\/uploads\/2022\/07\/horavocacionalinscricao-1024x267-1-500x130.jpg 500w\" data-src=\"https:\/\/eadn-wc02-718006.nxedge.io\/cdn\/wp-content\/uploads\/2022\/07\/horavocacionalinscricao-1024x267-1.jpg\" data-sizes=\"(max-width: 1024px) 100vw, 1024px\" \/><\/p>\n<h3 style=\"text-align: justify;\"><strong>O Cartaz do M\u00eas Vocacional\u00a0<\/strong><\/h3>\n<p style=\"text-align: justify;\">O autor do cartaz do M\u00eas Vocacional \u00e9 o padre Reinaldo Leit\u00e3o, natural do Maranh\u00e3o, sacerdote e religioso rogacionista, atualmente diretor da Revista Rogate de Anima\u00e7\u00e3o Vocacional. \u00c9 formado em Design Gr\u00e1fico pela Universidade Paulista (Unip) e mestre em Tecnologia da Intelig\u00eancia e Design Digital pela Pontif\u00edcia Universidade Cat\u00f3lica de S\u00e3o Paulo (PUC\/SP).<\/p>\n<p style=\"text-align: justify;\"><img loading=\"lazy\" decoding=\"async\" class=\"size-medium wp-image-863170 alignleft ls-is-cached lazyloaded\" src=\"https:\/\/eadn-wc02-718006.nxedge.io\/cdn\/wp-content\/uploads\/2022\/02\/Cartaz-do-Mes-Vocacional-1-300x170.jpeg\" sizes=\"auto, (max-width: 300px) 100vw, 300px\" srcset=\"https:\/\/eadn-wc02-718006.nxedge.io\/cdn\/wp-content\/uploads\/2022\/02\/Cartaz-do-Mes-Vocacional-1-300x170.jpeg 300w, https:\/\/eadn-wc02-718006.nxedge.io\/cdn\/wp-content\/uploads\/2022\/02\/Cartaz-do-Mes-Vocacional-1-768x435.jpeg 768w, https:\/\/eadn-wc02-718006.nxedge.io\/cdn\/wp-content\/uploads\/2022\/02\/Cartaz-do-Mes-Vocacional-1-500x283.jpeg 500w, https:\/\/eadn-wc02-718006.nxedge.io\/cdn\/wp-content\/uploads\/2022\/02\/Cartaz-do-Mes-Vocacional-1-700x400.jpeg 700w, https:\/\/eadn-wc02-718006.nxedge.io\/cdn\/wp-content\/uploads\/2022\/02\/Cartaz-do-Mes-Vocacional-1.jpeg 848w\" alt=\"\" width=\"300\" height=\"170\" data-srcset=\"https:\/\/eadn-wc02-718006.nxedge.io\/cdn\/wp-content\/uploads\/2022\/02\/Cartaz-do-Mes-Vocacional-1-300x170.jpeg 300w, https:\/\/eadn-wc02-718006.nxedge.io\/cdn\/wp-content\/uploads\/2022\/02\/Cartaz-do-Mes-Vocacional-1-768x435.jpeg 768w, https:\/\/eadn-wc02-718006.nxedge.io\/cdn\/wp-content\/uploads\/2022\/02\/Cartaz-do-Mes-Vocacional-1-500x283.jpeg 500w, https:\/\/eadn-wc02-718006.nxedge.io\/cdn\/wp-content\/uploads\/2022\/02\/Cartaz-do-Mes-Vocacional-1-700x400.jpeg 700w, https:\/\/eadn-wc02-718006.nxedge.io\/cdn\/wp-content\/uploads\/2022\/02\/Cartaz-do-Mes-Vocacional-1.jpeg 848w\" data-src=\"https:\/\/eadn-wc02-718006.nxedge.io\/cdn\/wp-content\/uploads\/2022\/02\/Cartaz-do-Mes-Vocacional-1-300x170.jpeg\" data-sizes=\"(max-width: 300px) 100vw, 300px\" \/>Na arte, o Cristo ressuscitado busca evidenciar a boa not\u00edcia, o autor da vida, do chamado vocacional e da miss\u00e3o.<\/p>\n<p style=\"text-align: justify;\">O Cora\u00e7\u00e3o e m\u00e3os chagadas representam o amor, a doa\u00e7\u00e3o e os desafios na promo\u00e7\u00e3o e no cuidado para com a vida, dom vocacional.<\/p>\n<p style=\"text-align: justify;\">A Cruz, de acordo com o padre Reinaldo, significa a vit\u00f3ria da vida sobre a morte, \u00e1rvore da vida e esperan\u00e7a.\u00a0 A mulher representa o primeiro an\u00fancio e testemunho vocacional.<\/p>\n<p style=\"text-align: justify;\">A Luz e Caminho representa a f\u00e9 que ilumina todo o itiner\u00e1rio e a miss\u00e3o vocacional.<\/p>\n<blockquote><p>\u201cCristo Vive! O cartaz foi inspirado nesta certeza de f\u00e9, impulsionando-nos sempre mais para o testemunho da vida \u00a0que vence a morte e d\u00e1-nos a salva\u00e7\u00e3o\u201d, diz o autor.<\/p><\/blockquote>\n<p style=\"text-align: justify;\">Baixe o cartaz (<a href=\"https:\/\/www.cnbb.org.br\/wp-content\/uploads\/2021\/12\/cartazmesvocacional2022_pdf_3-1.pdf\">AQUI<\/a>).<\/p>\n","protected":false},"excerpt":{"rendered":"<p>No pr\u00f3ximo dia 1\u00ba de agosto ser\u00e1 celebrada a missa de abertura do m\u00eas vocacional, comemorado em agosto. A celebra\u00e7\u00e3o\u00a0ser\u00e1 presidida pelo bispo de Novo Hamburgo (RS) e presidente da Comiss\u00e3o para os Minist\u00e9rios Ordenados e a Vida Consagrada da CNBB, dom Jo\u00e3o Francisco Salm, \u00e0s 19h, direto da capela da sede da CNBB, em [&hellip;]<\/p>\n","protected":false},"author":1,"featured_media":74765,"comment_status":"open","ping_status":"closed","sticky":false,"template":"","format":"standard","meta":{"footnotes":""},"categories":[7,13],"tags":[],"class_list":["post-74764","post","type-post","status-publish","format-standard","has-post-thumbnail","hentry","category-cnbb","category-featured"],"_links":{"self":[{"href":"https:\/\/catolicanet.net\/wp-cnet\/wp-json\/wp\/v2\/posts\/74764","targetHints":{"allow":["GET"]}}],"collection":[{"href":"https:\/\/catolicanet.net\/wp-cnet\/wp-json\/wp\/v2\/posts"}],"about":[{"href":"https:\/\/catolicanet.net\/wp-cnet\/wp-json\/wp\/v2\/types\/post"}],"author":[{"embeddable":true,"href":"https:\/\/catolicanet.net\/wp-cnet\/wp-json\/wp\/v2\/users\/1"}],"replies":[{"embeddable":true,"href":"https:\/\/catolicanet.net\/wp-cnet\/wp-json\/wp\/v2\/comments?post=74764"}],"version-history":[{"count":1,"href":"https:\/\/catolicanet.net\/wp-cnet\/wp-json\/wp\/v2\/posts\/74764\/revisions"}],"predecessor-version":[{"id":74766,"href":"https:\/\/catolicanet.net\/wp-cnet\/wp-json\/wp\/v2\/posts\/74764\/revisions\/74766"}],"wp:featuredmedia":[{"embeddable":true,"href":"https:\/\/catolicanet.net\/wp-cnet\/wp-json\/wp\/v2\/media\/74765"}],"wp:attachment":[{"href":"https:\/\/catolicanet.net\/wp-cnet\/wp-json\/wp\/v2\/media?parent=74764"}],"wp:term":[{"taxonomy":"category","embeddable":true,"href":"https:\/\/catolicanet.net\/wp-cnet\/wp-json\/wp\/v2\/categories?post=74764"},{"taxonomy":"post_tag","embeddable":true,"href":"https:\/\/catolicanet.net\/wp-cnet\/wp-json\/wp\/v2\/tags?post=74764"}],"curies":[{"name":"wp","href":"https:\/\/api.w.org\/{rel}","templated":true}]}}