{"id":74759,"date":"2022-07-26T09:46:23","date_gmt":"2022-07-26T12:46:23","guid":{"rendered":"https:\/\/catolicanet.net\/wp-cnet\/?p=74759"},"modified":"2022-07-26T15:48:34","modified_gmt":"2022-07-26T18:48:34","slug":"o-papa-nao-se-pode-anunciar-deus-de-modo-contrario-a-deus-e-preciso-recomecar","status":"publish","type":"post","link":"https:\/\/catolicanet.net\/wp-cnet\/o-papa-nao-se-pode-anunciar-deus-de-modo-contrario-a-deus-e-preciso-recomecar\/","title":{"rendered":"O Papa: n\u00e3o se pode anunciar Deus de modo contr\u00e1rio a Deus; \u00e9 preciso recome\u00e7ar"},"content":{"rendered":"<p>2022.07.25 Viagem ao Canad\u00e1<\/p>\n<div class=\"article__subTitle\" style=\"text-align: justify;\">\u201cNaqueles que sofreram tremendamente por causa de homens e mulheres que deviam dar testemunho de vida crist\u00e3, imagino a dificuldade que podem sentir em divisar qualquer perspetiva de reconcilia\u00e7\u00e3o. A dignidade violada, o mal suportado, a confian\u00e7a tra\u00edda, nada os pode cancelar. Tampouco se deve jamais cancelar a vergonha sentida por n\u00f3s, crentes. Mas \u00e9 necess\u00e1rio recome\u00e7ar\u201d, disse o Papa Francisco em seu segundo discurso em terras canadenses, em que refletiu sobre a reconcilia\u00e7\u00e3o<\/div>\n<div class=\"title__separator\" style=\"text-align: justify;\"><\/div>\n<div class=\"article__text \">\n<p style=\"text-align: justify;\"><b>Raimundo de Lima &#8211; Vatican News<\/b><\/p>\n<p style=\"text-align: justify;\">\u201cTamb\u00e9m na Igreja, a ciz\u00e2nia se mistura com o trigo bom. Foi precisamente por causa dessa ciz\u00e2nia que desejei fazer esta peregrina\u00e7\u00e3o penitencial e inici\u00e1-la, esta manh\u00e3, recordando o mal sofrido pelas popula\u00e7\u00f5es ind\u00edgenas, da parte de tantos crist\u00e3os, e pedindo perd\u00e3o lamentando-o\u201d: em seu segundo discurso em terras canadenses, o Papa Francisco ressaltou, mais uma vez, o sentido profundo desta sua peregrina\u00e7\u00e3o penitencial, ao encontrar no final da tarde desta segunda-feira (25\/07) as popula\u00e7\u00f5es ind\u00edgenas e membros da comunidade paroquial na Igreja do Sagrado Cora\u00e7\u00e3o de Edmonton.<\/p>\n<h2 style=\"text-align: justify;\">A educa\u00e7\u00e3o jamais poder\u00e1 ser algo que se h\u00e1 de impor<\/h2>\n<div style=\"text-align: justify;\">\n<div class=\"article__embed article__embed--unwrap article__embed--dark\">\n<div class=\"article__innerTitle\">Ou\u00e7a a reportagem com a voz do Papa Francisco<\/div>\n<div>\n<!--[if lt IE 9]><script>document.createElement('audio');<\/script><![endif]-->\n<audio class=\"wp-audio-shortcode\" id=\"audio-74759-1\" preload=\"none\" style=\"width: 100%;\" controls=\"controls\"><source type=\"audio\/mpeg\" src=\"https:\/\/media.vaticannews.va\/media\/audio\/s1\/2022\/07\/26\/13\/136654505_F136654505.mp3?_=1\" \/><a href=\"https:\/\/media.vaticannews.va\/media\/audio\/s1\/2022\/07\/26\/13\/136654505_F136654505.mp3\">https:\/\/media.vaticannews.va\/media\/audio\/s1\/2022\/07\/26\/13\/136654505_F136654505.mp3<\/a><\/audio>\n<\/div>\n<\/div>\n<\/div>\n<p style=\"text-align: justify;\">Ap\u00f3s no encontro precedente j\u00e1 ter pedido perd\u00e3o pelo mal cometido por tantos crist\u00e3os contra os povos ind\u00edgenas, Francisco disse desta feita custar-lhe \u201cpensar que cat\u00f3licos tenham contribu\u00eddo para as pol\u00edticas de assimila\u00e7\u00e3o e alforria que transmitiam um sentido de inferioridade, despojando comunidades e pessoas das suas identidades culturais e espirituais, cortando as suas ra\u00edzes e alimentando atitudes preconceituosas e discriminat\u00f3rias, e que isso tenha sido feito tamb\u00e9m em nome duma educa\u00e7\u00e3o que se supunha crist\u00e3\u201d.<\/p>\n<p style=\"text-align: justify;\">A educa\u00e7\u00e3o, frisou o Papa, deve partir sempre do respeito e da promo\u00e7\u00e3o dos talentos que j\u00e1 existem nas pessoas. N\u00e3o \u00e9, nem jamais poder\u00e1 ser, algo pr\u00e9-confecionado que se h\u00e1 de impor, porque educar \u00e9 a aventura de explorar e descobrir, juntos, o mist\u00e9rio da vida. Gra\u00e7as a Deus, atrav\u00e9s do encontro em par\u00f3quias como esta, edificam-se dia ap\u00f3s dia as bases para a cura e a reconcilia\u00e7\u00e3o.<\/p>\n<h2 style=\"text-align: justify;\">Jesus reconcilia por meio da cruz<\/h2>\n<p style=\"text-align: justify;\"><i>Reconcilia\u00e7\u00e3o<\/i>: sobre esta palavra o Santo Padre quis, no final da tarde deste seu primeiro dia de atividades em terras canadenses, partilhar algumas reflex\u00f5es. \u201cA prop\u00f3sito, que nos sugere Jesus, que significado tem ela para n\u00f3s hoje? \u2013 perguntou. \u201cQueridos amigos, a reconcilia\u00e7\u00e3o realizada por Cristo n\u00e3o foi um acordo externo de paz, uma esp\u00e9cie de compromisso para contentar as v\u00e1rias partes. Tampouco foi uma paz ca\u00edda do C\u00e9u, chegada por imposi\u00e7\u00e3o do alto ou por apropria\u00e7\u00e3o do outro.\u201d<\/p>\n<p style=\"text-align: justify;\">O ap\u00f3stolo Paulo, ressaltou o Pont\u00edfice, \u201cexplica que Jesus reconcilia juntando, fazendo de duas realidades distantes uma \u00fanica realidade, uma coisa s\u00f3, um s\u00f3 povo. E como o faz? Por meio da cruz. \u00c9 Jesus que nos reconcilia uns com os outros na cruz, naquela \u00e1rvore da vida, como gostavam de lhe chamar os antigos crist\u00e3os\u201d.<\/p>\n<h2 style=\"text-align: justify;\">\u00c9 necess\u00e1rio recome\u00e7ar<\/h2>\n<p style=\"text-align: justify;\">\u201cV\u00f3s, queridos irm\u00e3os e irm\u00e3s ind\u00edgenas &#8211; acrescentou -, tendes muito a ensinar sobre o significado vital da \u00e1rvore, que, unida \u00e0 terra pelas ra\u00edzes, nos d\u00e1 oxig\u00e9nio atrav\u00e9s das folhas e nutre com os seus frutos. E \u00e9 belo ver a simbologia da \u00e1rvore representada na fisionomia desta igreja, onde um tronco une ao terreno o altar sobre o qual Jesus nos reconcilia na Eucaristia, \u2018ato de amor c\u00f3smico\u2019 que \u2018une o c\u00e9u e a terra, abra\u00e7a e penetra toda a cria\u00e7\u00e3o\u2019.\u201d Francisco acrescentou que Jesus reconcilia na cruz; une mesmo o que antes parecia impens\u00e1vel e imperdo\u00e1vel; abra\u00e7a tudo e todos.<\/p>\n<p style=\"text-align: justify;\">\u201cIrm\u00e3os, irm\u00e3s, que significa isto para quem carrega dentro de si feridas t\u00e3o dolorosas? Naqueles que sofreram tremendamente por causa de homens e mulheres que deviam dar testemunho de vida crist\u00e3, imagino a dificuldade que podem sentir em divisar qualquer perspetiva de reconcilia\u00e7\u00e3o. A dignidade violada, o mal suportado, a confian\u00e7a tra\u00edda, nada os pode cancelar. Tampouco se deve jamais cancelar a vergonha sentida por n\u00f3s, crentes. Mas \u00e9 necess\u00e1rio recome\u00e7ar\u201d, exortou Francisco.<\/p>\n<h2 style=\"text-align: justify;\">Olhar juntos para Cristo, o amor tra\u00eddo e crucificado por n\u00f3s<\/h2>\n<p style=\"text-align: justify;\">\u201cE Jesus prop\u00f5e-nos, n\u00e3o palavras e bons prop\u00f3sitos, mas a cruz, aquele amor escandaloso que se deixa trespassar os p\u00e9s e os pulsos por cravos, e perfurar a cabe\u00e7a de espinhos. Tal \u00e9 a dire\u00e7\u00e3o a seguir: olhar juntos para Cristo, o amor tra\u00eddo e crucificado por n\u00f3s; olhar para Jesus, crucificado em tantos alunos das escolas residenciais. Se queremos reconciliar-nos entre n\u00f3s e dentro de n\u00f3s, reconciliar-nos com o passado, com as injusti\u00e7as sofridas e a mem\u00f3ria ferida, com vicissitudes traumatizantes que nenhuma consola\u00e7\u00e3o humana pode curar, h\u00e1 que elevar o olhar para Jesus crucificado, a paz deve ser bebida do seu altar. Porque \u00e9 precisamente na \u00e1rvore da cruz que o sofrimento se transforma em amor, a morte em vida, a dece\u00e7\u00e3o em esperan\u00e7a, o abandono em comunh\u00e3o, a dist\u00e2ncia em unidade\u201d, continuou o Papa.<\/p>\n<p style=\"text-align: justify;\">Francisco lembrou que \u201ca reconcilia\u00e7\u00e3o n\u00e3o \u00e9 tanto obra nossa, como \u00e9 sobretudo um dom que brota do Crucificado, \u00e9 paz que vem do Cora\u00e7\u00e3o de Jesus, \u00e9 uma gra\u00e7a que deve ser implorada\u201d.<\/p>\n<h2 style=\"text-align: justify;\">Que n\u00e3o se volte mais a proceder assim na Igreja<\/h2>\n<p style=\"text-align: justify;\">O Santo Padre ressaltou ainda em sua reflex\u00e3o que \u201cn\u00e3o sustenta com o seu Esp\u00edrito quem subjuga os outros, quem confunde o Evangelho da reconcilia\u00e7\u00e3o com o proselitismo. Pois n\u00e3o se pode anunciar Deus de modo contr\u00e1rio a Deus. E todavia, quantas vezes sucedeu na hist\u00f3ria! Enquanto Deus se limita humildemente a propor-Se, n\u00f3s temos sempre a tenta\u00e7\u00e3o de O impor e de nos impormos em seu nome. \u00c9 a tenta\u00e7\u00e3o mundana de faz\u00ea-Lo descer da cruz, para O manifestar com a for\u00e7a e a apar\u00eancia. Mas Jesus reconcilia na cruz, n\u00e3o descendo da cruz. Em terra, \u00e0 volta da cruz, estavam aqueles que pensavam em si mesmos e tentavam Cristo repetindo-Lhe que Se salvasse a Si mesmo, sem pensar nos outros. Em nome de Jesus, pe\u00e7o que n\u00e3o se volte mais a proceder assim na Igreja. Que Jesus seja anunciado como Ele deseja, na liberdade e na caridade, e cada pessoa crucificada que encontrarmos n\u00e3o seja para n\u00f3s um caso a resolver, mas um irm\u00e3o ou irm\u00e3 a amar, carne de Cristo a amar. Que a Igreja, Corpo de Cristo, seja corpo vivo de reconcilia\u00e7\u00e3o!\u201d, exortou.<\/p>\n<p style=\"text-align: justify;\">O Santo Padre concluiu seu discurso dirigindo-se em ora\u00e7\u00e3o a Cristo: \u201c\u00d3 Jesus, crucificado e ressuscitado, que habitais neste vosso povo, que desejais resplandecer atrav\u00e9s das nossas comunidades e das nossas culturas, tomai-nos pela m\u00e3o e, mesmo nos desertos da hist\u00f3ria, guiai os nossos passos pelo caminho da reconcilia\u00e7\u00e3o. Am\u00e9m&#8221;.<\/p>\n<div>\n<div class=\"article__embed article__embed--unwrap article__embed--dark\">\n<div class=\"embed-container\">\n<p><iframe loading=\"lazy\" title=\"Edmonton, Encontro com popula\u00e7\u00f5es ind\u00edgenas e membros das comunidades paroquiais, Papa Francisco\" width=\"696\" height=\"392\" src=\"https:\/\/www.youtube.com\/embed\/_CAi82Q0C00?feature=oembed\" frameborder=\"0\" allow=\"accelerometer; autoplay; clipboard-write; encrypted-media; gyroscope; picture-in-picture\" allowfullscreen><\/iframe><\/p>\n<\/div>\n<div class=\"article__innerTitle\">Edmonton, Encontro com popula\u00e7\u00f5es ind\u00edgenas e membros das comunidades paroquiais, Papa Francisco<\/div>\n<\/div>\n<\/div>\n<\/div>\n","protected":false},"excerpt":{"rendered":"<p>2022.07.25 Viagem ao Canad\u00e1 \u201cNaqueles que sofreram tremendamente por causa de homens e mulheres que deviam dar testemunho de vida crist\u00e3, imagino a dificuldade que podem sentir em divisar qualquer perspetiva de reconcilia\u00e7\u00e3o. A dignidade violada, o mal suportado, a confian\u00e7a tra\u00edda, nada os pode cancelar. Tampouco se deve jamais cancelar a vergonha sentida por [&hellip;]<\/p>\n","protected":false},"author":1,"featured_media":74760,"comment_status":"open","ping_status":"closed","sticky":false,"template":"","format":"standard","meta":{"footnotes":""},"categories":[3],"tags":[],"class_list":["post-74759","post","type-post","status-publish","format-standard","has-post-thumbnail","hentry","category-vaticano"],"_links":{"self":[{"href":"https:\/\/catolicanet.net\/wp-cnet\/wp-json\/wp\/v2\/posts\/74759","targetHints":{"allow":["GET"]}}],"collection":[{"href":"https:\/\/catolicanet.net\/wp-cnet\/wp-json\/wp\/v2\/posts"}],"about":[{"href":"https:\/\/catolicanet.net\/wp-cnet\/wp-json\/wp\/v2\/types\/post"}],"author":[{"embeddable":true,"href":"https:\/\/catolicanet.net\/wp-cnet\/wp-json\/wp\/v2\/users\/1"}],"replies":[{"embeddable":true,"href":"https:\/\/catolicanet.net\/wp-cnet\/wp-json\/wp\/v2\/comments?post=74759"}],"version-history":[{"count":1,"href":"https:\/\/catolicanet.net\/wp-cnet\/wp-json\/wp\/v2\/posts\/74759\/revisions"}],"predecessor-version":[{"id":74761,"href":"https:\/\/catolicanet.net\/wp-cnet\/wp-json\/wp\/v2\/posts\/74759\/revisions\/74761"}],"wp:featuredmedia":[{"embeddable":true,"href":"https:\/\/catolicanet.net\/wp-cnet\/wp-json\/wp\/v2\/media\/74760"}],"wp:attachment":[{"href":"https:\/\/catolicanet.net\/wp-cnet\/wp-json\/wp\/v2\/media?parent=74759"}],"wp:term":[{"taxonomy":"category","embeddable":true,"href":"https:\/\/catolicanet.net\/wp-cnet\/wp-json\/wp\/v2\/categories?post=74759"},{"taxonomy":"post_tag","embeddable":true,"href":"https:\/\/catolicanet.net\/wp-cnet\/wp-json\/wp\/v2\/tags?post=74759"}],"curies":[{"name":"wp","href":"https:\/\/api.w.org\/{rel}","templated":true}]}}