{"id":74747,"date":"2022-07-25T09:41:35","date_gmt":"2022-07-25T12:41:35","guid":{"rendered":"https:\/\/catolicanet.net\/wp-cnet\/?p=74747"},"modified":"2022-07-25T12:43:40","modified_gmt":"2022-07-25T15:43:40","slug":"santuario-do-brasil-transmite-missa-no-metaverso","status":"publish","type":"post","link":"https:\/\/catolicanet.net\/wp-cnet\/santuario-do-brasil-transmite-missa-no-metaverso\/","title":{"rendered":"Santu\u00e1rio do Brasil transmite Missa no metaverso"},"content":{"rendered":"<h2 class=\"subtitle\" style=\"text-align: justify;\">Um passo important\u00edssimo para a evangeliza\u00e7\u00e3o neste novo ambiente virtual<\/h2>\n<p style=\"text-align: justify;\">AMissa do Santu\u00e1rio da Vida, da Rede Vida, estreou no metaverso. A primeira celebra\u00e7\u00e3o neste espa\u00e7o digital aconteceu na quarta-feira, dia 20 de julho, e foi transmitida em tempo real tanto para a TV quanto para o novo ambiente virtual.<\/p>\n<p style=\"text-align: justify;\">O Pe. Marcio Tadeu presidiu a Missa hist\u00f3rica. Segundo ele, o Santu\u00e1rio da Vida \u00e9 o primeiro do mundo a marcar presen\u00e7a no metaverso. \u201cHoje \u00e9 um dia muito especial para n\u00f3s, porque n\u00f3s fazemos a primeira transmiss\u00e3o da Rede Vida de Televis\u00e3o \u2013 e desta Missa \u2013 no metaverso, que \u00e9 o futuro das redes sociais\u201d, afirmou o sacerdote.<\/p>\n<p style=\"text-align: justify;\">Nesta primeira transmiss\u00e3o, 20 convidados puderam acompanhar a Missa no ambiente digital a partir de suas casas e atrav\u00e9s de seus computadores. Eles entraram em uma r\u00e9plica digital em 3D do santu\u00e1rio no metaverso, puderam caminhar virtualmente pelo local, sentar nos bancos e acompanhar ao vivo a celebra\u00e7\u00e3o que acontecia ao mesmo tempo no mundo real.<\/p>\n<div class=\"wp-block-aleteia-heading3\" style=\"text-align: justify;\">\n<h3>O santu\u00e1rio no metaverso<\/h3>\n<\/div>\n<p style=\"text-align: justify;\">O inventor digital Marco Carvalho, que vive em Los Angeles e j\u00e1 desenvolveu solu\u00e7\u00f5es tecnol\u00f3gicas para Universal Studios, Disney e Rock in Rio, foi um dos profissionais respons\u00e1veis por criar a r\u00e9plica do Santu\u00e1rio da Vida no metaverso. E a capela virtual ficou igualzinha \u00e0 real.<\/p>\n<p style=\"text-align: justify;\">\u201c\u00c9 um lugar de encontro\u2026 A gente enxergou que, ao fazer isso dentro do santu\u00e1rio no metaverso, voc\u00ea se sente pr\u00f3ximo do outro e tem uma experi\u00eancia mais pr\u00f3xima de ir fisicamente ao santu\u00e1rio\u201d, declarou Carvalho ao\u00a0<a href=\"https:\/\/www.redevida.com.br\/programacao\/jctv\/videos\/missa-no-santuario-da-vida-e-transmitida-pelo-metaverso#jornalismo\" target=\"_blank\" rel=\"noopener\">Jornal da Vida<\/a>.<\/p>\n<p style=\"text-align: justify;\">O Pe. M\u00e1rcio Tadeu tamb\u00e9m afirmou que o objetivo \u00e9 levar os jovens a assistirem \u00e0 Missa no universo digital: \u201cOs jovens j\u00e1 est\u00e3o entrando no metaverso \u2013 uma coisa que parecia loucura dois ou tr\u00eas anos atr\u00e1s, hoje j\u00e1 \u00e9 uma realidade\u201d.<\/p>\n<div class=\"wp-block-aleteia-heading3\" style=\"text-align: justify;\">\n<h3>O real e o virtual na evangeliza\u00e7\u00e3o<\/h3>\n<\/div>\n<p style=\"text-align: justify;\">Para Mariana Monteiro, que \u00e9 diretora criativa da Rede Vida, o ambiente virtual n\u00e3o deve substituir o real na evangeliza\u00e7\u00e3o. \u201cA Missa ao vivo em formato metaverso \u00e9 mais uma novidade da Rede Vida de Televis\u00e3o dentro das novas tecnologias. Queremos divulgar a Boa-Nova e celebrar a Eucaristia tamb\u00e9m na op\u00e7\u00e3o virtual e l\u00fadica sem esquecer do real, que \u00e9 a Palavra de Deus e o P\u00e3o da Vida\u201d, explicou.<\/p>\n<div class=\"wp-block-aleteia-heading3\" style=\"text-align: justify;\">\n<h3>O metarverso<\/h3>\n<\/div>\n<p style=\"text-align: justify;\">De forma resumida, metaverso \u00e9 uma mistura de realidade aumentada e ambientes virtuais. Trata-se de uma via tecnol\u00f3gica que proporciona experi\u00eancias virtuais, mas com influ\u00eancias da vida real.<\/p>\n<p style=\"text-align: justify;\">Neste ambiente, as pessoas viram avatares, podem se conectar com conhecidos e desconhecidos, jogar, fazer compras, estudar e at\u00e9, como j\u00e1 vimos, ir \u00e0 Missa.<\/p>\n<p style=\"text-align: justify;\">Por ser um ambiente digital, para acess\u00e1-lo s\u00e3o necess\u00e1rios alguns aparatos tecnol\u00f3gicos, como os \u00f3culos de realidade virtual, por exemplo.<\/p>\n<figure class=\"wp-block-embed is-type-video is-provider-youtube wp-block-embed-youtube wp-embed-aspect-16-9 wp-has-aspect-ratio\" data-original=\"false\">\n<div class=\"wp-block-embed__wrapper\"><span class=\"embed-youtube css-1ywgfld\"><span class=\"css-ubwxwi\"><iframe loading=\"lazy\" id=\"youtube_embedded_FyXP8n7yfII\" class=\"youtube-player css-107tt68\" title=\"Missa no Santu\u00e1rio da Vida \u00e9 transmitida pelo Metaverso \u2013 JCTV \u2013 21\/07\/22\" src=\"https:\/\/www.youtube.com\/embed\/FyXP8n7yfII?enablejsapi=1&amp;origin=https%3A%2F%2Fpt.aleteia.org&amp;widgetid=1\" width=\"640\" height=\"360\" frameborder=\"0\" sandbox=\"allow-scripts allow-same-origin allow-popups allow-presentation\" allowfullscreen=\"allowfullscreen\" data-mce-fragment=\"1\"><\/iframe><\/span><\/span><\/div>\n<\/figure>\n<div class=\"wp-block-aleteia-read-also read-also\" data-category=\"Em foco\" data-category-english=\"issues &amp; implications\">\n<figure><\/figure>\n<\/div>\n","protected":false},"excerpt":{"rendered":"<p>Um passo important\u00edssimo para a evangeliza\u00e7\u00e3o neste novo ambiente virtual AMissa do Santu\u00e1rio da Vida, da Rede Vida, estreou no metaverso. A primeira celebra\u00e7\u00e3o neste espa\u00e7o digital aconteceu na quarta-feira, dia 20 de julho, e foi transmitida em tempo real tanto para a TV quanto para o novo ambiente virtual. O Pe. Marcio Tadeu presidiu [&hellip;]<\/p>\n","protected":false},"author":1,"featured_media":74748,"comment_status":"open","ping_status":"closed","sticky":false,"template":"","format":"standard","meta":{"footnotes":""},"categories":[4],"tags":[],"class_list":["post-74747","post","type-post","status-publish","format-standard","has-post-thumbnail","hentry","category-cotidiano"],"_links":{"self":[{"href":"https:\/\/catolicanet.net\/wp-cnet\/wp-json\/wp\/v2\/posts\/74747","targetHints":{"allow":["GET"]}}],"collection":[{"href":"https:\/\/catolicanet.net\/wp-cnet\/wp-json\/wp\/v2\/posts"}],"about":[{"href":"https:\/\/catolicanet.net\/wp-cnet\/wp-json\/wp\/v2\/types\/post"}],"author":[{"embeddable":true,"href":"https:\/\/catolicanet.net\/wp-cnet\/wp-json\/wp\/v2\/users\/1"}],"replies":[{"embeddable":true,"href":"https:\/\/catolicanet.net\/wp-cnet\/wp-json\/wp\/v2\/comments?post=74747"}],"version-history":[{"count":1,"href":"https:\/\/catolicanet.net\/wp-cnet\/wp-json\/wp\/v2\/posts\/74747\/revisions"}],"predecessor-version":[{"id":74749,"href":"https:\/\/catolicanet.net\/wp-cnet\/wp-json\/wp\/v2\/posts\/74747\/revisions\/74749"}],"wp:featuredmedia":[{"embeddable":true,"href":"https:\/\/catolicanet.net\/wp-cnet\/wp-json\/wp\/v2\/media\/74748"}],"wp:attachment":[{"href":"https:\/\/catolicanet.net\/wp-cnet\/wp-json\/wp\/v2\/media?parent=74747"}],"wp:term":[{"taxonomy":"category","embeddable":true,"href":"https:\/\/catolicanet.net\/wp-cnet\/wp-json\/wp\/v2\/categories?post=74747"},{"taxonomy":"post_tag","embeddable":true,"href":"https:\/\/catolicanet.net\/wp-cnet\/wp-json\/wp\/v2\/tags?post=74747"}],"curies":[{"name":"wp","href":"https:\/\/api.w.org\/{rel}","templated":true}]}}