{"id":74694,"date":"2022-07-24T09:39:02","date_gmt":"2022-07-24T12:39:02","guid":{"rendered":"https:\/\/catolicanet.net\/wp-cnet\/?p=74694"},"modified":"2022-07-25T09:49:29","modified_gmt":"2022-07-25T12:49:29","slug":"perigo-do-acumulo","status":"publish","type":"post","link":"https:\/\/catolicanet.net\/wp-cnet\/perigo-do-acumulo\/","title":{"rendered":"Perigo do ac\u00famulo"},"content":{"rendered":"<p style=\"text-align: justify;\">A vida humana se relaciona com os bens materiais, porque eles s\u00e3o essenciais para preserva\u00e7\u00e3o da vida. Mas podem tamb\u00e9m ser causadores de problemas, quando tratados de forma desequilibrada. Dizemos do perigo do ac\u00famulo desnecess\u00e1rio e sem fun\u00e7\u00e3o social, o ter s\u00f3 por ter e sem perspectivas ou objetividade clara para o futuro. A pessoa acaba perdendo o sentido de sua pr\u00f3pria exist\u00eancia.<\/p>\n<p style=\"text-align: justify;\">Bens materiais desnecess\u00e1rios, no desequil\u00edbrio do ac\u00famulo, fazem a pessoa at\u00e9 perder a dimens\u00e3o das \u201ccoisas do alto\u201d e sua vida n\u00e3o ultrapassar o que foi acumulado. \u00c9 justamente aquilo que diz a Palavra de Deus: \u201conde estiver o teu tesouro, a\u00ed estar\u00e1 tamb\u00e9m o teu cora\u00e7\u00e3o\u201d (Mt 6,21). Na pr\u00e1tica, quem acumula, sem a dimens\u00e3o do bem comum, acaba sendo escravo de seus bens terrenos.<\/p>\n<p style=\"text-align: justify;\">Na verdade, o ac\u00famulo de bens materiais \u00e9 uma insensatez, porque n\u00e3o garante uma vida humana longa e verdadeiramente feliz. Isto se agrava ainda mais quando esse ac\u00famulo aconteceu de forma fraudulenta, com explora\u00e7\u00e3o e injusti\u00e7a, afetando a consci\u00eancia e a ess\u00eancia da pessoa, porque falta nela uma sabedoria mais elevada. Ac\u00famulo que pode causar situa\u00e7\u00f5es graves de autoestima e estresse.<\/p>\n<p style=\"text-align: justify;\">Os bens materiais podem causar vaidade, falsa sensa\u00e7\u00e3o de seguran\u00e7a e de estabilidade. N\u00e3o s\u00e3o eles que trazem realiza\u00e7\u00e3o humana e felicidade. Por isto n\u00e3o podemos simplesmente usar de todos os nossos esfor\u00e7os para trabalhar apenas para ajuntar tesouros e depois n\u00e3o poder usufruir. \u00c9 construir fortunas e deix\u00e1-las para outros usar sem nunca ter trabalhado para adquiri-los.<\/p>\n<p style=\"text-align: justify;\">\u00c9 fundamental ter um olhar que vai al\u00e9m dos limites da vida terrena e poder visualizar uma dimens\u00e3o mais s\u00e1bia e duradoura da exist\u00eancia. Temos plena consci\u00eancia de que tudo \u00e9 passageiro. Essa realidade s\u00f3 n\u00e3o acontece com a sabedoria divina, com aquilo que constru\u00edmos de bem comum para valorizar a natureza divinamente constitu\u00edda e projetada para a solidez do futuro.<\/p>\n<p style=\"text-align: justify;\">A eternidade feliz sup\u00f5e ren\u00fancia dos mecanismos do mal, como atitudes ego\u00edstas, de ambi\u00e7\u00e3o, orgulho, injusti\u00e7a, viol\u00eancia e as investidas contra a vida. O caminho \u00e9 desenvolver uma convic\u00e7\u00e3o pessoal de desapego aos bens materiais, da avareza causadora de muitas situa\u00e7\u00f5es de desaven\u00e7as sociais familiares. O ser humano \u00e9 mortal, e no cora\u00e7\u00e3o do homem rico pode n\u00e3o ter espa\u00e7o para Deus.<\/p>\n","protected":false},"excerpt":{"rendered":"<p>A vida humana se relaciona com os bens materiais, porque eles s\u00e3o essenciais para preserva\u00e7\u00e3o da vida. Mas podem tamb\u00e9m ser causadores de problemas, quando tratados de forma desequilibrada. Dizemos do perigo do ac\u00famulo desnecess\u00e1rio e sem fun\u00e7\u00e3o social, o ter s\u00f3 por ter e sem perspectivas ou objetividade clara para o futuro. A pessoa [&hellip;]<\/p>\n","protected":false},"author":11,"featured_media":55820,"comment_status":"open","ping_status":"closed","sticky":false,"template":"","format":"standard","meta":{"footnotes":""},"categories":[9],"tags":[],"class_list":["post-74694","post","type-post","status-publish","format-standard","has-post-thumbnail","hentry","category-artigos"],"_links":{"self":[{"href":"https:\/\/catolicanet.net\/wp-cnet\/wp-json\/wp\/v2\/posts\/74694","targetHints":{"allow":["GET"]}}],"collection":[{"href":"https:\/\/catolicanet.net\/wp-cnet\/wp-json\/wp\/v2\/posts"}],"about":[{"href":"https:\/\/catolicanet.net\/wp-cnet\/wp-json\/wp\/v2\/types\/post"}],"author":[{"embeddable":true,"href":"https:\/\/catolicanet.net\/wp-cnet\/wp-json\/wp\/v2\/users\/11"}],"replies":[{"embeddable":true,"href":"https:\/\/catolicanet.net\/wp-cnet\/wp-json\/wp\/v2\/comments?post=74694"}],"version-history":[{"count":1,"href":"https:\/\/catolicanet.net\/wp-cnet\/wp-json\/wp\/v2\/posts\/74694\/revisions"}],"predecessor-version":[{"id":74695,"href":"https:\/\/catolicanet.net\/wp-cnet\/wp-json\/wp\/v2\/posts\/74694\/revisions\/74695"}],"wp:featuredmedia":[{"embeddable":true,"href":"https:\/\/catolicanet.net\/wp-cnet\/wp-json\/wp\/v2\/media\/55820"}],"wp:attachment":[{"href":"https:\/\/catolicanet.net\/wp-cnet\/wp-json\/wp\/v2\/media?parent=74694"}],"wp:term":[{"taxonomy":"category","embeddable":true,"href":"https:\/\/catolicanet.net\/wp-cnet\/wp-json\/wp\/v2\/categories?post=74694"},{"taxonomy":"post_tag","embeddable":true,"href":"https:\/\/catolicanet.net\/wp-cnet\/wp-json\/wp\/v2\/tags?post=74694"}],"curies":[{"name":"wp","href":"https:\/\/api.w.org\/{rel}","templated":true}]}}