{"id":74672,"date":"2022-07-22T09:35:52","date_gmt":"2022-07-22T12:35:52","guid":{"rendered":"https:\/\/catolicanet.net\/wp-cnet\/?p=74672"},"modified":"2022-07-21T12:36:41","modified_gmt":"2022-07-21T15:36:41","slug":"evangelho-do-17-domingo-24-07-2022-lc-111-13","status":"publish","type":"post","link":"https:\/\/catolicanet.net\/wp-cnet\/evangelho-do-17-domingo-24-07-2022-lc-111-13\/","title":{"rendered":"Evangelho do 17\u00b0 Domingo: 24\/07\/2022. (Lc 11,1-13)"},"content":{"rendered":"<p style=\"text-align: justify;\">Mensagem e contextualiza\u00e7\u00e3o. Vendo Jesus a orar, em certo lugar, os disc\u00edpulos, lhe disseram: \u201cMestre, ensina-nos tamb\u00e9m a orar, como Jo\u00e3o Batista o fez\u201d.\u00a0 Ent\u00e3o Jesus lhes respondeu: v\u00f3s quando orardes, dizei, \u201cPai Abb\u00e1 (Paizinho!) Santificado seja vosso nome&#8230;\u201d A n\u00f3s, hoje: o que haveria de ensinar? Certamente, a mesma ora\u00e7\u00e3o, a mais bela de todas: \u201cPai Nosso&#8230;\u201d<\/p>\n<p style=\"text-align: justify;\"><strong>1\u00b0 <\/strong>Jesus estava orando. Vendo-O, profundamente compenetrado na ora\u00e7\u00e3o, os disc\u00edpulos sentiram, a necessidade de orar, tamb\u00e9m. Para ser bem claro, Jesus n\u00e3o falou muito da ora\u00e7\u00e3o, contudo, sempre mostrou ser um grande orante (Lc 3,21;5-16;11,1.1-4). N\u00f3s, quer me parecer, que mandemos aos outros rezar mais, no entanto, n\u00f3s mesmos, pouco, oramos. N\u00e3o foi isso, que Jesus ensinou. Ele nos mostrou, que orar, \u00e9 dialogar com o Pai. \u00c9 sentir-se filho, abrindo nosso cora\u00e7\u00e3o. Muitos, ainda hoje, se perguntam: quando, como, porque, devemos orar? Jesus n\u00e3o o explica, mas o mostra, orando: Pai, Santificado seja vosso nome&#8230; ( Lc 11.1-4)<\/p>\n<p style=\"text-align: justify;\"><strong>2\u00b0 <\/strong>Orar \u00e9 dialogar com o Pai, na vida, mormente nas dificuldades, amando-O e obedecendo-LHE, como Jesus. N\u00e3o \u00e9 querer dobrar a Deus, para que torne eficazes, nossos desejos: nossa vontade. \u00c9 insistir, isso sim, para que a vontade do Pai Celeste se cumpra, que seu Reino cres\u00e7a, entre n\u00f3s. Repito: que a vontade do Pai Celeste, se realize: hoje, amanh\u00e3 e sempre. Que o nome de Deus seja conhecido, santificado, adorado e respeitado. Na terra, existem muitos Reinos: o do poder, o do dinheiro etc. Mas, nestes a vontade do Pai Celeste, infelizmente, n\u00e3o \u00e9 realizada.<\/p>\n<p style=\"text-align: justify;\"><strong>3\u00b0 <\/strong>Orar? Como? Como Jesus mostrou: sempre. Onde? Nas Igrejas e fora delas. Em todos os ambientes: nos bons, para que aumentem, naqueles maus, para que sejam transformados. Sempre. Ent\u00e3o, n\u00e3o \u00e9 mais necess\u00e1rio trabalhar, nem cuidar das coisas? Decididamente, n\u00e3o! Mas, fazer do trabalho ora\u00e7\u00e3o, do lazer tamb\u00e9m, at\u00e9 do sono. Insistindo, Jesus contou-lhes, a par\u00e1bola do amigo \u201cchato\u201d, que precisava de tr\u00eas p\u00e3es e na calada da noite, importunou o amigo, pedindo-os. Jesus, depois, de ensinar a orar, acentuou a necessidade da perseveran\u00e7a na ora\u00e7\u00e3o. \u00c9, portanto, preciso-perseverar e at\u00e9 insistir na dimens\u00e3o orante da vida.<\/p>\n<p style=\"text-align: justify;\"><strong>4\u00b0 <\/strong>Deus ouve, sempre, a ora\u00e7\u00e3o dos seus filhos, mesmo n\u00e3o concedendo, o que pedem, pois, orar n\u00e3o \u00e9 tentar de amoldar, a vontade de Deus, \u00e0 nossa, mas a nossa \u00e0 de Deus. Entendemos agora? Ent\u00e3o oremos, com f\u00e9, amor e esperan\u00e7a, pois, Deus \u00e9 Pai: Abb\u00e1 (Paizinho!).<\/p>\n<p style=\"text-align: justify;\"><strong>5\u00b0 <\/strong>Comparar a ora\u00e7\u00e3o do \u201cPai Nosso\u201d de (Mt 6,9-15), com a de (Lc 11,1-4). O que notamos? Meditemos&#8230;<\/p>\n<p style=\"text-align: justify;\"><strong>\u00a0<\/strong><\/p>\n<p><strong>\u00a0<\/strong><\/p>\n<p style=\"text-align: center;\"><strong>+ Dom Carmo Jo\u00e3o Rhoden \u2013 SCJ<\/strong><\/p>\n<p style=\"text-align: center;\"><strong>Bispo Em\u00e9rito de Taubat\u00e9 \u2013SP<\/strong><\/p>\n<p style=\"text-align: center;\"><strong>Presidente da Pr\u00f3 Sa\u00fade.<\/strong><\/p>\n<p><strong>\u00a0<\/strong><\/p>\n","protected":false},"excerpt":{"rendered":"<p>Mensagem e contextualiza\u00e7\u00e3o. Vendo Jesus a orar, em certo lugar, os disc\u00edpulos, lhe disseram: \u201cMestre, ensina-nos tamb\u00e9m a orar, como Jo\u00e3o Batista o fez\u201d.\u00a0 Ent\u00e3o Jesus lhes respondeu: v\u00f3s quando orardes, dizei, \u201cPai Abb\u00e1 (Paizinho!) Santificado seja vosso nome&#8230;\u201d A n\u00f3s, hoje: o que haveria de ensinar? Certamente, a mesma ora\u00e7\u00e3o, a mais bela de [&hellip;]<\/p>\n","protected":false},"author":1,"featured_media":55814,"comment_status":"open","ping_status":"closed","sticky":false,"template":"","format":"standard","meta":{"footnotes":""},"categories":[9],"tags":[],"class_list":["post-74672","post","type-post","status-publish","format-standard","has-post-thumbnail","hentry","category-artigos"],"_links":{"self":[{"href":"https:\/\/catolicanet.net\/wp-cnet\/wp-json\/wp\/v2\/posts\/74672","targetHints":{"allow":["GET"]}}],"collection":[{"href":"https:\/\/catolicanet.net\/wp-cnet\/wp-json\/wp\/v2\/posts"}],"about":[{"href":"https:\/\/catolicanet.net\/wp-cnet\/wp-json\/wp\/v2\/types\/post"}],"author":[{"embeddable":true,"href":"https:\/\/catolicanet.net\/wp-cnet\/wp-json\/wp\/v2\/users\/1"}],"replies":[{"embeddable":true,"href":"https:\/\/catolicanet.net\/wp-cnet\/wp-json\/wp\/v2\/comments?post=74672"}],"version-history":[{"count":1,"href":"https:\/\/catolicanet.net\/wp-cnet\/wp-json\/wp\/v2\/posts\/74672\/revisions"}],"predecessor-version":[{"id":74673,"href":"https:\/\/catolicanet.net\/wp-cnet\/wp-json\/wp\/v2\/posts\/74672\/revisions\/74673"}],"wp:featuredmedia":[{"embeddable":true,"href":"https:\/\/catolicanet.net\/wp-cnet\/wp-json\/wp\/v2\/media\/55814"}],"wp:attachment":[{"href":"https:\/\/catolicanet.net\/wp-cnet\/wp-json\/wp\/v2\/media?parent=74672"}],"wp:term":[{"taxonomy":"category","embeddable":true,"href":"https:\/\/catolicanet.net\/wp-cnet\/wp-json\/wp\/v2\/categories?post=74672"},{"taxonomy":"post_tag","embeddable":true,"href":"https:\/\/catolicanet.net\/wp-cnet\/wp-json\/wp\/v2\/tags?post=74672"}],"curies":[{"name":"wp","href":"https:\/\/api.w.org\/{rel}","templated":true}]}}